{"id":9883,"date":"2015-09-28T07:59:59","date_gmt":"2015-09-28T12:59:59","guid":{"rendered":"https:\/\/www.uv.mx\/universo\/?p=9883"},"modified":"2015-10-26T19:20:52","modified_gmt":"2015-10-27T01:20:52","slug":"9883","status":"publish","type":"post","link":"https:\/\/www.uv.mx\/universo\/general\/9883\/","title":{"rendered":"Di\u00e1logo, v\u00eda para lograr la paz"},"content":{"rendered":"<div class=\"seriesmeta noshow\">Contenido 1 de 46 del n\u00famero <a href=\"https:\/\/www.uv.mx\/universo\/numero\/612\/\" class=\"series-364\" title=\"612\">612<\/a><\/div>\r\n\n\t\t<style type=\"text\/css\">\n\t\t\t#gallery-1 {\n\t\t\t\tmargin: auto;\n\t\t\t}\n\t\t\t#gallery-1 .gallery-item {\n\t\t\t\tfloat: left;\n\t\t\t\tmargin-top: 10px;\n\t\t\t\ttext-align: center;\n\t\t\t\twidth: 25%;\n\t\t\t}\n\t\t\t#gallery-1 img {\n\t\t\t\tborder: 2px solid #cfcfcf;\n\t\t\t}\n\t\t\t#gallery-1 .gallery-caption {\n\t\t\t\tmargin-left: 0;\n\t\t\t}\n\t\t\t\/* see gallery_shortcode() in wp-includes\/media.php *\/\n\t\t<\/style>\n\t\t<div id='gallery-1' class='gallery galleryid-9883 gallery-columns-4 gallery-size-medium'><dl class='gallery-item'>\n\t\t\t<dt class='gallery-icon landscape'>\n\t\t\t\t<a href='https:\/\/www.uv.mx\/universo\/files\/2015\/10\/Universo-612_Temis_014.jpg'><img width=\"300\" height=\"200\" src=\"https:\/\/www.uv.mx\/universo\/files\/2015\/10\/Universo-612_Temis_014-300x200.jpg\" class=\"attachment-medium size-medium\" alt=\"Sara Ladr\u00f3n de Guevara inaugur\u00f3 los &quot;Di\u00e1logos interdisciplinarios por la paz&quot;\" decoding=\"async\" loading=\"lazy\" aria-describedby=\"gallery-1-9844\" srcset=\"https:\/\/www.uv.mx\/universo\/files\/2015\/10\/Universo-612_Temis_014-300x200.jpg 300w, https:\/\/www.uv.mx\/universo\/files\/2015\/10\/Universo-612_Temis_014.jpg 722w\" sizes=\"(max-width: 300px) 100vw, 300px\" \/><\/a>\n\t\t\t<\/dt>\n\t\t\t\t<dd class='wp-caption-text gallery-caption' id='gallery-1-9844'>\n\t\t\t\tSara Ladr\u00f3n de Guevara inaugur\u00f3 los \u00abDi\u00e1logos interdisciplinarios por la paz\u00bb\n\t\t\t\t<\/dd><\/dl><dl class='gallery-item'>\n\t\t\t<dt class='gallery-icon portrait'>\n\t\t\t\t<a href='https:\/\/www.uv.mx\/universo\/files\/2015\/10\/Universo-612_Temis_015.jpg'><img width=\"200\" height=\"300\" src=\"https:\/\/www.uv.mx\/universo\/files\/2015\/10\/Universo-612_Temis_015-200x300.jpg\" class=\"attachment-medium size-medium\" alt=\"Alberto Olvera\" decoding=\"async\" loading=\"lazy\" aria-describedby=\"gallery-1-9845\" srcset=\"https:\/\/www.uv.mx\/universo\/files\/2015\/10\/Universo-612_Temis_015-200x300.jpg 200w, https:\/\/www.uv.mx\/universo\/files\/2015\/10\/Universo-612_Temis_015.jpg 481w\" sizes=\"(max-width: 200px) 100vw, 200px\" \/><\/a>\n\t\t\t<\/dt>\n\t\t\t\t<dd class='wp-caption-text gallery-caption' id='gallery-1-9845'>\n\t\t\t\tAlberto Olvera\n\t\t\t\t<\/dd><\/dl><dl class='gallery-item'>\n\t\t\t<dt class='gallery-icon landscape'>\n\t\t\t\t<a href='https:\/\/www.uv.mx\/universo\/files\/2015\/10\/Universo-612_Temis_016.jpg'><img width=\"300\" height=\"246\" src=\"https:\/\/www.uv.mx\/universo\/files\/2015\/10\/Universo-612_Temis_016-300x246.jpg\" class=\"attachment-medium size-medium\" alt=\"Mardonio Carballo\" decoding=\"async\" loading=\"lazy\" aria-describedby=\"gallery-1-9846\" srcset=\"https:\/\/www.uv.mx\/universo\/files\/2015\/10\/Universo-612_Temis_016-300x246.jpg 300w, https:\/\/www.uv.mx\/universo\/files\/2015\/10\/Universo-612_Temis_016.jpg 722w\" sizes=\"(max-width: 300px) 100vw, 300px\" \/><\/a>\n\t\t\t<\/dt>\n\t\t\t\t<dd class='wp-caption-text gallery-caption' id='gallery-1-9846'>\n\t\t\t\tMardonio Carballo\n\t\t\t\t<\/dd><\/dl><dl class='gallery-item'>\n\t\t\t<dt class='gallery-icon portrait'>\n\t\t\t\t<a href='https:\/\/www.uv.mx\/universo\/files\/2015\/10\/Universo-612_Temis_017.jpg'><img width=\"200\" height=\"300\" src=\"https:\/\/www.uv.mx\/universo\/files\/2015\/10\/Universo-612_Temis_017-200x300.jpg\" class=\"attachment-medium size-medium\" alt=\"Jaqueline Jongitud\" decoding=\"async\" loading=\"lazy\" aria-describedby=\"gallery-1-9847\" srcset=\"https:\/\/www.uv.mx\/universo\/files\/2015\/10\/Universo-612_Temis_017-200x300.jpg 200w, https:\/\/www.uv.mx\/universo\/files\/2015\/10\/Universo-612_Temis_017.jpg 482w\" sizes=\"(max-width: 200px) 100vw, 200px\" \/><\/a>\n\t\t\t<\/dt>\n\t\t\t\t<dd class='wp-caption-text gallery-caption' id='gallery-1-9847'>\n\t\t\t\tJaqueline Jongitud\n\t\t\t\t<\/dd><\/dl><br style=\"clear: both\" \/><dl class='gallery-item'>\n\t\t\t<dt class='gallery-icon portrait'>\n\t\t\t\t<a href='https:\/\/www.uv.mx\/universo\/files\/2015\/10\/Universo-612_Temis_018.jpg'><img width=\"200\" height=\"300\" src=\"https:\/\/www.uv.mx\/universo\/files\/2015\/10\/Universo-612_Temis_018-200x300.jpg\" class=\"attachment-medium size-medium\" alt=\"Fernanda Melchor\" decoding=\"async\" loading=\"lazy\" aria-describedby=\"gallery-1-9848\" srcset=\"https:\/\/www.uv.mx\/universo\/files\/2015\/10\/Universo-612_Temis_018-200x300.jpg 200w, https:\/\/www.uv.mx\/universo\/files\/2015\/10\/Universo-612_Temis_018.jpg 482w\" sizes=\"(max-width: 200px) 100vw, 200px\" \/><\/a>\n\t\t\t<\/dt>\n\t\t\t\t<dd class='wp-caption-text gallery-caption' id='gallery-1-9848'>\n\t\t\t\tFernanda Melchor\n\t\t\t\t<\/dd><\/dl><dl class='gallery-item'>\n\t\t\t<dt class='gallery-icon portrait'>\n\t\t\t\t<a href='https:\/\/www.uv.mx\/universo\/files\/2015\/10\/Universo-612_Temis_019.jpg'><img width=\"200\" height=\"300\" src=\"https:\/\/www.uv.mx\/universo\/files\/2015\/10\/Universo-612_Temis_019-200x300.jpg\" class=\"attachment-medium size-medium\" alt=\"Diego Enrique Osorno\" decoding=\"async\" loading=\"lazy\" aria-describedby=\"gallery-1-9849\" srcset=\"https:\/\/www.uv.mx\/universo\/files\/2015\/10\/Universo-612_Temis_019-200x300.jpg 200w, https:\/\/www.uv.mx\/universo\/files\/2015\/10\/Universo-612_Temis_019.jpg 482w\" sizes=\"(max-width: 200px) 100vw, 200px\" \/><\/a>\n\t\t\t<\/dt>\n\t\t\t\t<dd class='wp-caption-text gallery-caption' id='gallery-1-9849'>\n\t\t\t\tDiego Enrique Osorno\n\t\t\t\t<\/dd><\/dl><dl class='gallery-item'>\n\t\t\t<dt class='gallery-icon portrait'>\n\t\t\t\t<a href='https:\/\/www.uv.mx\/universo\/files\/2015\/10\/Universo-612_Temis_020.jpg'><img width=\"200\" height=\"300\" src=\"https:\/\/www.uv.mx\/universo\/files\/2015\/10\/Universo-612_Temis_020-200x300.jpg\" class=\"attachment-medium size-medium\" alt=\"Eduardo Parra\" decoding=\"async\" loading=\"lazy\" aria-describedby=\"gallery-1-9850\" srcset=\"https:\/\/www.uv.mx\/universo\/files\/2015\/10\/Universo-612_Temis_020-200x300.jpg 200w, https:\/\/www.uv.mx\/universo\/files\/2015\/10\/Universo-612_Temis_020.jpg 482w\" sizes=\"(max-width: 200px) 100vw, 200px\" \/><\/a>\n\t\t\t<\/dt>\n\t\t\t\t<dd class='wp-caption-text gallery-caption' id='gallery-1-9850'>\n\t\t\t\tEduardo Parra\n\t\t\t\t<\/dd><\/dl>\n\t\t\t<br style='clear: both' \/>\n\t\t<\/div>\n\n<p><em>\u00abDi\u00e1logo, v\u00eda para lograr la paz\u00bb: Rectora<\/em><\/p>\n<p><em>Acad\u00e9micos, escritores y activistas participaron en los \u00abDi\u00e1logos interdisciplinarios por la paz\u00bb<\/em><\/p>\n<p><span style=\"font-size: 8pt\"><strong>Redacci\u00f3n Universo<\/strong><\/span><\/p>\n<p>La comunidad de la Universidad Veracruzana (UV) le apuesta a la construcci\u00f3n de la paz desde el di\u00e1logo y la razonabilidad, destac\u00f3 la rectora Sara Ladr\u00f3n de Guevara al inaugurar los \u00abDi\u00e1logos interdisciplinarios por la paz\u00bb, que iniciaron el lunes 21 de septiembre en el Museo de Antropolog\u00eda de Xalapa (MAX) y concluyeron el s\u00e1bado 26 del mismo mes.<\/p>\n<p>\u00abEl futuro es un horizonte que nos gu\u00eda y nos orienta; es visible, pero inalcanzable. Hoy estamos aqu\u00ed para hablar del futuro, para preguntarnos qu\u00e9 es lo que nos espera en ese horizonte, y hasta d\u00f3nde queremos avanzar. Como personas, como sociedad, como humanidad, hoy ponemos en ese horizonte a la paz.\u00bb<\/p>\n<p>Ladr\u00f3n de Guevara dej\u00f3 en claro que en el caso de la construcci\u00f3n de la paz, el fin no justifica los medios, y \u00e9stos deben ser pac\u00edficos y por la senda de la no violencia: \u00abLos linderos de nuestro camino los engalana la raz\u00f3n, pero no una raz\u00f3n instrumental, sino po\u00e9tica: la raz\u00f3n instrumental \u2013recordemos a Theodor Adorno\u2013 hace del otro un objeto, una mercanc\u00eda, una cosa\u00bb.<\/p>\n<p>Es m\u00e1s, enfatiz\u00f3 que para la comunidad universitaria e intelectual, la construcci\u00f3n de la paz es \u00abun quehacer po\u00e9tico. La paz es poiesis, es acci\u00f3n creativa humana, es un camino que no est\u00e1 hecho, sino que se hace al andar.<\/p>\n<p>\u00abDi\u00e1logo, di\u00e1logo, di\u00e1logo \u2013reiter\u00f3\u2013, es la v\u00eda que la Universidad Veracruzana invita a transitar para alcanzar la paz y dentro de una cultura de paz, que se expresa en estos di\u00e1logos interdisciplinarios como un esfuerzo conjunto, plural y diverso por seguir en este nuestro caminar, a pesar de las dificultades. A un a\u00f1o de Ayotzinapa seguimos en la senda del di\u00e1logo, de la persuasi\u00f3n de los argumentos y de la esperanza de que es posible construir una sociedad pac\u00edfica y justa.\u00bb<\/p>\n<p>Enseguida de la inauguraci\u00f3n formal, Mar\u00eda Jos\u00e9 Cano P\u00e9rez, de la Universidad de Granada, imparti\u00f3 la conferencia magistral \u00abCultura, conflictos y paz\u00bb.<\/p>\n<p>La fil\u00f3loga subray\u00f3, entre otras ideas, la responsabilidad que tienen las universidades \u2013sobre todo las p\u00fablicas\u2013, as\u00ed como quienes ejercen la docencia, no s\u00f3lo de transmitir el conocimiento sino tambi\u00e9n valores y una cultura de paz.<\/p>\n<p><strong>\u00abVeracruz vive crisis de derechos humanos\u00bb: Alberto Olvera<\/strong><br \/>\nEn Veracruz se vive una crisis de derechos humanos, como lo indican los m\u00faltiples pendientes de justicia y casos por resolver que hay en la entidad, mencion\u00f3 Alberto Olvera Rivera, investigador adscrito al Instituto de Investigaciones Hist\u00f3rico-Sociales (IIH-S), al participar como moderador en la Mesa \u00abPeriodismo\u00bb, junto a los periodistas Norma Trujillo, No\u00e9 Zavaleta e Ignacio Carvajal.<\/p>\n<p>Olvera Rivera agreg\u00f3: \u00abEn poco tiempo tendremos que contar con nuestra propia comisi\u00f3n de la verdad para todos los asuntos pendientes y no resueltos en Veracruz. Esto nos indica que nos queda mucho por aprender de experiencias similares en otros pa\u00edses, que han pasado por traumas sociales como los que hoy nos toca vivir\u00bb.<\/p>\n<p>Aunque es necesario que la sociedad veracruzana se movilice, mencion\u00f3, lo cierto es que en el estado no se tiene una tradici\u00f3n de movilizaci\u00f3n pol\u00edtica ni p\u00fablica, y la Universidad no es la excepci\u00f3n a pesar de existir sectores preocupados por las circunstancias que vivimos a nivel estatal y nacional.<\/p>\n<p>Ignacio Carvajal, quien trabaja en Liberal del Sur y colabora en el Blog Expediente y Plumas Libres, lament\u00f3 que cuando un periodista es amenazado se a\u00edsla del resto de sus compa\u00f1eros y las primeras en abandonarlos son las empresas\u00a0donde laboran.<\/p>\n<p>\u00abAl no tener la capacidad para respaldar a sus colaboradores, no hay nadie que te ayude. Nos hemos tenido que rascar con nuestras propias u\u00f1as para enfrentar situaciones a las que no est\u00e1bamos acostumbrados\u00bb, reiter\u00f3 No\u00e9 Zavaleta, corresponsal de Proceso en el estado.<\/p>\n<p>\u00abEl miedo est\u00e1 presente todos los d\u00edas, en todo momento. Fue a partir de 2012 que conocimos las acciones y medidas de seguridad para los periodistas\u00bb, extern\u00f3 Norma Trujillo.<\/p>\n<p>\u00abLa paz se construye entre pares\u00bb: Mardonio Carballo<br \/>\nEn las jornadas tambi\u00e9n particip\u00f3 el activista Mardonio Carballo, quien llam\u00f3 a no callar y alzar la voz, pues<br \/>\nes la \u00fanica forma de lograr ciudadan\u00eda.<\/p>\n<p>El escritor comparti\u00f3 que es imposible hablar de paz en un pa\u00eds tan violento y corrupto, donde se infringen derechos todos los d\u00edas.<\/p>\n<p>Record\u00f3 que incluso \u00e9l fue v\u00edctima de amenazas y hostigamiento hace nueve a\u00f1os, cuando document\u00f3 el trabajo infantil ind\u00edgena en campos del estado de Sinaloa. Relat\u00f3 que fue una etapa aterradora en la que no pudo asomarse a la ventana ni prender la luz de su departamento durante un mes.<\/p>\n<p>En el auditorio del MAX, el autor de Las plumas de la serpiente reiter\u00f3 que la frase \u00abNo nos callar\u00e1n\u00bb, es la \u00fanica forma que tenemos para construir la ciudadan\u00eda.<\/p>\n<p>\u00abLa paz se va construyendo entre pares, hombres, mujeres, ni\u00f1os y ancianos, pobres y no pobres; la paz se construye no dejando que haya violencia hacia el otro, unos van al frente pero hay otros que los cuidamos\u00bb puntualiz\u00f3.<\/p>\n<p><strong>\u00abEl feminismo es una acci\u00f3n de paz\u00bb: Garc\u00eda Oramas<\/strong><br \/>\nLa Galer\u00eda AP de la Facultad de Artes Pl\u00e1sticas alberg\u00f3 la Mesa \u00abG\u00e9nero\u00bb, en la que participaron Mar\u00eda Jos\u00e9 Garc\u00eda Oramas, titular de la Coordinaci\u00f3n de la Unidad de G\u00e9nero; la soci\u00f3loga Mayabel Ranero Castro y la coordinadora del Centro de Estudios de G\u00e9nero, Mar\u00eda Eugenia Guadarrama Olivera.<\/p>\n<p>Mayabel Ranero expuso la necesidad de reflexionar acerca de la normalizaci\u00f3n de la violencia de g\u00e9nero: \u00abSon pr\u00e1cticas que no se deben seguir reproduciendo y tenemos que enmarcarlo, ya que estas violencias espec\u00edficas hacia las mujeres no han dejado de reproducirse en todos los contextos y llegan a hacerse cotidianas\u00bb.<\/p>\n<p>Por su parte, Garc\u00eda Oramas dijo que la UV no est\u00e1 ajena a las pr\u00e1cticas de agresi\u00f3n hacia la mujer y que se han hecho cotidianas, por lo que reiter\u00f3 que en la entidad que ella preside est\u00e1n creando instrumentos que se apeguen a las leyes universitarias: \u00abGeneramos un reglamento de igualdad que se someter\u00e1 a votaci\u00f3n en el Consejo Universitario General, de aprobarse seremos la primera universidad con un marco legal de esta naturaleza\u00bb.<\/p>\n<p>Mar\u00eda Eugenia Guadarrama coincidi\u00f3 en que uno de los principales retos actuales del feminismo es reconocer las<br \/>\npr\u00e1cticas violentas que se han naturalizado y que pasan como cotidianas y normales.<\/p>\n<p><strong>Violencia contra las mujeres, invisible en medios y sociedad<\/strong><br \/>\nEn la sociedad y en los medios de comunicaci\u00f3n persiste una invisibilizaci\u00f3n de los cr\u00edmenes contra las mujeres, coincidieron en se\u00f1alar investigadoras de la Universidad Aut\u00f3noma de Granada, Espa\u00f1a, y la UV, al participar en la Mesa \u00abAntropolog\u00eda\u00bb, realizada en la Unidad de Servicios Bibliotecarios y de Informaci\u00f3n (USBI).<\/p>\n<p>Mar\u00eda Jos\u00e9 Cano P\u00e9rez y Estela Casados Gonz\u00e1lez, acad\u00e9mica de la Facultad de Antropolog\u00eda e investigadora del Centro de Estudios de G\u00e9nero, dedicaron su participaci\u00f3n a la memoria de la activista Nadia Vera, egresada de la misma Facultad y quien fuera asesinada el 31 de julio en la Ciudad de M\u00e9xico.<\/p>\n<p>Casados Gonz\u00e1lez explic\u00f3 que \u00abse invisibiliza y se subestima respecto a los cr\u00edmenes cometidos contra diversos sectores de la sociedad\u00bb, esto no nos permite tener los elementos para construir la paz.<\/p>\n<p>Mar\u00eda Jos\u00e9 Cano solicit\u00f3 dedicar la sesi\u00f3n a la activista Nadia Vera, y recalc\u00f3 que \u00abla violencia de g\u00e9nero la encontramos pr\u00e1cticamente en todas las culturas\u00bb, por lo que cuestion\u00f3 si solamente afecta a las mujeres o afecta a la totalidad.<\/p>\n<p><strong>El derecho, instrumento para limitar o legitimar injusticias<\/strong><br \/>\nEn la tercera jornada se llev\u00f3 a cabo la Mesa \u00abDerecho\u00bb, en la cual participaron Jaqueline Jongitud Zamora y Ana Gamboa, investigadoras del Centro de Estudios Sobre Derecho, Globalizaci\u00f3n y Seguridad (Cedegs), y Lucy Velasco Hern\u00e1ndez, defensora adjunta de la Defensor\u00eda de los Derechos Universitarios.<\/p>\n<p>Jaqueline Jongitud habl\u00f3 de la corrupci\u00f3n y dijo que M\u00e9xico presenta uno de los \u00edndices m\u00e1s elevados. \u00abA lo largo de la historia, el Derecho ha sido tanto un instrumento para poner l\u00edmites al poder, como un medio para legitimar barbaridades e injusticias\u00bb, expres\u00f3.<\/p>\n<p>Ana Gamboa conden\u00f3 la falta de garant\u00edas de seguridad ante la situaci\u00f3n que se vive en la actualidad y asegur\u00f3 que en gran medida esto se debe a la incorrecta interpretaci\u00f3n de las sanciones en esta materia: \u00abCombatir los delitos con represi\u00f3n ha generado una guerra, que es leg\u00edtimamente la defensa de la seguridad de quienes no estamos enfrente\u00bb a pesar de una situaci\u00f3n que nos involucra en el conflicto envolvente de la inseguridad.<\/p>\n<p>Lucy Velasco expres\u00f3 que todos los integrantes de la sociedad tienen una responsabilidad compartida de crear un futuro mejor, mediante la consolidaci\u00f3n de la paz. \u00abEs as\u00ed como la Defensor\u00eda de los Derechos Universitarios se vuelve part\u00edcipe y sujeto activo responsable de crear un futuro en nuestra m\u00e1xima casa de estudios, cuyos cimientos sean<br \/>\nla paz entre los miembros de la comunidad universitaria.<\/p>\n<p><strong>Contar la violencia\u00a0<\/strong><br \/>\nLos cronistas Diego Enrique Osorno, Fernanda Melchor, Daniela Rea y Josefina Estrada tambi\u00e9n participaron de este encuentro, durante el cual destacaron que para poder describir los estragos que la violencia provoca es fundamental escuchar a las v\u00edctimas de la violencia y conocer en persona sus contextos.<\/p>\n<p>Para Diego Osorno, el periodismo m\u00e1s que un oficio, profesi\u00f3n o negocio, debe ser una v\u00eda para tratar de cambiar las cosas. En su caso, es un estilo de vida que abraz\u00f3 desde los 15 a\u00f1os y que ha construido con base en cientos de experiencias. \u00abYo viajo a lugares a los que la gente no tiene que ir y narro lo que veo ah\u00ed\u00bb, comparti\u00f3.<\/p>\n<p>Fernanda Melchor, quien es egresada de esta casa de estudios y ha destacado como escritora y cronista, dijo que la violencia es parte indiscutible de la experiencia humana, aunque en los \u00faltimos a\u00f1os se ha convertido en un espect\u00e1culo.<\/p>\n<p>Tal situaci\u00f3n puede hacer pensar que no se puede cambiar lo que sucede, pero se olvida que \u00ablo que nos hace humanos es esa capacidad de cambiar\u00bb.<\/p>\n<p>En su participaci\u00f3n, Daniela Rea, integrante del colectivo \u00abPeriodistas de a pie\u00bb, sostuvo que en la actualidad es dif\u00edcil hablar de periodismo sin hablar de violencia. En ese sentido, la cr\u00f3nica permite recuperar la palabra y hablar de lo que no se puede hablar.<\/p>\n<p>Daniela, quien al igual que Fernanda estudi\u00f3 en la Facultad de Comunicaci\u00f3n de la UV, cuestion\u00f3 la posici\u00f3n de la Universidad y de los universitarios frente a la violencia. \u00abD\u00f3nde estaba la Universidad cuando tanta falta hac\u00eda\u00bb, expres\u00f3 tras sugerir la necesidad de proyectos estudiantiles de apoyo y de informaci\u00f3n ante los efectos secundarios que los m\u00faltiples cr\u00edmenes han ocasionado.<\/p>\n<p>Por su parte, Silvia P\u00e9rez Esperanza, Alejandro Solano Villanueva y Riccardo Pace abordaron, desde una perspectiva literaria, c\u00f3mo la cr\u00f3nica se ha convertido en un recurso para tratar de entender esta realidad violenta.<\/p>\n<p><strong>Escritores norte\u00f1os no s\u00f3lo escriben sobre el narco<\/strong><br \/>\nAfirmar que los escritores norte\u00f1os s\u00f3lo escriben sobre el narco es un error, expres\u00f3 el escritor Eduardo Parra al mencionar la obra Norte. Una antolog\u00eda, la cual recopila narraciones orientadas al p\u00fablico juvenil, durante la charla realizada en las instalaciones de la Direcci\u00f3n General de Desarrollo Acad\u00e9mico e Innovaci\u00f3n Educativa.<\/p>\n<p>\u00abEn la identidad narrativa del norte el paisaje est\u00e1 muy presente, as\u00ed como la movilidad de los personajes, \u00e9stos act\u00faan m\u00e1s que hablar, recogiendo y amalgamando el lenguaje de la calle\u00bb, agreg\u00f3 el escritor.<\/p>\n<p>La literatura dirigida hacia el p\u00fablico infantil se encuentra muy industrializada, y el ni\u00f1o lector puede perderse al llegar a la adolescencia, opin\u00f3 Magali Velasco, acad\u00e9mica de la Facultad de Letras Espa\u00f1olas, por lo cual la elaboraci\u00f3n de obras como Norte. Una antolog\u00eda, dirigidas al p\u00fablico juvenil, son de suma importancia.<\/p>\n","protected":false},"excerpt":{"rendered":"<p>La comunidad de la Universidad Veracruzana (UV) le apuesta a la construcci\u00f3n de la paz desde el di\u00e1logo y la razonabilidad, destac\u00f3 la rectora Sara Ladr\u00f3n de Guevara al inaugurar los \u00abDi\u00e1logos interdisciplinarios por la paz\u00bb, que iniciaron el lunes 21 de septiembre en el Museo de Antropolog\u00eda de Xalapa (MAX) y concluyeron el s\u00e1bado 26 del mismo mes.<\/p>\n\r\n<div class=\"seriesmeta\">Contenido 1 de 46 del n\u00famero <a href=\"https:\/\/www.uv.mx\/universo\/numero\/612\/\" class=\"series-364\" title=\"612\">612<\/a><\/div>","protected":false},"author":1664,"featured_media":10507,"comment_status":"closed","ping_status":"closed","sticky":false,"template":"","format":"standard","meta":[],"categories":[278,1],"tags":[],"series":[364],"_links":{"self":[{"href":"https:\/\/www.uv.mx\/universo\/wp-json\/wp\/v2\/posts\/9883"}],"collection":[{"href":"https:\/\/www.uv.mx\/universo\/wp-json\/wp\/v2\/posts"}],"about":[{"href":"https:\/\/www.uv.mx\/universo\/wp-json\/wp\/v2\/types\/post"}],"author":[{"embeddable":true,"href":"https:\/\/www.uv.mx\/universo\/wp-json\/wp\/v2\/users\/1664"}],"replies":[{"embeddable":true,"href":"https:\/\/www.uv.mx\/universo\/wp-json\/wp\/v2\/comments?post=9883"}],"version-history":[{"count":0,"href":"https:\/\/www.uv.mx\/universo\/wp-json\/wp\/v2\/posts\/9883\/revisions"}],"wp:featuredmedia":[{"embeddable":true,"href":"https:\/\/www.uv.mx\/universo\/wp-json\/wp\/v2\/media\/10507"}],"wp:attachment":[{"href":"https:\/\/www.uv.mx\/universo\/wp-json\/wp\/v2\/media?parent=9883"}],"wp:term":[{"taxonomy":"category","embeddable":true,"href":"https:\/\/www.uv.mx\/universo\/wp-json\/wp\/v2\/categories?post=9883"},{"taxonomy":"post_tag","embeddable":true,"href":"https:\/\/www.uv.mx\/universo\/wp-json\/wp\/v2\/tags?post=9883"},{"taxonomy":"series","embeddable":true,"href":"https:\/\/www.uv.mx\/universo\/wp-json\/wp\/v2\/series?post=9883"}],"curies":[{"name":"wp","href":"https:\/\/api.w.org\/{rel}","templated":true}]}}