{"id":6366,"date":"2014-11-10T07:59:33","date_gmt":"2014-11-10T13:59:33","guid":{"rendered":"https:\/\/www.uv.mx\/universo\/?p=6366"},"modified":"2016-01-04T16:23:46","modified_gmt":"2016-01-04T22:23:46","slug":"especialistas-hablaran-de-diabetes","status":"publish","type":"post","link":"https:\/\/www.uv.mx\/universo\/general\/especialistas-hablaran-de-diabetes\/","title":{"rendered":"Especialistas hablar\u00e1n de diabetes"},"content":{"rendered":"<div class=\"pps-series-post-details pps-series-post-details-variant-classic pps-series-post-details-25529\" data-series-id=\"340\"><div class=\"pps-series-meta-content\"><div class=\"pps-series-meta-text\">Esta entrada es parte 27 de 49 en la serie <a href=\"https:\/\/www.uv.mx\/universo\/numero\/581\/\">581<\/a><\/div><\/div><\/div><div id=\"attachment_6279\" style=\"width: 209px\" class=\"wp-caption alignright\"><a href=\"https:\/\/www.uv.mx\/universo\/files\/2015\/05\/Temis_Universo-581_0026.jpg\"><img loading=\"lazy\" decoding=\"async\" aria-describedby=\"caption-attachment-6279\" class=\"size-medium wp-image-6279\" src=\"https:\/\/www.uv.mx\/universo\/files\/2015\/05\/Temis_Universo-581_0026-199x300.jpg\" alt=\"Roberto Zenteno\" width=\"199\" height=\"300\" srcset=\"https:\/\/www.uv.mx\/universo\/files\/2015\/05\/Temis_Universo-581_0026-199x300.jpg 199w, https:\/\/www.uv.mx\/universo\/files\/2015\/05\/Temis_Universo-581_0026.jpg 478w\" sizes=\"auto, (max-width: 199px) 100vw, 199px\" \/><\/a><p id=\"caption-attachment-6279\" class=\"wp-caption-text\">Roberto Zenteno<\/p><\/div>\n<p><em>Realizar\u00e1n el Simposio \u201cEnfoque multidisciplinario de la diabetes\u201d el 13 de noviembre en la Sala \u201cCarlos Fuentes Lemus\u201d de la USBI<\/em><\/p>\n<p><span style=\"font-size: 8pt\"><strong>Adriana Vivanco\u00a0<\/strong><\/span><\/p>\n<p>El Instituto de Investigaciones Biol\u00f3gicas y el cuerpo acad\u00e9mico Psicolog\u00eda, Salud y Sociedad realizar\u00e1n el Simposio \u201cEnfoque multidisciplinario de la diabetes\u201d el 13 de noviembre en la Sala \u201cCarlos Fuentes Lemus\u201d de la Unidad de Servicios Bibliotecarios y de Informaci\u00f3n de Xalapa.<\/p>\n<p>El programa iniciar\u00e1 a las 9:30 horas con la bienvenida y la intervenci\u00f3n de Roberto Zenteno Cuevas, del Instituto de Salud P\u00fablica (ISP), quien expondr\u00e1 \u201cEl impacto de la diabetes mellitus tipo 2 en el desarrollo epidemiol\u00f3gico de la tuberculosis\u201d, seguida de la colaboraci\u00f3n de Alejandro Ram\u00edrez Morales, del ISSSTE, quien ahondar\u00e1 en los temas \u201cEstilos de vida y diabetes\u201d.<\/p>\n<p>A las 11:15 horas, Yolanda Campos Uscanga, del Instituto de Salud P\u00fablica, presentar\u00e1 la charla \u201cAportes de la psicolog\u00eda al cambio de h\u00e1bitos en el abordaje de s\u00edndrome metab\u00f3lico\u201d, y se ofrecer\u00e1 el taller \u201cObservando mis h\u00e1bitos: viviendo el presente y dise\u00f1ando el futuro\u201d.<\/p>\n<p>Por la tarde, a las 16:30 horas continuar\u00e1n las actividades con la conferencia \u201cServicios de Salud de Veracruz: logros y desaf\u00edos de las enfermedades cr\u00f3nicas no transmisibles\u201d, impartida por Anayeli Garc\u00eda Hern\u00e1ndez, integrante de los Servicios de Salud de Veracruz.<\/p>\n<p>Rafael L\u00f3pez Cruz, colaborador de Medicina Interna y Endocrinolog\u00eda del Centro de Especialidades M\u00e9dicas del Estado de Veracruz, explicar\u00e1 \u201c\u00bfCu\u00e1les son las complicaciones de la diabetes y c\u00f3mo prevenirlas?\u201d, a las 17:00 horas; seguido de Jorge Cornejo Garrido, de la Escuela de Medicina y Homeopat\u00eda del Instituto Polit\u00e9cnico Nacional, quien presentar\u00e1 la conferencia \u201cEstudio de terapias alternativas en el tratamiento de diabetes inducida con estreptozotocina\u201d.<\/p>\n<p>Adriana Monroy Guzm\u00e1n, del Hospital General de M\u00e9xico, ofrecer\u00e1 la conferencia magistral \u201cCl\u00ednica de prediabetes\u201d, con la que concluir\u00e1 el evento.<\/p>\n<p>Cabe destacar que aunque el evento est\u00e1 dirigido a especialistas del sector salud, las actividades estar\u00e1n abiertas a todo p\u00fablico ya que el objetivo fundamental del mismo es promover una reflexi\u00f3n tanto en acad\u00e9micos como en la sociedad en general acerca de la diabetes, sus caracter\u00edsticas, complicaciones y los beneficios de un tratamiento y control adecuados.<\/p>\n","protected":false},"excerpt":{"rendered":"<div class=\"pps-series-post-details pps-series-post-details-variant-classic pps-series-post-details-25529 pps-series-meta-excerpt\" data-series-id=\"340\"><div class=\"pps-series-meta-content\"><div class=\"pps-series-meta-text\">Esta entrada es parte 27 de 49 en la serie <a href=\"https:\/\/www.uv.mx\/universo\/numero\/581\/\">581<\/a><\/div><\/div><\/div><p>Realizar\u00e1n el Simposio \u201cEnfoque multidisciplinario de la diabetes\u201d el 13 de noviembre en la Sala \u201cCarlos Fuentes Lemus\u201d de la USBI Adriana Vivanco\u00a0 El Instituto de Investigaciones Biol\u00f3gicas y el cuerpo acad\u00e9mico Psicolog\u00eda, Salud y Sociedad realizar\u00e1n el Simposio \u201cEnfoque multidisciplinario de la diabetes\u201d el 13 de noviembre en la Sala \u201cCarlos Fuentes Lemus\u201d de [&hellip;]<\/p>\n","protected":false},"author":1664,"featured_media":6279,"comment_status":"closed","ping_status":"closed","sticky":false,"template":"","format":"standard","meta":{"footnotes":""},"categories":[1],"tags":[],"series":[340],"class_list":["post-6366","post","type-post","status-publish","format-standard","has-post-thumbnail","hentry","category-general","series-340"],"_links":{"self":[{"href":"https:\/\/www.uv.mx\/universo\/wp-json\/wp\/v2\/posts\/6366","targetHints":{"allow":["GET"]}}],"collection":[{"href":"https:\/\/www.uv.mx\/universo\/wp-json\/wp\/v2\/posts"}],"about":[{"href":"https:\/\/www.uv.mx\/universo\/wp-json\/wp\/v2\/types\/post"}],"author":[{"embeddable":true,"href":"https:\/\/www.uv.mx\/universo\/wp-json\/wp\/v2\/users\/1664"}],"replies":[{"embeddable":true,"href":"https:\/\/www.uv.mx\/universo\/wp-json\/wp\/v2\/comments?post=6366"}],"version-history":[{"count":0,"href":"https:\/\/www.uv.mx\/universo\/wp-json\/wp\/v2\/posts\/6366\/revisions"}],"wp:featuredmedia":[{"embeddable":true,"href":"https:\/\/www.uv.mx\/universo\/wp-json\/wp\/v2\/media\/6279"}],"wp:attachment":[{"href":"https:\/\/www.uv.mx\/universo\/wp-json\/wp\/v2\/media?parent=6366"}],"wp:term":[{"taxonomy":"category","embeddable":true,"href":"https:\/\/www.uv.mx\/universo\/wp-json\/wp\/v2\/categories?post=6366"},{"taxonomy":"post_tag","embeddable":true,"href":"https:\/\/www.uv.mx\/universo\/wp-json\/wp\/v2\/tags?post=6366"},{"taxonomy":"series","embeddable":true,"href":"https:\/\/www.uv.mx\/universo\/wp-json\/wp\/v2\/series?post=6366"}],"curies":[{"name":"wp","href":"https:\/\/api.w.org\/{rel}","templated":true}]}}