{"id":22014,"date":"2017-06-05T08:59:37","date_gmt":"2017-06-05T13:59:37","guid":{"rendered":"https:\/\/www.uv.mx\/universo\/?p=22014"},"modified":"2017-06-05T10:20:33","modified_gmt":"2017-06-05T15:20:33","slug":"estudiantes-de-la-u-del-este-de-carolina-del-norte-arribaron-a-la-uv","status":"publish","type":"post","link":"https:\/\/www.uv.mx\/universo\/regiones\/estudiantes-de-la-u-del-este-de-carolina-del-norte-arribaron-a-la-uv\/","title":{"rendered":"Estudiantes de la U. del Este de Carolina del Norte arribaron a la UV"},"content":{"rendered":"<div class=\"pps-series-post-details pps-series-post-details-variant-classic pps-series-post-details-25529\" data-series-id=\"437\"><div class=\"pps-series-meta-content\"><div class=\"pps-series-meta-text\">Esta entrada es parte 23 de 38 en la serie <a href=\"https:\/\/www.uv.mx\/universo\/numero\/680\/\">680<\/a><\/div><\/div><\/div><div id=\"attachment_21899\" style=\"width: 732px\" class=\"wp-caption aligncenter\"><a href=\"https:\/\/www.uv.mx\/universo\/files\/2017\/06\/Universo-680-026.jpg\"><img loading=\"lazy\" decoding=\"async\" aria-describedby=\"caption-attachment-21899\" class=\"size-full wp-image-21899\" src=\"https:\/\/www.uv.mx\/universo\/files\/2017\/06\/Universo-680-026.jpg\" alt=\"\" width=\"722\" height=\"412\" srcset=\"https:\/\/www.uv.mx\/universo\/files\/2017\/06\/Universo-680-026.jpg 722w, https:\/\/www.uv.mx\/universo\/files\/2017\/06\/Universo-680-026-300x171.jpg 300w\" sizes=\"auto, (max-width: 722px) 100vw, 722px\" \/><\/a><p id=\"caption-attachment-21899\" class=\"wp-caption-text\">Autoridades regionales recibieron a los universitarios<\/p><\/div>\n<p>&nbsp;<\/p>\n<p><strong>Poza Rica \u2022 Tuxpan<\/strong><\/p>\n<p><span style=\"font-size: 10pt\"><strong>Alma Celia San Mart\u00edn Cruz<\/strong><\/span><\/p>\n<p>Cuatro estudiantes de la Universidad del Este de Carolina (ECU), en Estados Unidos de Norteam\u00e9rica (EEUU), permanecer\u00e1n durante un mes en la regi\u00f3n Poza Rica-Tuxpan, como parte de un programa de vinculaci\u00f3n con la Asociaci\u00f3n de Mexicanos en Carolina del Norte (Amexcan), cuyos integrantes ense\u00f1an el idioma ingl\u00e9s en distintas comunidades, practican el espa\u00f1ol y conocen la cultura mexicana.<br \/>\nLa delegaci\u00f3n est\u00e1 conformada por Kayla Carr, estudiante de posgrado en la ECU; Ankita Mishra, estudiante de Salud P\u00fablica; Georgette Townsley, embajadora de la Oficina de Asuntos Internacionales de la ECU, y Taylor Hilliard, estudiante de Trabajo Social.<br \/>\nTownsley, Mishra y Carr dijeron que su inter\u00e9s es practicar el idioma espa\u00f1ol y conocer la cultura de M\u00e9xico, a fin de que a su regreso compartan su experiencia.<br \/>\nKayla Carr mencion\u00f3 que como pedagoga tiene muchos estudiantes mexicanos que desconocen sus ra\u00edces pues gran parte de su vida han vivido en EEUU; su inter\u00e9s es compartirles lo aprendido en esta visita. \u201cQuiero llevarme la cultura, todo tipo de aprendizaje, y en especial hacer amigos\u201d.<br \/>\nAnkita Mishra, quien en un futuro desea ser m\u00e9dico, expres\u00f3 que en su pa\u00eds hay una gran cantidad de poblaci\u00f3n hispana y mexicana, por lo cual conocer la cultura mexicana podr\u00e1 ayudarle a \u2013llegado el momento\u2013 atender a sus pacientes de manera adecuada.<br \/>\nLa bienvenida a las estudiantes estuvo a cargo del vicerrector Jos\u00e9 Luis Alan\u00eds M\u00e9ndez, quien manifest\u00f3 que sin duda alguna durante su estancia tendr\u00e1n la oportunidad de conocer no s\u00f3lo las instalaciones universitarias, sino convivir con estudiantes de diferentes facultades, as\u00ed como de la Universidad Veracruzana Intercultural (UVI), sede Totonacapan, adem\u00e1s de establecer contacto con habitantes de zonas ind\u00edgenas cercanas.<br \/>\nPor su parte, Juvencio Rocha expres\u00f3 que dentro de la iniciativa de la Amexcan est\u00e1 el proyecto Learning Together (Aprendamos Juntos), con el cual se favorecer\u00e1 el di\u00e1logo de saberes entre personas de diferentes culturas y naciones, de la regi\u00f3n Huasteca y Totonacapan, para coadyuvar el desarrollo comunitario.<br \/>\nEste proyecto es un acuerdo de trabajo entre la UV, a trav\u00e9s de las coordinaciones regionales de Internacionalizaci\u00f3n y G\u00e9nero de esta instituci\u00f3n, cuyo objetivo general es coadyuvar a la construcci\u00f3n de un enfoque intercultural con acciones de formaci\u00f3n, vinculaci\u00f3n, gesti\u00f3n y difusi\u00f3n.<br \/>\nDentro de las actividades planeadas est\u00e1n visitas al parque tem\u00e1tico Takilhsukut, la zona arqueol\u00f3gica El Taj\u00edn y la<br \/>\nUVI-Totonacapan; de igual manera se prev\u00e9 su asistencia a las facultades de Trabajo Social, Pedagog\u00eda y Enfermer\u00eda, donde tomar\u00e1n algunas materias, adem\u00e1s de realizar actividades con algunas organizaciones sociales.<br \/>\nDurante la bienvenida realizada en la sala de juntas de la Vicerrector\u00eda, estuvieron presentes la secretaria acad\u00e9mica regional, Aurora Galicia Badillo; los coordinadores regionales de Internacionalizaci\u00f3n y Movilidad y G\u00e9nero, Alfredo Crist\u00f3bal Salas y Jes\u00fas Alberto Martell Le\u00f3n, respectivamente, e Higinio Fern\u00e1ndez, acad\u00e9mico del Centro de Idiomas y quien fungi\u00f3 como traductor.<\/p>\n","protected":false},"excerpt":{"rendered":"<div class=\"pps-series-post-details pps-series-post-details-variant-classic pps-series-post-details-25529 pps-series-meta-excerpt\" data-series-id=\"437\"><div class=\"pps-series-meta-content\"><div class=\"pps-series-meta-text\">Esta entrada es parte 23 de 38 en la serie <a href=\"https:\/\/www.uv.mx\/universo\/numero\/680\/\">680<\/a><\/div><\/div><\/div><p>Cuatro estudiantes de la Universidad del Este de Carolina (ECU), en Estados Unidos de Norteam\u00e9rica (EEUU), permanecer\u00e1n durante un mes en la regi\u00f3n Poza Rica-Tuxpan, como parte de un programa de vinculaci\u00f3n con la Asociaci\u00f3n de Mexicanos en Carolina del Norte (Amexcan), cuyos integrantes ense\u00f1an el idioma ingl\u00e9s en distintas comunidades, practican el espa\u00f1ol y conocen la cultura mexicana.<\/p>\n","protected":false},"author":1869,"featured_media":21899,"comment_status":"closed","ping_status":"closed","sticky":false,"template":"","format":"standard","meta":{"footnotes":""},"categories":[360],"tags":[],"series":[437],"class_list":["post-22014","post","type-post","status-publish","format-standard","has-post-thumbnail","hentry","category-regiones","series-437"],"_links":{"self":[{"href":"https:\/\/www.uv.mx\/universo\/wp-json\/wp\/v2\/posts\/22014","targetHints":{"allow":["GET"]}}],"collection":[{"href":"https:\/\/www.uv.mx\/universo\/wp-json\/wp\/v2\/posts"}],"about":[{"href":"https:\/\/www.uv.mx\/universo\/wp-json\/wp\/v2\/types\/post"}],"author":[{"embeddable":true,"href":"https:\/\/www.uv.mx\/universo\/wp-json\/wp\/v2\/users\/1869"}],"replies":[{"embeddable":true,"href":"https:\/\/www.uv.mx\/universo\/wp-json\/wp\/v2\/comments?post=22014"}],"version-history":[{"count":0,"href":"https:\/\/www.uv.mx\/universo\/wp-json\/wp\/v2\/posts\/22014\/revisions"}],"wp:featuredmedia":[{"embeddable":true,"href":"https:\/\/www.uv.mx\/universo\/wp-json\/wp\/v2\/media\/21899"}],"wp:attachment":[{"href":"https:\/\/www.uv.mx\/universo\/wp-json\/wp\/v2\/media?parent=22014"}],"wp:term":[{"taxonomy":"category","embeddable":true,"href":"https:\/\/www.uv.mx\/universo\/wp-json\/wp\/v2\/categories?post=22014"},{"taxonomy":"post_tag","embeddable":true,"href":"https:\/\/www.uv.mx\/universo\/wp-json\/wp\/v2\/tags?post=22014"},{"taxonomy":"series","embeddable":true,"href":"https:\/\/www.uv.mx\/universo\/wp-json\/wp\/v2\/series?post=22014"}],"curies":[{"name":"wp","href":"https:\/\/api.w.org\/{rel}","templated":true}]}}