{"id":18924,"date":"2016-12-05T08:59:37","date_gmt":"2016-12-05T14:59:37","guid":{"rendered":"https:\/\/www.uv.mx\/universo\/?p=18924"},"modified":"2016-12-05T12:57:04","modified_gmt":"2016-12-05T18:57:04","slug":"ies-deben-generar-epistemologia-socio-ambiental","status":"publish","type":"post","link":"https:\/\/www.uv.mx\/universo\/general\/ies-deben-generar-epistemologia-socio-ambiental\/","title":{"rendered":"IES deben generar epistemolog\u00eda socio-ambiental"},"content":{"rendered":"<div class=\"seriesmeta noshow\">Contenido 23 de 42 del n\u00famero <a href=\"https:\/\/www.uv.mx\/universo\/numero\/661\/\" class=\"series-417\" title=\"661\">661<\/a><\/div>\r\n<div id=\"attachment_18847\" style=\"width: 732px\" class=\"wp-caption aligncenter\"><a href=\"https:\/\/www.uv.mx\/universo\/universo-661-041\/\"><img aria-describedby=\"caption-attachment-18847\" decoding=\"async\" loading=\"lazy\" class=\"size-full wp-image-18847\" src=\"https:\/\/www.uv.mx\/universo\/files\/2016\/12\/Universo-661-041.jpg\" alt=\"M\u00f3nica Celeida Rabelo NogueiraM\u00f3nica Celeida Rabelo Nogueira\" width=\"722\" height=\"481\" srcset=\"https:\/\/www.uv.mx\/universo\/files\/2016\/12\/Universo-661-041.jpg 722w, https:\/\/www.uv.mx\/universo\/files\/2016\/12\/Universo-661-041-300x200.jpg 300w\" sizes=\"(max-width: 722px) 100vw, 722px\" \/><\/a><p id=\"caption-attachment-18847\" class=\"wp-caption-text\">M\u00f3nica Celeida Rabelo Nogueira<\/p><\/div>\n<p>&nbsp;<\/p>\n<p><span style=\"font-size: 8pt\"><strong>Carlos Hugo Hermida Rosales<\/strong><\/span><\/p>\n<p>Gerardo Alatorre Frenk, docente e integrante del Instituto de Investigaciones en Educaci\u00f3n (IIE), afirm\u00f3 que el proceso de aprendizaje no debe ser visto como algo que sucede dentro de las aulas, sino como una amplia gama de pr\u00e1cticas comunicativas y de interacci\u00f3n social en la que se construyen visiones, habilidades y actitudes, que deben fomentar la transformaci\u00f3n del entorno socio-ambiental.<\/p>\n<p>El catedr\u00e1tico particip\u00f3 el 25 de noviembre en el conversatorio \u201cInterculturalidad y sustentabilidad en programas de posgrado de M\u00e9xico, Brasil y Colombia: logros y retos\u201d, acompa\u00f1ado de M\u00f3nica Celeida Rabelo Nogueira, catedr\u00e1tica de la Universidade de Brasilia (UnB), y Eryka Torrej\u00f3n Cardona, docente de la Universidad de Antioquia, Colombia.<\/p>\n<p>Este evento form\u00f3 parte de la IV Jornada Internacional de Educaci\u00f3n para la Interculturalidad y la Sustentabilidad \u201cAprendizajes comunitarios para la defensa de los bienes comunes\u201d, realizada los d\u00edas 24 y 25 de noviembre en el Instituto de Investigaciones Hist\u00f3rico-Sociales (IIH-S).<\/p>\n<p>Gerardo Alatorre explic\u00f3 que dentro de la Maestr\u00eda en Educaci\u00f3n para la Interculturalidad y la Sustentabilidad (MEIS), impartida por el IIE en colaboraci\u00f3n con la Universidad Veracruzana Intercultural (UVI), se busca impulsar desde la universidad p\u00fablica un posgrado descolonizante que articule formaci\u00f3n, investigaci\u00f3n colaborativa y fortalecimiento de actores, luchas e iniciativas de cambio social.<\/p>\n<p>Comparti\u00f3 que los proyectos desarrollados dentro de la MEIS generan conocimiento a trav\u00e9s de la interculturalidad, transdisciplinariedad e intertransdisciplinariedad, ya que se encuentran en mayor o menor medida enlazados con procesos colectivos.<\/p>\n<div id=\"attachment_18846\" style=\"width: 732px\" class=\"wp-caption aligncenter\"><a href=\"https:\/\/www.uv.mx\/universo\/universo-661-040\/\"><img aria-describedby=\"caption-attachment-18846\" decoding=\"async\" loading=\"lazy\" class=\"size-full wp-image-18846\" src=\"https:\/\/www.uv.mx\/universo\/files\/2016\/12\/Universo-661-040.jpg\" alt=\"Gerardo Alatorre Frenk\" width=\"722\" height=\"481\" srcset=\"https:\/\/www.uv.mx\/universo\/files\/2016\/12\/Universo-661-040.jpg 722w, https:\/\/www.uv.mx\/universo\/files\/2016\/12\/Universo-661-040-300x200.jpg 300w\" sizes=\"(max-width: 722px) 100vw, 722px\" \/><\/a><p id=\"caption-attachment-18846\" class=\"wp-caption-text\">Gerardo Alatorre Frenk<\/p><\/div>\n<p>&nbsp;<\/p>\n<p>A\u00f1adi\u00f3 que \u00e9stos toman como punto de partida el contexto cultural y ling\u00fc\u00edstico, y promueven \u2013cuando es el caso\u2013 la diversidad ling\u00fc\u00edstica, adem\u00e1s de problematizar relaciones asim\u00e9tricas entre clases, etnias, generaciones y g\u00e9neros.<\/p>\n<p>El investigador enunci\u00f3 que la ense\u00f1anza universitaria debe ubicarse tanto en los circuitos acad\u00e9micos de producci\u00f3n de conocimiento como en aquellos donde los actores producen, comparten y utilizan los saberes.<\/p>\n<p>M\u00f3nica Nogueira coment\u00f3 que la Maestr\u00eda Profesional en Sustentabilidad junto a Pueblos y Territorios Tradicionales de la UnB, favorece investigaciones que puedan generar transformaciones positivas socio-ambientales en comunidades de la naci\u00f3n carioca.<\/p>\n<p>Relat\u00f3 que los catedr\u00e1ticos de este posgrado tienen un gran compromiso con el activismo y la transformaci\u00f3n social y utilizan la \u201cpedagog\u00eda de alternancia\u201d, la cual consiste en que durante un tiempo las c\u00e1tedras sean impartidas dentro de la universidad y en otro periodo se aterricen proyectos en las regiones previamente elegidas.<\/p>\n<p>La docente expres\u00f3 que uno de los principales objetivos de esta maestr\u00eda es formar profesionales para el desarrollo de investigaciones e intervenciones sociales con base en el di\u00e1logo de saberes y en pro del ejercicio de derechos, el fortalecimiento de proyectos autogestivos de vida, del territorio y del medio ambiente, as\u00ed como de la valoraci\u00f3n de la socio-biodiversidad.<\/p>\n<p>Asegur\u00f3 que la academia puede jugar un papel importante en la transformaci\u00f3n de la realidad de pueblos y comunidades tradicionales, ya que actualmente presentan nuevos problemas que piden nuevas respuestas, por lo que puede contribuir en la formaci\u00f3n de agentes de di\u00e1logo que estimulen alianzas interactivas.<\/p>\n","protected":false},"excerpt":{"rendered":"<p>Gerardo Alatorre Frenk, docente e integrante del Instituto de Investigaciones en Educaci\u00f3n (IIE), afirm\u00f3 que el proceso de aprendizaje no debe ser visto como algo que sucede dentro de las aulas, sino como una amplia gama de pr\u00e1cticas comunicativas y de interacci\u00f3n social en la que se construyen visiones, habilidades y actitudes, que deben fomentar la transformaci\u00f3n del entorno socio-ambiental.<\/p>\n\r\n<div class=\"seriesmeta\">Contenido 23 de 42 del n\u00famero <a href=\"https:\/\/www.uv.mx\/universo\/numero\/661\/\" class=\"series-417\" title=\"661\">661<\/a><\/div>","protected":false},"author":1775,"featured_media":18847,"comment_status":"closed","ping_status":"closed","sticky":false,"template":"","format":"standard","meta":[],"categories":[1],"tags":[],"series":[417],"_links":{"self":[{"href":"https:\/\/www.uv.mx\/universo\/wp-json\/wp\/v2\/posts\/18924"}],"collection":[{"href":"https:\/\/www.uv.mx\/universo\/wp-json\/wp\/v2\/posts"}],"about":[{"href":"https:\/\/www.uv.mx\/universo\/wp-json\/wp\/v2\/types\/post"}],"author":[{"embeddable":true,"href":"https:\/\/www.uv.mx\/universo\/wp-json\/wp\/v2\/users\/1775"}],"replies":[{"embeddable":true,"href":"https:\/\/www.uv.mx\/universo\/wp-json\/wp\/v2\/comments?post=18924"}],"version-history":[{"count":0,"href":"https:\/\/www.uv.mx\/universo\/wp-json\/wp\/v2\/posts\/18924\/revisions"}],"wp:featuredmedia":[{"embeddable":true,"href":"https:\/\/www.uv.mx\/universo\/wp-json\/wp\/v2\/media\/18847"}],"wp:attachment":[{"href":"https:\/\/www.uv.mx\/universo\/wp-json\/wp\/v2\/media?parent=18924"}],"wp:term":[{"taxonomy":"category","embeddable":true,"href":"https:\/\/www.uv.mx\/universo\/wp-json\/wp\/v2\/categories?post=18924"},{"taxonomy":"post_tag","embeddable":true,"href":"https:\/\/www.uv.mx\/universo\/wp-json\/wp\/v2\/tags?post=18924"},{"taxonomy":"series","embeddable":true,"href":"https:\/\/www.uv.mx\/universo\/wp-json\/wp\/v2\/series?post=18924"}],"curies":[{"name":"wp","href":"https:\/\/api.w.org\/{rel}","templated":true}]}}