{"id":12901,"date":"2016-02-02T07:59:33","date_gmt":"2016-02-02T13:59:33","guid":{"rendered":"https:\/\/www.uv.mx\/universo\/?p=12901"},"modified":"2016-02-16T20:11:01","modified_gmt":"2016-02-17T02:11:01","slug":"apoyo-entre-universidades-facilitara-obtencion-de-recursos","status":"publish","type":"post","link":"https:\/\/www.uv.mx\/universo\/regiones\/apoyo-entre-universidades-facilitara-obtencion-de-recursos\/","title":{"rendered":"Apoyo entre universidades facilitar\u00e1 obtenci\u00f3n de recursos"},"content":{"rendered":"<div class=\"pps-series-post-details pps-series-post-details-variant-classic pps-series-post-details-25529\" data-series-id=\"383\"><div class=\"pps-series-meta-content\"><div class=\"pps-series-meta-text\">Esta entrada es parte 27 de 36 en la serie <a href=\"https:\/\/www.uv.mx\/universo\/numero\/627\/\">627<\/a><\/div><\/div><\/div><p class=\"Autor\"><span style=\"font-size: 10pt\"><strong>Alma Mart\u00ednez y Aracely Hern\u00e1ndez<\/strong><\/span><\/p>\n<div id=\"attachment_12898\" style=\"width: 310px\" class=\"wp-caption alignright\"><a href=\"https:\/\/www.uv.mx\/universo\/files\/2016\/02\/527-reg-011.jpg\"><img loading=\"lazy\" decoding=\"async\" aria-describedby=\"caption-attachment-12898\" class=\"size-medium wp-image-12898\" src=\"https:\/\/www.uv.mx\/universo\/files\/2016\/02\/527-reg-011-300x243.jpg\" alt=\"Sergio Conde Maldonado imparti\u00f3 el taller\" width=\"300\" height=\"243\" srcset=\"https:\/\/www.uv.mx\/universo\/files\/2016\/02\/527-reg-011-300x243.jpg 300w, https:\/\/www.uv.mx\/universo\/files\/2016\/02\/527-reg-011.jpg 700w\" sizes=\"auto, (max-width: 300px) 100vw, 300px\" \/><\/a><p id=\"caption-attachment-12898\" class=\"wp-caption-text\">Sergio Conde Maldonado imparti\u00f3 el taller<\/p><\/div>\n<p class=\"Texto\"><strong>Veracruz \u2022 Boca del R\u00edo.- <\/strong>La Universidad Veracruzana fue sede del taller de aplicaci\u00f3n y actualizaci\u00f3n de las reglas del Programa de Fortalecimiento de la Calidad Educativa (PFCE) de la Secretar\u00eda de Educaci\u00f3n P\u00fablica (SEP), actividad organizada por la Asociaci\u00f3n Mexicana de Responsables de la Estandarizaci\u00f3n de la Informaci\u00f3n Administrativa y Financiera (Amereiaf).<\/p>\n<p class=\"Texto\">El taller reuni\u00f3 a representantes de las universidades p\u00fablicas del pa\u00eds y en \u00e9l se dio a conocer la gu\u00eda para la formulaci\u00f3n de la planeaci\u00f3n estrat\u00e9gica participativa que permite obtener recursos econ\u00f3micos para el fortalecimiento de las instituciones de educaci\u00f3n superior (IES), adem\u00e1s de los criterios de evaluaci\u00f3n y asignaci\u00f3n de recursos por parte de la SEP.<\/p>\n<p class=\"Texto\">En la inauguraci\u00f3n, el vicerrector Alfonso P\u00e9rez Morales mencion\u00f3 la situaci\u00f3n econ\u00f3mica por la que atraviesan las universidades p\u00fablicas y al respecto explic\u00f3 la importancia de acudir a este taller. El presidente de la Amereiaf, Rafael Guevara Huerta, subray\u00f3 que el apoyo entre universidades hermanas les facilitar\u00e1 obtener recursos financieros y ratific\u00f3 el compromiso que tienen por mantener la calidad educativa.<\/p>\n<p class=\"Texto\">El subdirector de Desarrollo y Operaci\u00f3n de la Direcci\u00f3n General de Educaci\u00f3n Superior Universitaria, Sergio Pascual Conde Maldonado, fue el encargado de explicar las reglas de operaci\u00f3n. Expuso la importancia de la autoevaluaci\u00f3n acad\u00e9mica institucional y de la gesti\u00f3n para la elaboraci\u00f3n de proyectos que puedan acceder a los recursos gubernamentales.<\/p>\n<div id=\"attachment_12897\" style=\"width: 310px\" class=\"wp-caption alignright\"><a href=\"https:\/\/www.uv.mx\/universo\/files\/2016\/02\/527-reg-010.jpg\"><img loading=\"lazy\" decoding=\"async\" aria-describedby=\"caption-attachment-12897\" class=\"size-medium wp-image-12897\" src=\"https:\/\/www.uv.mx\/universo\/files\/2016\/02\/527-reg-010-300x184.jpg\" alt=\"Representantes de IES p\u00fablicas se reunieron en Boca del R\u00edo\" width=\"300\" height=\"184\" srcset=\"https:\/\/www.uv.mx\/universo\/files\/2016\/02\/527-reg-010-300x184.jpg 300w, https:\/\/www.uv.mx\/universo\/files\/2016\/02\/527-reg-010.jpg 700w\" sizes=\"auto, (max-width: 300px) 100vw, 300px\" \/><\/a><p id=\"caption-attachment-12897\" class=\"wp-caption-text\">Representantes de IES p\u00fablicas se reunieron en Boca del R\u00edo<\/p><\/div>\n<p class=\"Texto\">Asimismo, invit\u00f3 a las IES a presentar proyectos y aprovechar la oportunidad de gestionar recursos que impulsen y fortalezcan a las universidades. Por parte de la UV estuvieron presentes la secretaria Acad\u00e9mica, Leticia Rodr\u00edguez Audirac; el secretario de la Rector\u00eda, Octavio Ochoa, y directores de \u00e1reas acad\u00e9micas.<\/p>\n","protected":false},"excerpt":{"rendered":"<div class=\"pps-series-post-details pps-series-post-details-variant-classic pps-series-post-details-25529 pps-series-meta-excerpt\" data-series-id=\"383\"><div class=\"pps-series-meta-content\"><div class=\"pps-series-meta-text\">Esta entrada es parte 27 de 36 en la serie <a href=\"https:\/\/www.uv.mx\/universo\/numero\/627\/\">627<\/a><\/div><\/div><\/div><p>La Universidad Veracruzana fue sede del taller de aplicaci\u00f3n y actualizaci\u00f3n de las reglas del Programa de Fortalecimiento de la Calidad Educativa (PFCE) de la Secretar\u00eda de Educaci\u00f3n P\u00fablica (SEP), actividad organizada por la Asociaci\u00f3n Mexicana de Responsables de la Estandarizaci\u00f3n de la Informaci\u00f3n Administrativa y Financiera (Amereiaf).<\/p>\n","protected":false},"author":1668,"featured_media":12897,"comment_status":"closed","ping_status":"closed","sticky":false,"template":"","format":"standard","meta":{"footnotes":""},"categories":[360],"tags":[],"series":[383],"class_list":["post-12901","post","type-post","status-publish","format-standard","has-post-thumbnail","hentry","category-regiones","series-383"],"_links":{"self":[{"href":"https:\/\/www.uv.mx\/universo\/wp-json\/wp\/v2\/posts\/12901","targetHints":{"allow":["GET"]}}],"collection":[{"href":"https:\/\/www.uv.mx\/universo\/wp-json\/wp\/v2\/posts"}],"about":[{"href":"https:\/\/www.uv.mx\/universo\/wp-json\/wp\/v2\/types\/post"}],"author":[{"embeddable":true,"href":"https:\/\/www.uv.mx\/universo\/wp-json\/wp\/v2\/users\/1668"}],"replies":[{"embeddable":true,"href":"https:\/\/www.uv.mx\/universo\/wp-json\/wp\/v2\/comments?post=12901"}],"version-history":[{"count":0,"href":"https:\/\/www.uv.mx\/universo\/wp-json\/wp\/v2\/posts\/12901\/revisions"}],"wp:featuredmedia":[{"embeddable":true,"href":"https:\/\/www.uv.mx\/universo\/wp-json\/wp\/v2\/media\/12897"}],"wp:attachment":[{"href":"https:\/\/www.uv.mx\/universo\/wp-json\/wp\/v2\/media?parent=12901"}],"wp:term":[{"taxonomy":"category","embeddable":true,"href":"https:\/\/www.uv.mx\/universo\/wp-json\/wp\/v2\/categories?post=12901"},{"taxonomy":"post_tag","embeddable":true,"href":"https:\/\/www.uv.mx\/universo\/wp-json\/wp\/v2\/tags?post=12901"},{"taxonomy":"series","embeddable":true,"href":"https:\/\/www.uv.mx\/universo\/wp-json\/wp\/v2\/series?post=12901"}],"curies":[{"name":"wp","href":"https:\/\/api.w.org\/{rel}","templated":true}]}}