{"id":10248,"date":"2015-10-12T07:59:35","date_gmt":"2015-10-12T12:59:35","guid":{"rendered":"https:\/\/www.uv.mx\/universo\/?p=10248"},"modified":"2015-10-26T17:17:43","modified_gmt":"2015-10-26T23:17:43","slug":"universitaria-observara-conducta-de-delfines-en-laguna-de-alvarado","status":"publish","type":"post","link":"https:\/\/www.uv.mx\/universo\/regiones\/universitaria-observara-conducta-de-delfines-en-laguna-de-alvarado\/","title":{"rendered":"Universitaria observar\u00e1 conducta de delfines en laguna de Alvarado"},"content":{"rendered":"<div class=\"seriesmeta noshow\">Contenido 25 de 46 del n\u00famero <a href=\"https:\/\/www.uv.mx\/universo\/numero\/614\/\" class=\"series-367\" title=\"614\">614<\/a><\/div>\r\n<div id=\"attachment_10224\" style=\"width: 310px\" class=\"wp-caption alignright\"><a href=\"https:\/\/www.uv.mx\/universo\/files\/2015\/10\/614-reg-006.jpg\"><img aria-describedby=\"caption-attachment-10224\" decoding=\"async\" loading=\"lazy\" class=\"size-medium wp-image-10224\" src=\"https:\/\/www.uv.mx\/universo\/files\/2015\/10\/614-reg-006-300x200.jpg\" alt=\"La especie Tursiops truncatus interact\u00faa con las actividades de pesca artesanal\" width=\"300\" height=\"200\" srcset=\"https:\/\/www.uv.mx\/universo\/files\/2015\/10\/614-reg-006-300x200.jpg 300w, https:\/\/www.uv.mx\/universo\/files\/2015\/10\/614-reg-006.jpg 700w\" sizes=\"(max-width: 300px) 100vw, 300px\" \/><\/a><p id=\"caption-attachment-10224\" class=\"wp-caption-text\">La especie Tursiops truncatus interact\u00faa con las actividades de pesca artesanal<\/p><\/div>\n<p class=\"Resumen\"><em>Desde el faro de Monte Sim\u00f3n se registrar\u00e1 su interacci\u00f3n con los pescadores Las actividades inician este mes y durar\u00e1n alrededor de un semestre<\/em><\/p>\n<p class=\"Autor\"><span style=\"font-size: 10pt\"><strong>David Sandoval Rodr\u00edguez<\/strong><\/span><\/p>\n<p class=\"Texto\"><strong>Veracruz \u2022 Boca del R\u00edo.-\u00a0<\/strong>Con m\u00e1s de una d\u00e9cada de investigaci\u00f3n sobre los delfines que habitan en la laguna de Alvarado, la Universidad Veracruzana realizar\u00e1 un estudio respecto a su relaci\u00f3n con la pesca, en el que participan varios investigadores y una estudiante de posgrado.<\/p>\n<p class=\"Texto\">Eduardo Morteo Ortiz, investigador del Instituto de Ciencias Marinas y Pesquer\u00edas (Icimap), actualmente comisionado en el Instituto de Investigaciones Biol\u00f3gicas (IIB), expres\u00f3 que la especie Tursiops truncatus interact\u00faa con las actividades de la pesca artesanal, sustento de muchas familias de Alvarado, donde hay una larga tradici\u00f3n pesquera \u201cque involucra a padres y abuelos\u201d.<\/p>\n<p class=\"Texto\">Esta interacci\u00f3n, explic\u00f3, se debe \u201cb\u00e1sicamente a que est\u00e1n compitiendo por el mismo recurso\u201d. El investigador se\u00f1al\u00f3 que no se ten\u00eda informaci\u00f3n detallada al respecto: \u201cSabemos que los delfines rompen las redes y roban pescado, pero no tenemos idea de c\u00f3mo es el comportamiento antes, durante y despu\u00e9s de la interacci\u00f3n.<\/p>\n<div id=\"attachment_10223\" style=\"width: 310px\" class=\"wp-caption alignright\"><a href=\"https:\/\/www.uv.mx\/universo\/files\/2015\/10\/614-reg-005.jpg\"><img aria-describedby=\"caption-attachment-10223\" decoding=\"async\" loading=\"lazy\" class=\"size-medium wp-image-10223\" src=\"https:\/\/www.uv.mx\/universo\/files\/2015\/10\/614-reg-005-300x228.jpg\" alt=\"Nataly Morales y Eduardo Morteo\" width=\"300\" height=\"228\" srcset=\"https:\/\/www.uv.mx\/universo\/files\/2015\/10\/614-reg-005-300x228.jpg 300w, https:\/\/www.uv.mx\/universo\/files\/2015\/10\/614-reg-005.jpg 700w\" sizes=\"(max-width: 300px) 100vw, 300px\" \/><\/a><p id=\"caption-attachment-10223\" class=\"wp-caption-text\">Nataly Morales y Eduardo Morteo<\/p><\/div>\n<p class=\"Texto\">Es el tema de investigaci\u00f3n de Nataly Morales Rinc\u00f3n, estudiante de la maestr\u00eda del Instituto de Neuroetolog\u00eda\u201d. El proyecto se titula \u201cEcolog\u00eda tr\u00f3fica de las interacciones entre delfines costeros (Tursiops truncatus) y la pesca artesanal en aguas veracruzanas\u201d; su objetivo es determinar las condiciones de la interacci\u00f3n en las \u00e9pocas y \u00e1reas donde ocurre, as\u00ed como el tipo y cantidad de peces, tomando en cuenta diversas variables.<\/p>\n<p class=\"Texto\">\u201cEs el primer trabajo en M\u00e9xico que determinar\u00e1 de manera espec\u00edfica c\u00f3mo suceden las interacciones\u201d, explic\u00f3 Morteo Ortiz. La investigaci\u00f3n, abund\u00f3, permitir\u00e1 realizar un etograma, es decir, un cat\u00e1logo de las conductas que ocurren dentro de esta poblaci\u00f3n de delfines.<\/p>\n<p class=\"Texto\">A nivel mundial se utiliza el etograma de una poblaci\u00f3n de delfines de California, Estados Unidos, pero se han encontrado poblaciones que tienen conductas distintas e incluso han comenzado a diferenciar las poblaciones a trav\u00e9s de sus comportamientos.<\/p>\n<p class=\"Texto\">Nataly Morales, bi\u00f3loga marina por la Universidad de Bogot\u00e1 \u201cJorge Tadeo Lozano\u201d, en Colombia, detall\u00f3 que la intenci\u00f3n de su trabajo es describir los comportamientos que se generan de la interacci\u00f3n con la pesca artesanal, y c\u00f3mo var\u00edan de acuerdo a las diferentes exposiciones en la zona de Alvarado.<\/p>\n<p class=\"Texto\">\u201cMi gusto viene de mucho tiempo atr\u00e1s. Realic\u00e9 mi tesis de licenciatura con delfines en cautiverio y me llam\u00f3 la atenci\u00f3n su comportamiento; sin embargo, el estudio comportamental es muy limitado, vine a M\u00e9xico y los doctores Eduardo Morteo e Ibiza Mart\u00ednez me ofrecieron el proyecto.\u201d<\/p>\n<p class=\"Texto\">La estudiante, quien lleva un a\u00f1o en M\u00e9xico, en breve comenzar\u00e1 la observaci\u00f3n de los delfines que interact\u00faan con las actividades pesqueras en la laguna de Alvarado. Eduardo Morteo explic\u00f3 que hay una creciente interacci\u00f3n entre delfines y humanos, por lo que los especialistas han propuesto dos hip\u00f3tesis con amplio consenso. La primera se\u00f1ala que para los delfines es f\u00e1cil proveerse de alimento en las redes pesqueras.<\/p>\n<p class=\"Texto\">La segunda plantea que estos mam\u00edferos marinos no consiguen suficiente alimento porque las pesquer\u00edas han alcanzado su nivel m\u00e1ximo de explotaci\u00f3n o est\u00e1n cerca de hacerlo, por lo que los delfines se ven obligados a acercarse a las redes.<\/p>\n<p class=\"Texto\">Nataly Morales, quien ha observado delfines en Alvarado y en la regi\u00f3n de Los Tuxtlas, explic\u00f3 que estos animlales y los humanos buscan el mismo recurso para alimentarse: \u201cSi \u00e9ste se encuentra limitado, los delfines recurrir\u00e1n a la actividad pesquera para obtener alimento; el inconveniente para los pescadores es que ello les genera p\u00e9rdidas econ\u00f3micas, ya que sus familias viven de la pesca\u201d.<\/p>\n<p class=\"Texto\">Detall\u00f3 que efectuar\u00e1 un periodo de observaci\u00f3n desde el faro \u201cAlvarado\u201d, ubicado en Monte Sim\u00f3n, a la entrada de la laguna. \u201cVamos a utilizar c\u00e1mara, binoculares y teodolito, este \u00faltimo permitir\u00e1 obtener la posici\u00f3n de los delfines, las redes y las embarcaciones\u201d.<\/p>\n<p class=\"Texto\">Ello posibilitar\u00e1 establecer a partir de qu\u00e9 distancia se genera la interacci\u00f3n, \u201cno solamente es observar qu\u00e9 comportamiento se presenta, sino tambi\u00e9n qu\u00e9 individuos lo generan; si son machos, hembras, j\u00f3venes o adultos\u201d.<\/p>\n<p class=\"Texto\">Posteriormente se elaborar\u00e1 un cat\u00e1logo con base en la frecuencia de los comportamientos y sobre qu\u00e9 arte de pesca se genera m\u00e1s, adem\u00e1s se analizar\u00e1 c\u00f3mo se despliegan sus diferentes conductas.<\/p>\n<p class=\"Texto\">El investigador expres\u00f3 que la observaci\u00f3n desde el faro \u201cAlvarado\u201d comienza este mes y tendr\u00e1 una duraci\u00f3n de un semestre, sin embargo depende en gran medida de las condiciones clim\u00e1ticas y detall\u00f3 que en la investigaci\u00f3n participan tambi\u00e9n: Ibiza Mart\u00ednez Serrano, acad\u00e9mica de la Facultad de Biolog\u00eda; Christian Delf\u00edn Alonso, miembro del Instituto de Investigaciones Biol\u00f3gicas, y Pedro Am\u00e9rico D\u00edas, del Instituto de Neuroetolog\u00eda.<\/p>\n","protected":false},"excerpt":{"rendered":"<p>Con m\u00e1s de una d\u00e9cada de investigaci\u00f3n sobre los delfines que habitan en la laguna de Alvarado, la Universidad Veracruzana realizar\u00e1 un estudio respecto a su relaci\u00f3n con la pesca, en el que participan varios investigadores y una estudiante de posgrado.<\/p>\n\r\n<div class=\"seriesmeta\">Contenido 25 de 46 del n\u00famero <a href=\"https:\/\/www.uv.mx\/universo\/numero\/614\/\" class=\"series-367\" title=\"614\">614<\/a><\/div>","protected":false},"author":1668,"featured_media":10224,"comment_status":"closed","ping_status":"closed","sticky":false,"template":"","format":"standard","meta":[],"categories":[360],"tags":[],"series":[367],"_links":{"self":[{"href":"https:\/\/www.uv.mx\/universo\/wp-json\/wp\/v2\/posts\/10248"}],"collection":[{"href":"https:\/\/www.uv.mx\/universo\/wp-json\/wp\/v2\/posts"}],"about":[{"href":"https:\/\/www.uv.mx\/universo\/wp-json\/wp\/v2\/types\/post"}],"author":[{"embeddable":true,"href":"https:\/\/www.uv.mx\/universo\/wp-json\/wp\/v2\/users\/1668"}],"replies":[{"embeddable":true,"href":"https:\/\/www.uv.mx\/universo\/wp-json\/wp\/v2\/comments?post=10248"}],"version-history":[{"count":0,"href":"https:\/\/www.uv.mx\/universo\/wp-json\/wp\/v2\/posts\/10248\/revisions"}],"wp:featuredmedia":[{"embeddable":true,"href":"https:\/\/www.uv.mx\/universo\/wp-json\/wp\/v2\/media\/10224"}],"wp:attachment":[{"href":"https:\/\/www.uv.mx\/universo\/wp-json\/wp\/v2\/media?parent=10248"}],"wp:term":[{"taxonomy":"category","embeddable":true,"href":"https:\/\/www.uv.mx\/universo\/wp-json\/wp\/v2\/categories?post=10248"},{"taxonomy":"post_tag","embeddable":true,"href":"https:\/\/www.uv.mx\/universo\/wp-json\/wp\/v2\/tags?post=10248"},{"taxonomy":"series","embeddable":true,"href":"https:\/\/www.uv.mx\/universo\/wp-json\/wp\/v2\/series?post=10248"}],"curies":[{"name":"wp","href":"https:\/\/api.w.org\/{rel}","templated":true}]}}