{"id":958,"date":"2024-10-16T22:20:56","date_gmt":"2024-10-17T03:20:56","guid":{"rendered":"https:\/\/www.uv.mx\/sociogenesis\/?p=958"},"modified":"2024-10-16T22:21:50","modified_gmt":"2024-10-17T03:21:50","slug":"francisco-veyro-roa-profesor-y-empresario","status":"publish","type":"post","link":"https:\/\/www.uv.mx\/sociogenesis\/debate-interdisciplinario\/francisco-veyro-roa-profesor-y-empresario\/","title":{"rendered":"Francisco Veyro Roa: profesor y empresario"},"content":{"rendered":"<div class=\"pps-series-post-details pps-series-post-details-variant-classic pps-series-post-details-1066\" data-series-id=\"50\"><div class=\"pps-series-meta-content\"><div class=\"pps-series-meta-text\">Esta entrada es parte 4 de 9 en la serie <a href=\"https:\/\/www.uv.mx\/sociogenesis\/numero\/6\/\">6<\/a><\/div><\/div><\/div><p>El presente trabajo de investigaci\u00f3n visibiliza la vida escolar y profesional del profesor Francisco Veyro Roa. Egresado de la Escuela Normal Primaria de Xalapa (en adelante ENPX) que dedic\u00f3 su vida al magisterio en distintas latitudes de M\u00e9xico. Es un estudio biogr\u00e1fico (Bravo-Villasante, 2011) que permite la comprensi\u00f3n de su \u00e9poca, el significado hist\u00f3rico de egresadas y egresados de la ENPX y sus quehaceres como profesionistas. Lo que presento en esta investigaci\u00f3n, es un primer acercamiento a la vida y obra de Veyro. Rescato sus primeros quehaceres como egresado, as\u00ed como la creaci\u00f3n y gesti\u00f3n del Colegio Comercial Tampique\u00f1o ubicado en Tampico, Tamaulipas. La intenci\u00f3n de visibilizar sus alcances como empresario de la educaci\u00f3n y al mismo tiempo educador, permiten dilucidar en torno a su posicionamiento como intelectual y sus protagonismos en el campo de la ciencia; desconocidos hasta hace poco. El estudio, abre debate con la perspectiva de g\u00e9nero y cultura escolar. La investigaci\u00f3n se conduce bajo el enfoque cualitativo y el corpus metodol\u00f3gico est\u00e1 apoyado en fuentes archiv\u00edsticas tales como el Archivo Hist\u00f3rico de la Benem\u00e9rita Escuela Normal Veracruzana (en adelante AHBENV) y el Archivo Hist\u00f3rico de la Direcci\u00f3n General De Educaci\u00f3n Popular (en adelante AHDGEP).<\/p>\n<p>&nbsp;<\/p>\n<p><img loading=\"lazy\" decoding=\"async\" class=\"alignnone  wp-image-588\" src=\"https:\/\/www.uv.mx\/sociogenesis\/files\/2021\/07\/pdf-logo-300x300.png\" alt=\"\" width=\"57\" height=\"57\" srcset=\"https:\/\/www.uv.mx\/sociogenesis\/files\/2021\/07\/pdf-logo-300x300.png 300w, https:\/\/www.uv.mx\/sociogenesis\/files\/2021\/07\/pdf-logo-150x150.png 150w, https:\/\/www.uv.mx\/sociogenesis\/files\/2021\/07\/pdf-logo-75x75.png 75w, https:\/\/www.uv.mx\/sociogenesis\/files\/2021\/07\/pdf-logo.png 512w\" sizes=\"auto, (max-width: 57px) 100vw, 57px\" \/> <a href=\"https:\/\/www.uv.mx\/sociogenesis\/files\/2023\/08\/Sociogenesis_6_Francisco_Veyro.pdf\">PDF completo<\/a><\/p>\n","protected":false},"excerpt":{"rendered":"<div class=\"pps-series-post-details pps-series-post-details-variant-classic pps-series-post-details-1066 pps-series-meta-excerpt\" data-series-id=\"50\"><div class=\"pps-series-meta-content\"><div class=\"pps-series-meta-text\">Esta entrada es parte 4 de 9 en la serie <a href=\"https:\/\/www.uv.mx\/sociogenesis\/numero\/6\/\">6<\/a><\/div><\/div><\/div><p>El presente trabajo de investigaci\u00f3n visibiliza la vida escolar y profesional del profesor Francisco Veyro Roa. Egresado de la Escuela Normal Primaria de Xalapa (en adelante ENPX) que dedic\u00f3 su vida al magisterio en distintas latitudes de M\u00e9xico. Es un estudio biogr\u00e1fico (Bravo-Villasante, 2011) que permite la comprensi\u00f3n de su \u00e9poca, el significado hist\u00f3rico de [&hellip;]<\/p>\n","protected":false},"author":2045,"featured_media":947,"comment_status":"closed","ping_status":"closed","sticky":false,"template":"","format":"standard","meta":{"footnotes":""},"categories":[7,19,49],"tags":[31,14,18,52],"series":[50],"class_list":["post-958","post","type-post","status-publish","format-standard","has-post-thumbnail","hentry","category-debate-interdisciplinario","category-destacadas","category-no-6","tag-interdisciplinariedad","tag-sociogenesis","tag-uv","tag-xalapa","series-50"],"_links":{"self":[{"href":"https:\/\/www.uv.mx\/sociogenesis\/wp-json\/wp\/v2\/posts\/958","targetHints":{"allow":["GET"]}}],"collection":[{"href":"https:\/\/www.uv.mx\/sociogenesis\/wp-json\/wp\/v2\/posts"}],"about":[{"href":"https:\/\/www.uv.mx\/sociogenesis\/wp-json\/wp\/v2\/types\/post"}],"author":[{"embeddable":true,"href":"https:\/\/www.uv.mx\/sociogenesis\/wp-json\/wp\/v2\/users\/2045"}],"replies":[{"embeddable":true,"href":"https:\/\/www.uv.mx\/sociogenesis\/wp-json\/wp\/v2\/comments?post=958"}],"version-history":[{"count":1,"href":"https:\/\/www.uv.mx\/sociogenesis\/wp-json\/wp\/v2\/posts\/958\/revisions"}],"predecessor-version":[{"id":959,"href":"https:\/\/www.uv.mx\/sociogenesis\/wp-json\/wp\/v2\/posts\/958\/revisions\/959"}],"wp:featuredmedia":[{"embeddable":true,"href":"https:\/\/www.uv.mx\/sociogenesis\/wp-json\/wp\/v2\/media\/947"}],"wp:attachment":[{"href":"https:\/\/www.uv.mx\/sociogenesis\/wp-json\/wp\/v2\/media?parent=958"}],"wp:term":[{"taxonomy":"category","embeddable":true,"href":"https:\/\/www.uv.mx\/sociogenesis\/wp-json\/wp\/v2\/categories?post=958"},{"taxonomy":"post_tag","embeddable":true,"href":"https:\/\/www.uv.mx\/sociogenesis\/wp-json\/wp\/v2\/tags?post=958"},{"taxonomy":"series","embeddable":true,"href":"https:\/\/www.uv.mx\/sociogenesis\/wp-json\/wp\/v2\/series?post=958"}],"curies":[{"name":"wp","href":"https:\/\/api.w.org\/{rel}","templated":true}]}}