{"id":377,"date":"2019-11-27T11:43:59","date_gmt":"2019-11-27T17:43:59","guid":{"rendered":"https:\/\/www.uv.mx\/sociogenesis\/?p=377"},"modified":"2020-01-09T19:40:01","modified_gmt":"2020-01-10T01:40:01","slug":"editorial-2","status":"publish","type":"post","link":"https:\/\/www.uv.mx\/sociogenesis\/2\/editorial-2\/","title":{"rendered":"Editorial"},"content":{"rendered":"<div class=\"seriesmeta noshow\">Contenido 1 de 6 del n\u00famero <a href=\"https:\/\/www.uv.mx\/sociogenesis\/numero\/2\/\" class=\"series-11\" title=\"2\">2<\/a><\/div>\r\n<p style=\"text-align: center\"><strong>Editorial<\/strong><\/p>\n<p>&nbsp;<\/p>\n<p>Sociog\u00e9nesis, Revista Digital de Divulgaci\u00f3n Cient\u00edfica de la Facultad de Sociolog\u00eda de la Universidad Veracruzana, Regi\u00f3n Xalapa, es una publicaci\u00f3n semestral que inici\u00f3 una nueva \u00e9poca en el a\u00f1o de 2018 y que conjunt\u00f3 esfuerzos de docentes, estudiantes y egresados de la entidad, con la finalidad, de difundir saberes y conocimientos que se generan entre la comunidad acad\u00e9mica que se desempe\u00f1a en el campo de las Ciencias Sociales, con especial hito en la Sociolog\u00eda.<\/p>\n<p>&nbsp;<\/p>\n<p>Este segundo n\u00famero re\u00fane resultados de investigaci\u00f3n, que desde la perspectiva sociol\u00f3gica plantean an\u00e1lisis relevantes e innovadores, tal es el caso de la revisi\u00f3n que se hace del papel de las nuevas tecnolog\u00edas en la era de la globalizaci\u00f3n y su influencia en la identidad religiosa de los j\u00f3venes practicantes, donde se retoman los estudios de la sociolog\u00eda de la cultura. Por otra parte, en el art\u00edculo <em>La investigaci\u00f3n en el bachillerato y el Aprendizaje Basado en Proyectos<\/em> se nos propone fomentar la investigaci\u00f3n en Ciencias Sociales desde el nivel medio superior implementando una metodolog\u00eda basada en proyectos. Tambi\u00e9n se presenta una ponencia que se deriva del documento recepcional de tesis para obtener el grado de licenciado en sociolog\u00eda de nuestra casa de estudios, dicha investigaci\u00f3n tiene como objetivo analizar el impacto del programa social Prospera en el Municipio de Hidalgotitl\u00e1n, Veracruz, desde un abordaje cualitativo.<\/p>\n<p>&nbsp;<\/p>\n<p>El car\u00e1cter vers\u00e1til de Sociog\u00e9nesis da pie a la divulgaci\u00f3n de obras cuyo sentido y direcci\u00f3n no se limita \u00fanicamente a lo ensay\u00edstico o investigativo, por ende, en este segundo n\u00famero tambi\u00e9n se presenta la rese\u00f1a del libro titulado <em>Pol\u00edticas p\u00fablicas y politicidad en educaci\u00f3n. Configuraciones te\u00f3ricas e investigativas<\/em>, que constituye un esfuerzo de investigadores de la Universidad Veracruzana y la Universidad Pedag\u00f3gica Veracruzana, entre otros, quienes con una visi\u00f3n multidisciplinaria, analizan la educaci\u00f3n p\u00fablica en M\u00e9xico, considerando aspectos te\u00f3ricos, metodol\u00f3gicos y pr\u00e1cticos.<\/p>\n<p>&nbsp;<\/p>\n<p>Continuando la l\u00f3gica del primer n\u00famero, damos a conocer la traducci\u00f3n al espa\u00f1ol del primer cap\u00edtulo \u201cLa experiencia de la sociedad\u201d del libro de Peter L. Berger y Brigitte Berger titulado <em>Sociolog\u00eda una aproximaci\u00f3n biogr\u00e1fica, <\/em>que discute qu\u00e9 es la sociolog\u00eda y cu\u00e1les son sus quehaceres.<\/p>\n<p>&nbsp;<\/p>\n<p>En suma, el contenido de este segundo n\u00famero de Sociog\u00e9nesis propone compartir un di\u00e1logo de saberes y conocimientos que se producen bajo diversas modalidades, contextos y metodolog\u00edas que enriquecen las diferentes secciones de la revista.\u00a0\u00a0 Por ello, extendemos nuestro agradecimiento a las y los autores que participaron en esta publicaci\u00f3n.<\/p>\n<p>&nbsp;<\/p>\n<p>Para finalizar, aprovecho para reiterar mi reconocimiento al trabajo arduo que las y los integrantes del Comit\u00e9 Editorial generan en pro de la consolidaci\u00f3n de esta publicaci\u00f3n semestral, que se logra adem\u00e1s, gracias a la buena disposici\u00f3n de los dictaminadores, docentes y directivas de esta facultad, ya que su dedicaci\u00f3n y constancia son claves para la consolidaci\u00f3n de esta segunda entrega que ahora nos disponemos a disfrutar.<\/p>\n<p>&nbsp;<\/p>\n<p>&nbsp;<\/p>\n<p style=\"text-align: right\">A T E N T A M E N T E<\/p>\n<p style=\"text-align: right\">\n<p style=\"text-align: right\">Dra. Yolanda Francisca Gonz\u00e1lez Molohua<\/p>\n<p style=\"text-align: right\">Directora de la Facultad de Sociolog\u00eda<\/p>\n<p style=\"text-align: right\">Universidad Veracruzana<\/p>\n","protected":false},"excerpt":{"rendered":"<p>Editorial &nbsp; Sociog\u00e9nesis, Revista Digital de Divulgaci\u00f3n Cient\u00edfica de la Facultad de Sociolog\u00eda de la Universidad Veracruzana, Regi\u00f3n Xalapa, es una publicaci\u00f3n semestral que inici\u00f3 una nueva \u00e9poca en el a\u00f1o de 2018 y que conjunt\u00f3 esfuerzos de docentes, estudiantes y egresados de la entidad, con la finalidad, de difundir saberes y conocimientos que se [&hellip;]<\/p>\n\r\n<div class=\"seriesmeta\">Contenido 1 de 6 del n\u00famero <a href=\"https:\/\/www.uv.mx\/sociogenesis\/numero\/2\/\" class=\"series-11\" title=\"2\">2<\/a><\/div>","protected":false},"author":2045,"featured_media":396,"comment_status":"closed","ping_status":"closed","sticky":false,"template":"","format":"standard","meta":[],"categories":[19,32,12],"tags":[33,20,14,18],"series":[11],"_links":{"self":[{"href":"https:\/\/www.uv.mx\/sociogenesis\/wp-json\/wp\/v2\/posts\/377"}],"collection":[{"href":"https:\/\/www.uv.mx\/sociogenesis\/wp-json\/wp\/v2\/posts"}],"about":[{"href":"https:\/\/www.uv.mx\/sociogenesis\/wp-json\/wp\/v2\/types\/post"}],"author":[{"embeddable":true,"href":"https:\/\/www.uv.mx\/sociogenesis\/wp-json\/wp\/v2\/users\/2045"}],"replies":[{"embeddable":true,"href":"https:\/\/www.uv.mx\/sociogenesis\/wp-json\/wp\/v2\/comments?post=377"}],"version-history":[{"count":0,"href":"https:\/\/www.uv.mx\/sociogenesis\/wp-json\/wp\/v2\/posts\/377\/revisions"}],"wp:featuredmedia":[{"embeddable":true,"href":"https:\/\/www.uv.mx\/sociogenesis\/wp-json\/wp\/v2\/media\/396"}],"wp:attachment":[{"href":"https:\/\/www.uv.mx\/sociogenesis\/wp-json\/wp\/v2\/media?parent=377"}],"wp:term":[{"taxonomy":"category","embeddable":true,"href":"https:\/\/www.uv.mx\/sociogenesis\/wp-json\/wp\/v2\/categories?post=377"},{"taxonomy":"post_tag","embeddable":true,"href":"https:\/\/www.uv.mx\/sociogenesis\/wp-json\/wp\/v2\/tags?post=377"},{"taxonomy":"series","embeddable":true,"href":"https:\/\/www.uv.mx\/sociogenesis\/wp-json\/wp\/v2\/series?post=377"}],"curies":[{"name":"wp","href":"https:\/\/api.w.org\/{rel}","templated":true}]}}