
{"id":8234,"date":"2025-06-25T19:41:36","date_gmt":"2025-06-26T00:41:36","guid":{"rendered":"https:\/\/www.uv.mx\/servicios\/?p=8234"},"modified":"2026-06-16T10:32:50","modified_gmt":"2026-06-16T16:32:50","slug":"instconfequtelecomunica","status":"publish","type":"post","link":"https:\/\/www.uv.mx\/servicios\/administrativos\/instconfequtelecomunica\/","title":{"rendered":"Instalaci\u00f3n y configuraci\u00f3n de equipos de telecomunicaciones"},"content":{"rendered":"<table style=\"width: 100%; border-collapse: collapse; border-style: hidden;\" border=\"1\">\n<tbody>\n<tr>\n<td style=\"width: 88.1436%;\"><\/td>\n<td style=\"width: 8.17622%; border-style: hidden; text-align: center;\"><img loading=\"lazy\" decoding=\"async\" class=\"alignleft size-full wp-image-6706\" src=\"https:\/\/www.uv.mx\/servicios\/files\/2019\/10\/icono-en-linea.png\" alt=\"icono identificador de servicio en l\u00ednea\" width=\"515\" height=\"503\" srcset=\"https:\/\/www.uv.mx\/servicios\/files\/2019\/10\/icono-en-linea.png 515w, https:\/\/www.uv.mx\/servicios\/files\/2019\/10\/icono-en-linea-300x293.png 300w\" sizes=\"auto, (max-width: 515px) 100vw, 515px\" \/><\/td>\n<\/tr>\n<\/tbody>\n<\/table>\n<table style=\"width: 100%; border-collapse: collapse; border-style: hidden;\" border=\"1\">\n<tbody>\n<tr style=\"height: 24px;\">\n<td style=\"width: 100%; background-color: #005baa; border-color: #d1dbe0; text-align: center; height: 24px;\" colspan=\"2\"><span style=\"color: #ffffff;\"><strong>DATOS DEL TR\u00c1MITE O SERVICIO<\/strong><\/span><\/td>\n<\/tr>\n<tr style=\"height: 24px;\">\n<td style=\"width: 20.555%; border-color: #d1dbe0; background-color: #ebecec; height: 24px;\"><span style=\"font-size: 12pt;\"><strong>Descripci\u00f3n:<\/strong><\/span><\/td>\n<td style=\"width: 79.445%; border-color: #d1dbe0; height: 24px;\">Proporcionar el servicio de instalaci\u00f3n de equipo de telecomunicaciones (switch, AP, enlace inal\u00e1mbrico) con la finalidad de permitir la conectividad de usuarios, entidades acad\u00e9micas y dependencias a la red institucional.<\/td>\n<\/tr>\n<tr style=\"height: 24px;\">\n<td style=\"width: 20.555%; border-color: #d1dbe0; background-color: #ebecec; height: 24px;\"><strong>Tipo de tr\u00e1mite:<\/strong><span style=\"font-size: 12pt;\"><strong><br \/>\n<\/strong><\/span><\/td>\n<td style=\"width: 79.445%; border-color: #d1dbe0; height: 24px;\">No aplica<\/td>\n<\/tr>\n<tr style=\"height: 48px;\">\n<td style=\"width: 20.555%; border-color: #d1dbe0; background-color: #ebecec; height: 48px;\"><span style=\"font-size: 12pt;\"><strong>Identificaci\u00f3n tipo de servicio:<\/strong><\/span><\/td>\n<td style=\"width: 79.445%; border-color: #d1dbe0; height: 48px;\">Beneficio<\/td>\n<\/tr>\n<tr style=\"height: 24px;\">\n<td style=\"width: 20.555%; border-color: #d1dbe0; background-color: #ebecec; height: 24px;\"><span style=\"font-size: 12pt;\"><strong>Caracter\u00edsticas:<\/strong><\/span><\/td>\n<td style=\"width: 79.445%; border-color: #d1dbe0; height: 24px;\">El servicio incluye la configuraci\u00f3n, instalaci\u00f3n y puesta en servicio de equipo de telecomunicaciones en la entidad o dependencia solicitante.<br \/>\n\u2013 Visita t\u00e9cnica, para la evaluaci\u00f3n del sitio donde se requiere instalar el equipo.<br \/>\n\u2013 Entregar el equipo al personal que asiste a configurar e instalar.<br \/>\n\u2013 Se realizan los trabajos de instalaci\u00f3n y puesta en servicio del equipo de telecomunicaciones.<\/td>\n<\/tr>\n<tr style=\"height: 24px;\">\n<td style=\"width: 20.555%; border-color: #d1dbe0; background-color: #ebecec; height: 24px;\"><span style=\"font-size: 12pt;\"><strong>Dirigido a:<\/strong><\/span><\/td>\n<td style=\"width: 79.445%; border-color: #d1dbe0; height: 24px;\">Personal de entidades acad\u00e9micas y dependencias, que requieran el servicio de telecomunicaciones institucional para realizar las actividades docentes y administrativas sustantivas.<\/td>\n<\/tr>\n<tr style=\"height: 48px;\">\n<td style=\"width: 20.555%; border-color: #d1dbe0; background-color: #ebecec; height: 48px;\"><span style=\"font-size: 12pt;\"><strong>Requisitos:<\/strong><\/span><\/td>\n<td style=\"width: 79.445%; border-color: #d1dbe0; height: 48px;\">Se deber\u00e1 de solicitar el servicio de instalaci\u00f3n de nodos (cableado estructurado) a trav\u00e9s de:<br \/>\n\u2013 <a style=\"color: #337d97; text-decoration: underline;\" href=\"https:\/\/servicios.uv.mx\" target=\"_blank\" rel=\"noopener\">Herramienta para la Gesti\u00f3n de Servicios<\/a><br \/>\n\u2013 Correo electr\u00f3nico, en este se deber\u00e1 agregar el nombre de la persona o el espacio com\u00fan donde se realizar\u00e1 la instalaci\u00f3n, agregando el nombre de la persona que ser\u00e1 la responsable de recibir los trabajos una vez concluidos.<br \/>\n\u2013 <a style=\"color: #337d97; text-decoration: underline;\" href=\"https:\/\/hermes.uv.mx\/\" target=\"_blank\" rel=\"noopener\">Sistema de administraci\u00f3n y seguimiento de correspondencia (Hermes)<\/a><\/td>\n<\/tr>\n<tr style=\"height: 53px;\">\n<td style=\"width: 20.555%; border-color: #d1dbe0; background-color: #ebecec; height: 53px;\"><span style=\"font-size: 12pt;\"><strong>Medio de solicitud:<\/strong><\/span><\/td>\n<td style=\"width: 79.445%; border-color: #d1dbe0; height: 53px;\">La petici\u00f3n del servicio se podr\u00e1 realizar mediante correo electr\u00f3nico institucional, <a style=\"color: #337d97; text-decoration: underline;\" href=\"https:\/\/hermes.uv.mx\/\">Sistema de administraci\u00f3n y seguimiento de correspondencia (Hermes)<\/a>, <a style=\"color: #337d97; text-decoration: underline;\" href=\"https:\/\/servicios.uv.mx\">Herramienta para la Gesti\u00f3n de Servicios<\/a><\/td>\n<\/tr>\n<tr style=\"height: 24px;\">\n<td style=\"width: 20.555%; border-color: #d1dbe0; background-color: #ebecec; height: 24px;\"><span style=\"font-size: 12pt;\"><strong>Canales de entrega:<\/strong><\/span><\/td>\n<td style=\"width: 79.445%; border-color: #d1dbe0; height: 24px;\">Presencial<\/td>\n<\/tr>\n<tr style=\"height: 48px;\">\n<td style=\"width: 20.555%; border-color: #d1dbe0; background-color: #ebecec; height: 48px;\"><strong>Horario de atenci\u00f3n:<\/strong><\/td>\n<td style=\"width: 79.445%; border-color: #d1dbe0; height: 48px;\"><span style=\"font-size: 12pt;\">Lunes a viernes de 09:00 a 15:00 horas y de 16:00 a 18:00 horas, a excepci\u00f3n de los d\u00edas marcados en el <a style=\"color: #337d97; text-decoration: underline;\" href=\"https:\/\/www.uv.mx\/apps\/calendarios2026\" target=\"_blank\" rel=\"noopener noreferrer\"><u>calendario oficial de la UV de personal de confianza<\/u><\/a>, como no laborales.<\/span><\/td>\n<\/tr>\n<tr style=\"height: 48px;\">\n<td style=\"width: 20.555%; border-color: #d1dbe0; background-color: #ebecec; height: 48px;\"><strong>Documento o comprobante a obtener:<\/strong><span style=\"font-size: 12pt;\"><strong><br \/>\n<\/strong><\/span><\/td>\n<td style=\"width: 79.445%; border-color: #d1dbe0; height: 48px;\">\u2013 Acta de entrega de trabajo u hoja de servicio.<br \/>\n\u2013 Folio de herramienta de gesti\u00f3n de servicios.<\/td>\n<\/tr>\n<tr style=\"height: 24px;\">\n<td style=\"width: 20.555%; border-color: #d1dbe0; background-color: #ebecec; height: 24px;\"><span style=\"font-size: 12pt;\"><strong>Fundamento normativo:<\/strong><\/span><\/td>\n<td style=\"width: 79.445%; border-color: #d1dbe0; height: 24px;\">Art\u00edculo 249 Fracci\u00f3n IX del Estatuto General de la Universidad Veracruzana.<\/td>\n<\/tr>\n<tr style=\"height: 24px;\">\n<td style=\"width: 20.555%; border-color: #d1dbe0; background-color: #ebecec; height: 24px;\"><span style=\"font-size: 12pt;\"><strong>Restricciones:<\/strong><\/span><\/td>\n<td style=\"width: 79.445%; border-color: #d1dbe0; height: 24px;\">La justificaci\u00f3n debe estar basada en necesidades institucionales o proyectos de la entidad acad\u00e9mica o dependencia.<\/td>\n<\/tr>\n<tr style=\"height: 24px;\">\n<td style=\"width: 20.555%; border-color: #d1dbe0; background-color: #ebecec; height: 24px;\"><span style=\"font-size: 12pt;\"><strong>Costo:<\/strong><\/span><\/td>\n<td style=\"width: 79.445%; border-color: #d1dbe0; height: 24px;\"><span style=\"font-size: 12pt;\">Gratuito<\/span><\/td>\n<\/tr>\n<tr style=\"height: 24px;\">\n<td style=\"width: 20.555%; border-color: #d1dbe0; background-color: #ebecec; height: 24px;\"><span style=\"font-size: 12pt;\"><strong>Forma de pago:<\/strong><\/span><\/td>\n<td style=\"width: 79.445%; border-color: #d1dbe0; height: 24px;\"><span style=\"font-size: 12pt;\">No aplica<\/span><\/td>\n<\/tr>\n<tr style=\"height: 36px;\">\n<td style=\"width: 20.555%; border-color: #d1dbe0; background-color: #ebecec; height: 36px;\"><span style=\"font-size: 12pt;\"><strong>Tiempo de respuesta:<\/strong><\/span><\/td>\n<td style=\"width: 79.445%; border-color: #d1dbe0; height: 36px;\">Tiempo m\u00e1ximo de 72 hrs., h\u00e1biles.<\/td>\n<\/tr>\n<tr style=\"height: 24px;\">\n<td style=\"width: 20.555%; border-color: #d1dbe0; background-color: #ebecec; height: 24px;\"><span style=\"font-size: 12pt;\"><strong>Sitio Web:<\/strong><\/span><\/td>\n<td style=\"width: 79.445%; border-color: #d1dbe0; height: 24px;\"><span style=\"font-size: 12pt;\">No aplica<\/span><\/td>\n<\/tr>\n<tr style=\"height: 24px;\">\n<td style=\"width: 20.555%; border-color: #d1dbe0; background-color: #ebecec; height: 24px;\"><span style=\"font-size: 12pt;\"><strong>Servicios relacionados:<\/strong><\/span><\/td>\n<td style=\"width: 79.445%; border-color: #d1dbe0; height: 24px;\">Instalaci\u00f3n de:<br \/>\n&#8211; C\u00e9dula Instalaci\u00f3n de cableado<br \/>\n&#8211; RIUV &#8211; Red Inal\u00e1mbrica Universidad Veracruzana<\/td>\n<\/tr>\n<tr style=\"height: 24px;\">\n<td style=\"width: 20.555%; border-color: #d1dbe0; background-color: #ebecec; height: 24px;\"><span style=\"font-size: 12pt;\"><strong>Preguntas frecuentes:<\/strong><\/span><\/td>\n<td style=\"width: 79.445%; border-color: #d1dbe0; height: 24px;\"><strong>\u00bfEs necesaria la instalaci\u00f3n de infraestructura de soporte?<\/strong> R= Si, en caso de que no se cuente con dicha infraestructura<\/p>\n<p><strong>\u00bfLa DGTI proporciona equipos y materiales?<\/strong> R= No, en caso de que existan requerimientos de materiales y equipos, estos deben ser gestionados por el solicitante.<\/td>\n<\/tr>\n<tr style=\"height: 24px;\">\n<td style=\"width: 20.555%; border-color: #d1dbe0; background-color: #ebecec; height: 24px;\"><span style=\"font-size: 12pt;\"><strong>Apoyos digitales:<\/strong><\/span><\/td>\n<td style=\"width: 79.445%; border-color: #d1dbe0; height: 24px;\">No aplica<\/td>\n<\/tr>\n<\/tbody>\n<\/table>\n<p>&nbsp;<\/p>\n<table style=\"width: 100%; border-collapse: collapse; border-style: hidden;\" border=\"1\">\n<tbody>\n<tr style=\"height: 24px;\">\n<td style=\"width: 100%; border-color: #d1dbe0; background-color: #005baa; text-align: center; height: 24px;\" colspan=\"2\"><span style=\"color: #ffffff;\"><strong>DATOS DEL \u00c1REA RESPONSABLE \/ INFORMACI\u00d3N PARA CONSULTAS<\/strong><\/span><\/td>\n<\/tr>\n<tr style=\"height: 48px;\">\n<td style=\"width: 20.4785%; border-color: #d1dbe0; height: 48px; background-color: #ebecec;\"><span style=\"font-size: 12pt;\"><strong>Nombre de la persona responsable:<\/strong><\/span><\/td>\n<td style=\"width: 79.5215%; border-color: #d1dbe0; height: 48px;\">Lic. Gabriel Lozano Garc\u00eda<br \/>\nI.E. Marco Antonio Estrada Torres<\/td>\n<\/tr>\n<tr style=\"height: 24px;\">\n<td style=\"width: 20.4785%; border-color: #d1dbe0; height: 24px; background-color: #ebecec;\"><span style=\"font-size: 12pt;\"><strong>Puesto de la persona responsable:<\/strong><\/span><\/td>\n<td style=\"width: 79.5215%; border-color: #d1dbe0; height: 24px;\">Jefe de departamento de Redes y Telecomunicaciones<br \/>\nJefe de departamento de Infraestructura F\u00edsica de Red<\/td>\n<\/tr>\n<tr style=\"height: 48px;\">\n<td style=\"width: 20.4785%; border-color: #d1dbe0; height: 48px; background-color: #ebecec;\"><span style=\"font-size: 12pt;\"><strong>\u00c1rea responsable:<\/strong><\/span><\/td>\n<td style=\"width: 79.5215%; border-color: #d1dbe0; height: 48px;\">Direcci\u00f3n General de Tecnolog\u00eda de Informaci\u00f3n<br \/>\n<span style=\"font-size: 12pt;\">Direcci\u00f3n de Servicios de Red e infraestructura Tecnol\u00f3gica<\/span><\/td>\n<\/tr>\n<tr style=\"height: 24px;\">\n<td style=\"width: 20.4785%; border-color: #d1dbe0; height: 24px; background-color: #ebecec;\"><span style=\"font-size: 12pt;\"><strong>Departamento que presta el tr\u00e1mite o servicio:<\/strong><\/span><\/td>\n<td style=\"width: 79.5215%; border-color: #d1dbe0; height: 24px;\"><span style=\"font-size: 12pt;\">Departamento de Redes y Telecomunicaciones<br \/>\nDepartamento de Infraestructura F\u00edsica de Red<\/span><\/td>\n<\/tr>\n<tr>\n<td style=\"width: 20.4785%; border-color: #d1dbe0; background-color: #ebecec;\"><span style=\"font-size: 12pt;\"><strong>Direcci\u00f3n:<\/strong><\/span><\/td>\n<td style=\"width: 79.5215%; border-color: #d1dbe0;\"><span style=\"font-size: 12pt;\">Lomas del Estadio s\/n Edificio \u201cE\u201d 1er. Piso,<br \/>\nCol. Zona Universitaria CP 91000<\/span><br \/>\n<span style=\"font-size: 12pt;\">Xalapa, Veracruz, M\u00e9xico<\/span><\/td>\n<\/tr>\n<tr>\n<td style=\"width: 20.4785%; border-color: #d1dbe0; background-color: #ebecec;\"><span style=\"font-size: 12pt;\"><strong>Tel\u00e9fono:<\/strong><\/span><\/td>\n<td style=\"width: 79.5215%; border-color: #d1dbe0;\"><span style=\"font-size: 12pt;\">(228) 842 1700 Ext. 11790<\/span><\/td>\n<\/tr>\n<tr>\n<td style=\"width: 20.4785%; border-color: #d1dbe0; background-color: #ebecec;\"><span style=\"font-size: 12pt;\"><strong>Correo electr\u00f3nico:<\/strong><\/span><\/td>\n<td style=\"width: 79.5215%; border-color: #d1dbe0;\"><span style=\"font-size: 12pt;\"><a style=\"color: #337d97; text-decoration: underline;\" href=\"mailto:redes@uv.mx\"><u>redes@uv.mx<\/u><\/a>, <a style=\"color: #337d97; text-decoration: underline;\" href=\"mailto:glozano@uv.mx\">glozano@uv.mx<\/a>, <a style=\"color: #337d97; text-decoration: underline;\" href=\"mailto:mestrada@uv.mx\">mestrada@uv.mx <\/a><\/span><\/td>\n<\/tr>\n<tr>\n<td style=\"width: 20.4785%; border-color: #d1dbe0; background-color: #ebecec;\"><span style=\"font-size: 12pt;\"><strong>Horario de atenci\u00f3n:<\/strong><\/span><\/td>\n<td style=\"width: 79.5215%; border-color: #d1dbe0;\"><span style=\"font-size: 12pt;\">Lunes a viernes de 09:00 a 14:00 y 17:00 a 20:00 horas, a excepci\u00f3n, de los d\u00edas marcados en el <a style=\"color: #337d97; text-decoration: underline;\" href=\"https:\/\/www.uv.mx\/apps\/calendarios2026\" target=\"_blank\" rel=\"noopener noreferrer\">calendario oficial de la UV de personal de confianza<\/a>, como no laborales.<\/span><\/td>\n<\/tr>\n<\/tbody>\n<\/table>\n<p>&nbsp;<\/p>\n<table style=\"width: 100%; border-collapse: collapse; border-style: hidden;\" border=\"1\">\n<tbody>\n<tr style=\"height: 24px;\">\n<td style=\"width: 100%; border-color: #d1dbe0; background-color: #005baa; text-align: center; height: 24px;\" colspan=\"2\"><span style=\"color: #ffffff;\"><strong>INFORMACI\u00d3N PARA QUEJAS<\/strong><\/span><\/td>\n<\/tr>\n<tr style=\"height: 48px;\">\n<td style=\"width: 20.4785%; border-color: #d1dbe0; height: 48px; background-color: #ebecec;\"><span style=\"font-size: 12pt;\"><strong>\u00c1rea de la persona responsable:<\/strong><\/span><\/td>\n<td style=\"width: 79.5215%; border-color: #d1dbe0; height: 48px;\">Mtro. H\u00e9ctor Bonola Viru\u00e9s<\/td>\n<\/tr>\n<tr style=\"height: 24px;\">\n<td style=\"width: 20.4785%; border-color: #d1dbe0; height: 24px; background-color: #ebecec;\"><span style=\"font-size: 12pt;\"><strong>Departamento que presta el tr\u00e1mite o servicio:<\/strong><\/span><\/td>\n<td style=\"width: 79.5215%; border-color: #d1dbe0; height: 24px;\">Director de Servicios de Red e Infraestructura Tecnol\u00f3gica<\/td>\n<\/tr>\n<tr style=\"height: 72px;\">\n<td style=\"width: 20.4785%; border-color: #d1dbe0; height: 72px; background-color: #ebecec;\"><span style=\"font-size: 12pt;\"><strong>Direcci\u00f3n:<\/strong><\/span><\/td>\n<td style=\"width: 79.5215%; border-color: #d1dbe0; height: 72px;\"><span style=\"font-size: 12pt;\">Lomas del Estadio s\/n Edificio \u201cE\u201d 1er. Piso,<br \/>\nCol. Zona Universitaria CP 91000<\/span><br \/>\n<span style=\"font-size: 12pt;\">Xalapa, Veracruz, M\u00e9xico<\/span><\/td>\n<\/tr>\n<tr style=\"height: 24px;\">\n<td style=\"width: 20.4785%; border-color: #d1dbe0; height: 24px; background-color: #ebecec;\"><span style=\"font-size: 12pt;\"><strong>Tel\u00e9fono:<\/strong><\/span><\/td>\n<td style=\"width: 79.5215%; border-color: #d1dbe0; height: 24px;\"><span style=\"font-size: 12pt;\">(228) 842-17-00, 228 842-27-00 Ext. 11790<\/span><\/td>\n<\/tr>\n<tr style=\"height: 24px;\">\n<td style=\"width: 20.4785%; border-color: #d1dbe0; height: 24px; background-color: #ebecec;\"><span style=\"font-size: 12pt;\"><strong>Correo electr\u00f3nico:<\/strong><\/span><\/td>\n<td style=\"width: 79.5215%; border-color: #d1dbe0; height: 24px;\"><span style=\"font-size: 12pt;\"><a style=\"color: #337d97; text-decoration: underline;\" href=\"mailto:redes@uv.mx\"><u>redes@uv.mx<\/u><\/a><\/span><\/td>\n<\/tr>\n<tr style=\"height: 48px;\">\n<td style=\"width: 20.4785%; border-color: #d1dbe0; height: 48px; background-color: #ebecec;\"><span style=\"font-size: 12pt;\"><strong>Horario de atenci\u00f3n:<\/strong><\/span><\/td>\n<td style=\"width: 79.5215%; border-color: #d1dbe0; height: 48px;\"><span style=\"font-size: 12pt;\">Lunes a viernes de 09:00 a 14:00 y 17:00 a 20:00 horas, a excepci\u00f3n, de los d\u00edas marcados en el <a style=\"color: #337d97; text-decoration: underline;\" href=\"https:\/\/www.uv.mx\/apps\/calendarios2026\" target=\"_blank\" rel=\"noopener noreferrer\">calendario oficial de la UV de personal de confianza<\/a>, como no laborales.<\/span><\/td>\n<\/tr>\n<\/tbody>\n<\/table>\n<p>&nbsp;<\/p>\n","protected":false},"excerpt":{"rendered":"<p>Proporcionar el servicio de instalaci\u00f3n de equipo de telecomunicaciones (switch, AP, enlace inal\u00e1mbrico) con la finalidad de permitir la conectividad de usuarios, entidades acad\u00e9micas y dependencias a la red institucional.<\/p>\n","protected":false},"author":1753,"featured_media":0,"comment_status":"closed","ping_status":"closed","sticky":false,"template":"","format":"standard","meta":{"footnotes":""},"categories":[18],"tags":[10,67,50],"class_list":["post-8234","post","type-post","status-publish","format-standard","hentry","category-administrativos","tag-administrativos","tag-igeneral","tag-servicio_linea_admtvo"],"_links":{"self":[{"href":"https:\/\/www.uv.mx\/servicios\/wp-json\/wp\/v2\/posts\/8234","targetHints":{"allow":["GET"]}}],"collection":[{"href":"https:\/\/www.uv.mx\/servicios\/wp-json\/wp\/v2\/posts"}],"about":[{"href":"https:\/\/www.uv.mx\/servicios\/wp-json\/wp\/v2\/types\/post"}],"author":[{"embeddable":true,"href":"https:\/\/www.uv.mx\/servicios\/wp-json\/wp\/v2\/users\/1753"}],"replies":[{"embeddable":true,"href":"https:\/\/www.uv.mx\/servicios\/wp-json\/wp\/v2\/comments?post=8234"}],"version-history":[{"count":2,"href":"https:\/\/www.uv.mx\/servicios\/wp-json\/wp\/v2\/posts\/8234\/revisions"}],"predecessor-version":[{"id":8547,"href":"https:\/\/www.uv.mx\/servicios\/wp-json\/wp\/v2\/posts\/8234\/revisions\/8547"}],"wp:attachment":[{"href":"https:\/\/www.uv.mx\/servicios\/wp-json\/wp\/v2\/media?parent=8234"}],"wp:term":[{"taxonomy":"category","embeddable":true,"href":"https:\/\/www.uv.mx\/servicios\/wp-json\/wp\/v2\/categories?post=8234"},{"taxonomy":"post_tag","embeddable":true,"href":"https:\/\/www.uv.mx\/servicios\/wp-json\/wp\/v2\/tags?post=8234"}],"curies":[{"name":"wp","href":"https:\/\/api.w.org\/{rel}","templated":true}]}}