
{"id":5588,"date":"2020-03-03T13:05:19","date_gmt":"2020-03-03T19:05:19","guid":{"rendered":"https:\/\/www.uv.mx\/servicios\/?p=5588"},"modified":"2026-06-15T18:15:09","modified_gmt":"2026-06-16T00:15:09","slug":"instalacioneqvc","status":"publish","type":"post","link":"https:\/\/www.uv.mx\/servicios\/administrativos\/instalacioneqvc\/","title":{"rendered":"Instalaci\u00f3n de equipos de videoconferencia"},"content":{"rendered":"<table style=\"width: 100%; border-collapse: collapse; border-style: hidden;\" border=\"1\">\n<tbody>\n<tr>\n<td style=\"width: 100%; background-color: #005baa; border-color: #d1dbe0; text-align: center;\" colspan=\"2\"><span style=\"color: #ffffff;\"><strong>DATOS DEL TR\u00c1MITE O SERVICIO<\/strong><\/span><\/td>\n<\/tr>\n<tr>\n<td style=\"width: 20.4747%; border-color: #d1dbe0; background-color: #ebecec;\"><span style=\"font-size: 12pt;\"><strong>Descripci\u00f3n:<\/strong><\/span><\/td>\n<td style=\"width: 79.5253%; border-color: #d1dbe0;\"><span style=\"font-size: 12pt;\">Apoyar a las dependencias de la Universidad Veracruzana en la instalaci\u00f3n y configuraci\u00f3n de equipos de videoconferencia de nueva adquisici\u00f3n.<\/span><\/td>\n<\/tr>\n<tr>\n<td style=\"width: 20.4747%; border-color: #d1dbe0; background-color: #ebecec;\"><span style=\"font-size: 12pt;\"><strong>Tipo de tr\u00e1mite:<\/strong><\/span><\/td>\n<td style=\"width: 79.5253%; border-color: #d1dbe0;\"><span style=\"font-size: 12pt;\">No aplica<\/span><\/td>\n<\/tr>\n<tr>\n<td style=\"width: 20.4747%; border-color: #d1dbe0; background-color: #ebecec;\"><span style=\"font-size: 12pt;\"><strong>Identificaci\u00f3n tipo de servicio:<\/strong><\/span><\/td>\n<td style=\"width: 79.5253%; border-color: #d1dbe0;\"><span style=\"font-size: 12pt;\">Beneficio<\/span><\/td>\n<\/tr>\n<tr>\n<td style=\"width: 20.4747%; border-color: #d1dbe0; background-color: #ebecec;\"><span style=\"font-size: 12pt;\"><strong>Caracter\u00edsticas:<\/strong><\/span><\/td>\n<td style=\"width: 79.5253%; border-color: #d1dbe0;\">El servicio consiste en realizar una visita a la entidad o dependencia -previa cita- para realizar la configuraci\u00f3n de equipos de videoconferencia de nueva adquisici\u00f3n; incluye capacitaci\u00f3n en sitio para el personal que atender\u00e1 las transmisiones.<\/td>\n<\/tr>\n<tr>\n<td style=\"width: 20.4747%; border-color: #d1dbe0; background-color: #ebecec;\"><span style=\"font-size: 12pt;\"><strong>Dirigido a:<\/strong><\/span><\/td>\n<td style=\"width: 79.5253%; border-color: #d1dbe0;\">Personas titulares de entidades acad\u00e9micas y dependencias de la UV que adquirieron equipos de videoconferencia.<\/td>\n<\/tr>\n<tr>\n<td style=\"width: 20.4747%; border-color: #d1dbe0; background-color: #ebecec;\"><span style=\"font-size: 12pt;\"><strong>Requisitos:<\/strong><\/span><\/td>\n<td style=\"width: 79.5253%; border-color: #d1dbe0;\">La entidad acad\u00e9mica o dependencia deber\u00e1 contar con instalaciones de red y energ\u00eda el\u00e9ctrica que permitan la conexi\u00f3n de los equipos. En su defecto, deber\u00e1 gestionar los acondicionamientos necesarios.<\/td>\n<\/tr>\n<tr>\n<td style=\"width: 20.4747%; border-color: #d1dbe0; background-color: #ebecec;\"><span style=\"font-size: 12pt;\"><strong>Medio de solicitud:<\/strong><\/span><\/td>\n<td style=\"width: 79.5253%; border-color: #d1dbe0;\"><span style=\"font-size: 12pt;\">Enviar solicitud mediante correo electr\u00f3nico dirigido a: <a style=\"color: #337d97; text-decoration: underline;\" href=\"mailto:videoconferencias@uv.mx\">videoconferencias@uv.mx.<\/a><\/span><\/td>\n<\/tr>\n<tr>\n<td style=\"width: 20.4747%; border-color: #d1dbe0; background-color: #ebecec;\"><span style=\"font-size: 12pt;\"><strong>Canales de entrega:<\/strong><\/span><\/td>\n<td style=\"width: 79.5253%; border-color: #d1dbe0;\">Visita presencial del personal de videoconferencias a la entidad acad\u00e9mica o dependencia solicitante.<\/td>\n<\/tr>\n<tr>\n<td style=\"width: 20.4747%; border-color: #d1dbe0; background-color: #ebecec;\"><span style=\"font-size: 12pt;\"><strong>Horario de atenci\u00f3n:<\/strong><\/span><\/td>\n<td style=\"width: 79.5253%; border-color: #d1dbe0;\"><span style=\"font-size: 12pt;\">Lunes a viernes de 09:00 a 14:00 horas, a excepci\u00f3n de los d\u00edas marcados en el <a style=\"color: #337d97;\" href=\"https:\/\/www.uv.mx\/apps\/calendarios2026\" target=\"_blank\" rel=\"noopener noreferrer\"><u>calendario oficial de la UV de personal de confianza<\/u><\/a>, como no laborales.<\/span><\/td>\n<\/tr>\n<tr>\n<td style=\"width: 20.4747%; border-color: #d1dbe0; background-color: #ebecec;\"><span style=\"font-size: 12pt;\"><strong>Documento o comprobante a obtener:<\/strong><\/span><\/td>\n<td style=\"width: 79.5253%; border-color: #d1dbe0;\"><span style=\"font-size: 12pt;\"> Hoja de servicio.<\/span><\/td>\n<\/tr>\n<tr>\n<td style=\"width: 20.4747%; border-color: #d1dbe0; background-color: #ebecec;\"><span style=\"font-size: 12pt;\"><strong>Fundamento normativo:<\/strong><\/span><\/td>\n<td style=\"width: 79.5253%; border-color: #d1dbe0;\"><span style=\"font-size: 12pt;\"> Art\u00edculo 249 Fracciones IX y XVIII del Estatuto General de la Universidad Veracruzana.\u00a0<\/span><\/td>\n<\/tr>\n<tr>\n<td style=\"width: 20.4747%; border-color: #d1dbe0; background-color: #ebecec;\"><span style=\"font-size: 12pt;\"><strong>Restricciones:<\/strong><\/span><\/td>\n<td style=\"width: 79.5253%; border-color: #d1dbe0;\">La entidad acad\u00e9mica o dependencia deber\u00e1 contar con el equipo y las instalaciones f\u00edsicas \/ condiciones tecnol\u00f3gicas apropiadas para su instalaci\u00f3n.<\/td>\n<\/tr>\n<tr>\n<td style=\"width: 20.4747%; border-color: #d1dbe0; background-color: #ebecec;\"><span style=\"font-size: 12pt;\"><strong>Costo:<\/strong><\/span><\/td>\n<td style=\"width: 79.5253%; border-color: #d1dbe0;\"><span style=\"font-size: 12pt;\">Gratuito<\/span><\/td>\n<\/tr>\n<tr>\n<td style=\"width: 20.4747%; border-color: #d1dbe0; background-color: #ebecec;\"><span style=\"font-size: 12pt;\"><strong>Forma de pago:<\/strong><\/span><\/td>\n<td style=\"width: 79.5253%; border-color: #d1dbe0;\"><span style=\"font-size: 12pt;\">No aplica<\/span><\/td>\n<\/tr>\n<tr>\n<td style=\"width: 20.4747%; border-color: #d1dbe0; background-color: #ebecec;\"><span style=\"font-size: 12pt;\"><strong>Tiempo de respuesta:<\/strong><\/span><\/td>\n<td style=\"width: 79.5253%; border-color: #d1dbe0;\">2 semanas.<\/td>\n<\/tr>\n<tr>\n<td style=\"width: 20.4747%; border-color: #d1dbe0; background-color: #ebecec;\"><span style=\"font-size: 12pt;\"><strong>Sitio web:<\/strong><\/span><\/td>\n<td style=\"width: 79.5253%; border-color: #d1dbe0;\">No aplica<\/td>\n<\/tr>\n<tr>\n<td style=\"width: 20.4747%; border-color: #d1dbe0; background-color: #ebecec;\"><span style=\"font-size: 12pt;\"><strong>Servicios relacionados:<\/strong><\/span><\/td>\n<td style=\"width: 79.5253%; border-color: #d1dbe0;\">\u2013 Instalaci\u00f3n de cableado estructurado para la conexi\u00f3n a la red institucional.<br \/>\n\u2013 Instalaci\u00f3n y configuraci\u00f3n de equipo de telecomunicaciones.<\/td>\n<\/tr>\n<tr>\n<td style=\"width: 20.4747%; border-color: #d1dbe0; background-color: #ebecec;\"><span style=\"font-size: 12pt;\"><strong>Preguntas frecuentes:<\/strong><\/span><\/td>\n<td style=\"width: 79.5253%; border-color: #d1dbe0;\">No aplica<\/td>\n<\/tr>\n<tr>\n<td style=\"width: 20.4747%; border-color: #d1dbe0; background-color: #ebecec;\"><span style=\"font-size: 12pt;\"><strong>Apoyos digitales:<\/strong><\/span><\/td>\n<td style=\"width: 79.5253%; border-color: #d1dbe0;\"><span style=\"font-size: 12pt;\">No aplica<\/span><\/td>\n<\/tr>\n<\/tbody>\n<\/table>\n<p>&nbsp;<\/p>\n<table style=\"width: 100%; border-collapse: collapse; border-style: hidden;\" border=\"1\">\n<tbody>\n<tr style=\"height: 24px;\">\n<td style=\"width: 100%; border-color: #d1dbe0; background-color: #005baa; text-align: center; height: 24px;\" colspan=\"2\"><span style=\"color: #ffffff;\"><strong>DATOS DEL \u00c1REA RESPONSABLE \/ INFORMACI\u00d3N PARA CONSULTAS<\/strong><\/span><\/td>\n<\/tr>\n<tr style=\"height: 48px;\">\n<td style=\"width: 20.4785%; border-color: #d1dbe0; height: 35px; background-color: #ebecec;\"><span style=\"font-size: 12pt;\"><strong>Nombre de la persona responsable:<\/strong><\/span><\/td>\n<td style=\"width: 79.5215%; border-color: #d1dbe0; height: 35px;\">Mtro. Arturo Nandayapa Parada<\/td>\n<\/tr>\n<tr style=\"height: 24px;\">\n<td style=\"width: 20.4785%; border-color: #d1dbe0; height: 31px; background-color: #ebecec;\"><strong>Puesto de la persona responsable:<\/strong><\/td>\n<td style=\"width: 79.5215%; border-color: #d1dbe0; height: 31px;\">Jefe de departamento de Videoconferencias<\/td>\n<\/tr>\n<tr style=\"height: 48px;\">\n<td style=\"width: 20.4785%; border-color: #d1dbe0; height: 48px; background-color: #ebecec;\"><span style=\"font-size: 12pt;\"><strong>\u00c1rea responsable:<\/strong><\/span><\/td>\n<td style=\"width: 79.5215%; border-color: #d1dbe0; height: 48px;\">Direcci\u00f3n General de Tecnolog\u00eda de Informaci\u00f3n<br \/>\nDirecci\u00f3n de Servicios de Red e infraestructura Tecnol\u00f3gica<\/td>\n<\/tr>\n<tr style=\"height: 24px;\">\n<td style=\"width: 20.4785%; border-color: #d1dbe0; height: 24px; background-color: #ebecec;\"><span style=\"font-size: 12pt;\"><strong>Departamento que presta el tr\u00e1mite o servicio:<\/strong><\/span><\/td>\n<td style=\"width: 79.5215%; border-color: #d1dbe0; height: 24px;\"><span style=\"font-size: 12pt;\">Departamento de Videoconferencias<\/span><\/td>\n<\/tr>\n<tr style=\"height: 72px;\">\n<td style=\"width: 20.4785%; border-color: #d1dbe0; background-color: #ebecec; height: 72px;\"><span style=\"font-size: 12pt;\"><strong>Direcci\u00f3n:<\/strong><\/span><\/td>\n<td style=\"width: 79.5215%; border-color: #d1dbe0; height: 72px;\"><span style=\"font-size: 12pt;\">USBI-Xalapa.<\/span><br \/>\n<span style=\"font-size: 12pt;\">Campus para la Cultura, las Artes, y el Deporte<\/span><br \/>\n<span style=\"font-size: 12pt;\">Col. Emiliano Zapata. C.P. 91040<\/span><br \/>\n<span style=\"font-size: 12pt;\">Xalapa, Veracruz, M\u00e9xico.<\/span><\/td>\n<\/tr>\n<tr style=\"height: 24px;\">\n<td style=\"width: 20.4785%; border-color: #d1dbe0; background-color: #ebecec; height: 24px;\"><span style=\"font-size: 12pt;\"><strong>Tel\u00e9fono:<\/strong><\/span><\/td>\n<td style=\"width: 79.5215%; border-color: #d1dbe0; height: 24px;\"><span style=\"font-size: 12pt;\">(228) 842 1700 Ext. 11657<\/span><\/td>\n<\/tr>\n<tr style=\"height: 24px;\">\n<td style=\"width: 20.4785%; border-color: #d1dbe0; background-color: #ebecec; height: 24px;\"><span style=\"font-size: 12pt;\"><strong>Correo electr\u00f3nico:<\/strong><\/span><\/td>\n<td style=\"width: 79.5215%; border-color: #d1dbe0; height: 24px;\"><span style=\"font-size: 12pt;\"><a style=\"color: #337d97; text-decoration: underline;\" href=\"mailto:videoconferencias@uv.mx\">videoconferencias@uv.mx<\/a><\/span><\/td>\n<\/tr>\n<tr style=\"height: 48px;\">\n<td style=\"width: 20.4785%; border-color: #d1dbe0; background-color: #ebecec; height: 48px;\"><span style=\"font-size: 12pt;\"><strong>Horario de atenci\u00f3n:<\/strong><\/span><\/td>\n<td style=\"width: 79.5215%; border-color: #d1dbe0; height: 48px;\"><span style=\"font-size: 12pt;\">Lunes a viernes de 09:00 a 14:00 horas, a excepci\u00f3n, de los d\u00edas marcados en el <a style=\"color: #337d97; text-decoration: underline;\" href=\"https:\/\/www.uv.mx\/apps\/calendarios2026\" target=\"_blank\" rel=\"noopener noreferrer\">calendario oficial de la UV de personal de confianza<\/a>, como no laborales.<\/span><\/td>\n<\/tr>\n<\/tbody>\n<\/table>\n<p>&nbsp;<\/p>\n<table style=\"width: 100%; border-collapse: collapse; border-style: hidden;\" border=\"1\">\n<tbody>\n<tr style=\"height: 24px;\">\n<td style=\"width: 100%; border-color: #d1dbe0; background-color: #005baa; text-align: center; height: 24px;\" colspan=\"2\"><span style=\"color: #ffffff;\"><strong>INFORMACI\u00d3N PARA QUEJAS<\/strong><\/span><\/td>\n<\/tr>\n<tr style=\"height: 48px;\">\n<td style=\"width: 20.4785%; border-color: #d1dbe0; height: 48px; background-color: #ebecec;\"><span style=\"font-size: 12pt;\"><strong>Nombre de la persona responsable:<\/strong><\/span><\/td>\n<td style=\"width: 79.5215%; border-color: #d1dbe0; height: 48px;\">Mtro. H\u00e9ctor Bonola Viru\u00e9s<\/td>\n<\/tr>\n<tr style=\"height: 24px;\">\n<td style=\"width: 20.4785%; border-color: #d1dbe0; height: 24px; background-color: #ebecec;\"><strong>Puesto de la persona responsable:<\/strong><\/td>\n<td style=\"width: 79.5215%; border-color: #d1dbe0; height: 24px;\">Director de Servicios de Red e Infraestructura Tecnol\u00f3gica<\/td>\n<\/tr>\n<tr style=\"height: 72px;\">\n<td style=\"width: 20.4785%; border-color: #d1dbe0; height: 72px; background-color: #ebecec;\"><span style=\"font-size: 12pt;\"><strong>Direcci\u00f3n:<\/strong><\/span><\/td>\n<td style=\"width: 79.5215%; border-color: #d1dbe0; height: 72px;\">Lomas del Estadio s\/n Edificio \u201cE\u201d 1er. Piso,<br \/>\nCol. Zona Universitaria. C.P. 91000<br \/>\nXalapa, Veracruz, M\u00e9xico<\/td>\n<\/tr>\n<tr style=\"height: 24px;\">\n<td style=\"width: 20.4785%; border-color: #d1dbe0; height: 24px; background-color: #ebecec;\"><span style=\"font-size: 12pt;\"><strong>Tel\u00e9fono:<\/strong><\/span><\/td>\n<td style=\"width: 79.5215%; border-color: #d1dbe0; height: 24px;\"><span style=\"font-size: 12pt;\">(228) 842 1700 Ext. 11790<\/span><\/td>\n<\/tr>\n<tr style=\"height: 24px;\">\n<td style=\"width: 20.4785%; border-color: #d1dbe0; height: 24px; background-color: #ebecec;\"><span style=\"font-size: 12pt;\"><strong>Correo electr\u00f3nico:<\/strong><\/span><\/td>\n<td style=\"width: 79.5215%; border-color: #d1dbe0; height: 24px;\"><span style=\"font-size: 12pt;\"><a style=\"color: #337d97; text-decoration: underline;\" href=\"mailto:hbonola@uv.mx\">hbonola@uv.mx<\/a><\/span><\/td>\n<\/tr>\n<tr style=\"height: 48px;\">\n<td style=\"width: 20.4785%; border-color: #d1dbe0; height: 48px; background-color: #ebecec;\"><span style=\"font-size: 12pt;\"><strong>Horario de atenci\u00f3n:<\/strong><\/span><\/td>\n<td style=\"width: 79.5215%; border-color: #d1dbe0; height: 48px;\"><span style=\"font-size: 12pt;\">Lunes a viernes de 09:00 a 14:00 y 17:00 a 20:00 horas, a excepci\u00f3n, de los d\u00edas marcados en el <a style=\"color: #337d97; text-decoration: underline;\" href=\"https:\/\/www.uv.mx\/apps\/calendarios2026\" target=\"_blank\" rel=\"noopener noreferrer\">calendario oficial de la UV de personal de confianza<\/a>, como no laborales.<\/span><\/td>\n<\/tr>\n<\/tbody>\n<\/table>\n<p>&nbsp;<\/p>\n","protected":false},"excerpt":{"rendered":"<p>Apoyar a las dependencias de la Universidad Veracruzana en la instalaci\u00f3n y configuraci\u00f3n de equipos de videoconferencia de nueva adquisici\u00f3n.<\/p>\n","protected":false},"author":1753,"featured_media":0,"comment_status":"closed","ping_status":"closed","sticky":false,"template":"","format":"standard","meta":{"footnotes":""},"categories":[18],"tags":[10,67],"class_list":["post-5588","post","type-post","status-publish","format-standard","hentry","category-administrativos","tag-administrativos","tag-igeneral"],"_links":{"self":[{"href":"https:\/\/www.uv.mx\/servicios\/wp-json\/wp\/v2\/posts\/5588","targetHints":{"allow":["GET"]}}],"collection":[{"href":"https:\/\/www.uv.mx\/servicios\/wp-json\/wp\/v2\/posts"}],"about":[{"href":"https:\/\/www.uv.mx\/servicios\/wp-json\/wp\/v2\/types\/post"}],"author":[{"embeddable":true,"href":"https:\/\/www.uv.mx\/servicios\/wp-json\/wp\/v2\/users\/1753"}],"replies":[{"embeddable":true,"href":"https:\/\/www.uv.mx\/servicios\/wp-json\/wp\/v2\/comments?post=5588"}],"version-history":[{"count":2,"href":"https:\/\/www.uv.mx\/servicios\/wp-json\/wp\/v2\/posts\/5588\/revisions"}],"predecessor-version":[{"id":8515,"href":"https:\/\/www.uv.mx\/servicios\/wp-json\/wp\/v2\/posts\/5588\/revisions\/8515"}],"wp:attachment":[{"href":"https:\/\/www.uv.mx\/servicios\/wp-json\/wp\/v2\/media?parent=5588"}],"wp:term":[{"taxonomy":"category","embeddable":true,"href":"https:\/\/www.uv.mx\/servicios\/wp-json\/wp\/v2\/categories?post=5588"},{"taxonomy":"post_tag","embeddable":true,"href":"https:\/\/www.uv.mx\/servicios\/wp-json\/wp\/v2\/tags?post=5588"}],"curies":[{"name":"wp","href":"https:\/\/api.w.org\/{rel}","templated":true}]}}