
{"id":1963,"date":"2024-06-04T15:52:20","date_gmt":"2024-06-04T20:52:20","guid":{"rendered":"https:\/\/www.uv.mx\/programacapacitacion\/?p=1963"},"modified":"2024-06-07T19:12:52","modified_gmt":"2024-06-08T00:12:52","slug":"galeria-del-mes-de-marzo-2024","status":"publish","type":"post","link":"https:\/\/www.uv.mx\/programacapacitacion\/sin-categoria\/galeria-del-mes-de-marzo-2024\/","title":{"rendered":"Galer\u00eda del mes de marzo 2024"},"content":{"rendered":"<div dir=\"auto\"><\/div>\n<div dir=\"auto\">\n<hr \/>\n<\/div>\n<div dir=\"auto\"><strong><span style=\"color: #18529d\">Curso-taller: Bienestar emocional<\/span><\/strong><\/div>\n<div dir=\"auto\">\n<div class=\"xdj266r x11i5rnm xat24cr x1mh8g0r x1vvkbs x126k92a\">\n<div dir=\"auto\">Cierre del curso-taller dirigido al personal administrativo, t\u00e9cnico y manual de la regi\u00f3n Xalapa.<\/div>\n<\/div>\n<div class=\"x11i5rnm xat24cr x1mh8g0r x1vvkbs xtlvy1s x126k92a\">\n<div dir=\"auto\">Agradecemos la valiosa participaci\u00f3n de las y los trabajadores universitarios.<\/div>\n<div dir=\"auto\"><span style=\"color: #28ad56\">21 de marzo de 2024.<\/span><\/div>\n<\/div>\n<\/div>\n<div dir=\"auto\"><\/div>\n<div dir=\"auto\"><a href=\"https:\/\/www.uv.mx\/programacapacitacion\/files\/2024\/06\/433442920_825855162891238_3656228435359250452_n.jpg\"><img decoding=\"async\" loading=\"lazy\" class=\"alignnone wp-image-1997\" src=\"https:\/\/www.uv.mx\/programacapacitacion\/files\/2024\/06\/433442920_825855162891238_3656228435359250452_n.jpg\" alt=\"\" width=\"449\" height=\"270\" srcset=\"https:\/\/www.uv.mx\/programacapacitacion\/files\/2024\/06\/433442920_825855162891238_3656228435359250452_n.jpg 1458w, https:\/\/www.uv.mx\/programacapacitacion\/files\/2024\/06\/433442920_825855162891238_3656228435359250452_n-300x180.jpg 300w, https:\/\/www.uv.mx\/programacapacitacion\/files\/2024\/06\/433442920_825855162891238_3656228435359250452_n-1024x615.jpg 1024w, https:\/\/www.uv.mx\/programacapacitacion\/files\/2024\/06\/433442920_825855162891238_3656228435359250452_n-768x461.jpg 768w\" sizes=\"(max-width: 449px) 100vw, 449px\" \/><\/a> <a href=\"https:\/\/www.uv.mx\/programacapacitacion\/files\/2024\/06\/433434913_825855142891240_612776982382206474_n-1.jpg\"><img decoding=\"async\" loading=\"lazy\" class=\"alignnone wp-image-1998\" src=\"https:\/\/www.uv.mx\/programacapacitacion\/files\/2024\/06\/433434913_825855142891240_612776982382206474_n-1.jpg\" alt=\"\" width=\"506\" height=\"270\" srcset=\"https:\/\/www.uv.mx\/programacapacitacion\/files\/2024\/06\/433434913_825855142891240_612776982382206474_n-1.jpg 1500w, https:\/\/www.uv.mx\/programacapacitacion\/files\/2024\/06\/433434913_825855142891240_612776982382206474_n-1-300x160.jpg 300w, https:\/\/www.uv.mx\/programacapacitacion\/files\/2024\/06\/433434913_825855142891240_612776982382206474_n-1-1024x546.jpg 1024w, https:\/\/www.uv.mx\/programacapacitacion\/files\/2024\/06\/433434913_825855142891240_612776982382206474_n-1-768x410.jpg 768w\" sizes=\"(max-width: 506px) 100vw, 506px\" \/><\/a><\/div>\n<div dir=\"auto\"><\/div>\n<div dir=\"auto\"><\/div>\n<div dir=\"auto\">\n<hr \/>\n<\/div>\n<div dir=\"auto\"><span style=\"color: #18529d\"><strong>Curso de Comunicaci\u00f3n efectiva y habilidades sociales<\/strong><\/span><\/div>\n<div dir=\"auto\">\n<div class=\"xdj266r x11i5rnm xat24cr x1mh8g0r x1vvkbs x126k92a\">\n<div dir=\"auto\">El d\u00eda de hoy se imparti\u00f3 por la <span class=\"html-span xdj266r x11i5rnm xat24cr x1mh8g0r xexx8yu x4uap5 x18d9i69 xkhd6sd x1hl2dhg x16tdsg8 x1vvkbs\"><a class=\"x1i10hfl xjbqb8w x1ejq31n xd10rxx x1sy0etr x17r0tee x972fbf xcfux6l x1qhh985 xm0m39n x9f619 x1ypdohk xt0psk2 xe8uvvx xdj266r x11i5rnm xat24cr x1mh8g0r xexx8yu x4uap5 x18d9i69 xkhd6sd x16tdsg8 x1hl2dhg xggy1nq x1a2a7pz x1sur9pj xkrqix3 x1fey0fg xo1l8bm\" role=\"link\" href=\"https:\/\/www.facebook.com\/STPSPveracruz1?__cft__[0]=AZVU4JNn6ecRsPYm2ENXtuQfAuY7VNCJ-OyzmQMhBZeQM-NOB77_573UIgnCjx9KU4dML9aJ2sTTRZ5Rf0inBCAWWa6TlIHBnC97fR8lxArcXvSs50WXImB_pZLtuYlGoCTl_VzMkT0qfAQ8lUt91AWu7nSUVOvC4GxGnlbc7aUbNIDRdugG6XqiVq6RmEuBp501FqDBvGkPKuH0HwHOabBB&amp;__tn__=-]K-R\"><span class=\"xt0psk2\">Secretar\u00eda de Trabajo, Previsi\u00f3n Social y Productividad Veracruz<\/span><\/a><\/span> y dirigido al personal administrativo, t\u00e9cnico y manual de las regiones <span class=\"html-span xdj266r x11i5rnm xat24cr x1mh8g0r xexx8yu x4uap5 x18d9i69 xkhd6sd x1hl2dhg x16tdsg8 x1vvkbs\"><a class=\"x1i10hfl xjbqb8w x1ejq31n xd10rxx x1sy0etr x17r0tee x972fbf xcfux6l x1qhh985 xm0m39n x9f619 x1ypdohk xt0psk2 xe8uvvx xdj266r x11i5rnm xat24cr x1mh8g0r xexx8yu x4uap5 x18d9i69 xkhd6sd x16tdsg8 x1hl2dhg xggy1nq x1a2a7pz x1sur9pj xkrqix3 x1fey0fg xo1l8bm\" role=\"link\" href=\"https:\/\/www.facebook.com\/UVRegionVeracruz?__cft__[0]=AZVU4JNn6ecRsPYm2ENXtuQfAuY7VNCJ-OyzmQMhBZeQM-NOB77_573UIgnCjx9KU4dML9aJ2sTTRZ5Rf0inBCAWWa6TlIHBnC97fR8lxArcXvSs50WXImB_pZLtuYlGoCTl_VzMkT0qfAQ8lUt91AWu7nSUVOvC4GxGnlbc7aUbNIDRdugG6XqiVq6RmEuBp501FqDBvGkPKuH0HwHOabBB&amp;__tn__=-]K-R\"><span class=\"xt0psk2\">Veracruz<\/span><\/a><\/span>, <span class=\"html-span xdj266r x11i5rnm xat24cr x1mh8g0r xexx8yu x4uap5 x18d9i69 xkhd6sd x1hl2dhg x16tdsg8 x1vvkbs\"><a class=\"x1i10hfl xjbqb8w x1ejq31n xd10rxx x1sy0etr x17r0tee x972fbf xcfux6l x1qhh985 xm0m39n x9f619 x1ypdohk xt0psk2 xe8uvvx xdj266r x11i5rnm xat24cr x1mh8g0r xexx8yu x4uap5 x18d9i69 xkhd6sd x16tdsg8 x1hl2dhg xggy1nq x1a2a7pz x1sur9pj xkrqix3 x1fey0fg xo1l8bm\" role=\"link\" href=\"https:\/\/www.facebook.com\/UV.OrizabaCordoba?__cft__[0]=AZVU4JNn6ecRsPYm2ENXtuQfAuY7VNCJ-OyzmQMhBZeQM-NOB77_573UIgnCjx9KU4dML9aJ2sTTRZ5Rf0inBCAWWa6TlIHBnC97fR8lxArcXvSs50WXImB_pZLtuYlGoCTl_VzMkT0qfAQ8lUt91AWu7nSUVOvC4GxGnlbc7aUbNIDRdugG6XqiVq6RmEuBp501FqDBvGkPKuH0HwHOabBB&amp;__tn__=-]K-R\"><span class=\"xt0psk2\">Orizaba-C\u00f3rdoba<\/span><\/a><\/span>, Poza Rica-Tuxpan y <span class=\"html-span xdj266r x11i5rnm xat24cr x1mh8g0r xexx8yu x4uap5 x18d9i69 xkhd6sd x1hl2dhg x16tdsg8 x1vvkbs\"><a class=\"x1i10hfl xjbqb8w x1ejq31n xd10rxx x1sy0etr x17r0tee x972fbf xcfux6l x1qhh985 xm0m39n x9f619 x1ypdohk xt0psk2 xe8uvvx xdj266r x11i5rnm xat24cr x1mh8g0r xexx8yu x4uap5 x18d9i69 xkhd6sd x16tdsg8 x1hl2dhg xggy1nq x1a2a7pz x1sur9pj xkrqix3 x1fey0fg xo1l8bm\" role=\"link\" href=\"https:\/\/www.facebook.com\/Vicerrectoria?__cft__[0]=AZVU4JNn6ecRsPYm2ENXtuQfAuY7VNCJ-OyzmQMhBZeQM-NOB77_573UIgnCjx9KU4dML9aJ2sTTRZ5Rf0inBCAWWa6TlIHBnC97fR8lxArcXvSs50WXImB_pZLtuYlGoCTl_VzMkT0qfAQ8lUt91AWu7nSUVOvC4GxGnlbc7aUbNIDRdugG6XqiVq6RmEuBp501FqDBvGkPKuH0HwHOabBB&amp;__tn__=-]K-R\"><span class=\"xt0psk2\">Coatzacoalcos-Minatitl\u00e1n<\/span><\/a><\/span>.<\/div>\n<\/div>\n<div class=\"x11i5rnm xat24cr x1mh8g0r x1vvkbs xtlvy1s x126k92a\">\n<div dir=\"auto\">Agradecemos la valiosa participaci\u00f3n de las y los trabajadores universitarios.<\/div>\n<div dir=\"auto\"><span style=\"color: #28ad56\">21 de marzo de 2024.<\/span><\/div>\n<\/div>\n<\/div>\n<div dir=\"auto\"><\/div>\n<div dir=\"auto\"><a href=\"https:\/\/www.uv.mx\/programacapacitacion\/files\/2024\/06\/432729629_825742959569125_4358851687394154605_n.jpg\"><img decoding=\"async\" loading=\"lazy\" class=\"alignnone wp-image-1994\" src=\"https:\/\/www.uv.mx\/programacapacitacion\/files\/2024\/06\/432729629_825742959569125_4358851687394154605_n.jpg\" alt=\"\" width=\"480\" height=\"270\" srcset=\"https:\/\/www.uv.mx\/programacapacitacion\/files\/2024\/06\/432729629_825742959569125_4358851687394154605_n.jpg 1280w, https:\/\/www.uv.mx\/programacapacitacion\/files\/2024\/06\/432729629_825742959569125_4358851687394154605_n-300x169.jpg 300w, https:\/\/www.uv.mx\/programacapacitacion\/files\/2024\/06\/432729629_825742959569125_4358851687394154605_n-1024x576.jpg 1024w, https:\/\/www.uv.mx\/programacapacitacion\/files\/2024\/06\/432729629_825742959569125_4358851687394154605_n-768x432.jpg 768w\" sizes=\"(max-width: 480px) 100vw, 480px\" \/><\/a> <a href=\"https:\/\/www.uv.mx\/programacapacitacion\/files\/2024\/06\/433443717_825742962902458_1985063714707163960_n.jpg\"><img decoding=\"async\" loading=\"lazy\" class=\"alignnone wp-image-1995\" src=\"https:\/\/www.uv.mx\/programacapacitacion\/files\/2024\/06\/433443717_825742962902458_1985063714707163960_n.jpg\" alt=\"\" width=\"480\" height=\"270\" srcset=\"https:\/\/www.uv.mx\/programacapacitacion\/files\/2024\/06\/433443717_825742962902458_1985063714707163960_n.jpg 1280w, https:\/\/www.uv.mx\/programacapacitacion\/files\/2024\/06\/433443717_825742962902458_1985063714707163960_n-300x169.jpg 300w, https:\/\/www.uv.mx\/programacapacitacion\/files\/2024\/06\/433443717_825742962902458_1985063714707163960_n-1024x576.jpg 1024w, https:\/\/www.uv.mx\/programacapacitacion\/files\/2024\/06\/433443717_825742962902458_1985063714707163960_n-768x432.jpg 768w\" sizes=\"(max-width: 480px) 100vw, 480px\" \/><\/a><\/div>\n<div dir=\"auto\"><\/div>\n<div dir=\"auto\"><\/div>\n<div dir=\"auto\">\n<hr \/>\n<\/div>\n<div dir=\"auto\"><strong><span style=\"color: #18529d\">Curso de Calidad en el servicio<\/span><\/strong><\/div>\n<div dir=\"auto\">Se realiz\u00f3 el , dirigido al personal administrativo de las 5 regiones universitarias.<\/div>\n<div dir=\"auto\">\n<div class=\"x11i5rnm xat24cr x1mh8g0r x1vvkbs xtlvy1s x126k92a\">\n<div dir=\"auto\">Esta acci\u00f3n de capacitaci\u00f3n fue impartida por la <span class=\"html-span xdj266r x11i5rnm xat24cr x1mh8g0r xexx8yu x4uap5 x18d9i69 xkhd6sd x1hl2dhg x16tdsg8 x1vvkbs\"><a class=\"x1i10hfl xjbqb8w x1ejq31n xd10rxx x1sy0etr x17r0tee x972fbf xcfux6l x1qhh985 xm0m39n x9f619 x1ypdohk xt0psk2 xe8uvvx xdj266r x11i5rnm xat24cr x1mh8g0r xexx8yu x4uap5 x18d9i69 xkhd6sd x16tdsg8 x1hl2dhg xggy1nq x1a2a7pz x1sur9pj xkrqix3 x1fey0fg xo1l8bm\" role=\"link\" href=\"https:\/\/www.facebook.com\/STPSPveracruz1?__cft__[0]=AZVGFxgMz7KrlZv8YbTqdzvA2KibY2vFtuJoIoMd0AZzYfFcZAhHbGPH8ELoHZAVS8Z8ByQCTaQ5VBwstLaksbYzPKHskW05WLG97W5jxZr12fOxlGbqt1Ub7mfm0O5f1zG3KxS6QtG4heTjYGT0yeqA0cIk_IWqY0y4e6-hzL4wGzMRCq28_i_7YJQrDsBrXuXS9UUt4jnKxpnLhHFtTRjg&amp;__tn__=-]K-R\"><span class=\"xt0psk2\">Secretar\u00eda de Trabajo, Previsi\u00f3n Social y Productividad Veracruz<\/span><\/a><\/span>.<\/div>\n<\/div>\n<div class=\"x11i5rnm xat24cr x1mh8g0r x1vvkbs xtlvy1s x126k92a\">\n<div dir=\"auto\">Agradecemos la valiosa participaci\u00f3n de las y los trabajadores universitarios.<\/div>\n<div dir=\"auto\"><span style=\"color: #28ad56\">14 de marzo de 2024.<\/span><\/div>\n<\/div>\n<\/div>\n<div dir=\"auto\"><\/div>\n<div dir=\"auto\"><a href=\"https:\/\/www.uv.mx\/programacapacitacion\/files\/2024\/06\/432862872_821492479994173_3219167705705596275_n.jpg\"><img decoding=\"async\" loading=\"lazy\" class=\"alignnone wp-image-1992\" src=\"https:\/\/www.uv.mx\/programacapacitacion\/files\/2024\/06\/432862872_821492479994173_3219167705705596275_n.jpg\" alt=\"\" width=\"480\" height=\"270\" srcset=\"https:\/\/www.uv.mx\/programacapacitacion\/files\/2024\/06\/432862872_821492479994173_3219167705705596275_n.jpg 1280w, https:\/\/www.uv.mx\/programacapacitacion\/files\/2024\/06\/432862872_821492479994173_3219167705705596275_n-300x169.jpg 300w, https:\/\/www.uv.mx\/programacapacitacion\/files\/2024\/06\/432862872_821492479994173_3219167705705596275_n-1024x576.jpg 1024w, https:\/\/www.uv.mx\/programacapacitacion\/files\/2024\/06\/432862872_821492479994173_3219167705705596275_n-768x432.jpg 768w\" sizes=\"(max-width: 480px) 100vw, 480px\" \/><\/a> <a href=\"https:\/\/www.uv.mx\/programacapacitacion\/files\/2024\/06\/433107797_821492499994171_6919319529892306357_n.jpg\"><img decoding=\"async\" loading=\"lazy\" class=\"alignnone wp-image-1993\" src=\"https:\/\/www.uv.mx\/programacapacitacion\/files\/2024\/06\/433107797_821492499994171_6919319529892306357_n.jpg\" alt=\"\" width=\"480\" height=\"270\" srcset=\"https:\/\/www.uv.mx\/programacapacitacion\/files\/2024\/06\/433107797_821492499994171_6919319529892306357_n.jpg 1280w, https:\/\/www.uv.mx\/programacapacitacion\/files\/2024\/06\/433107797_821492499994171_6919319529892306357_n-300x169.jpg 300w, https:\/\/www.uv.mx\/programacapacitacion\/files\/2024\/06\/433107797_821492499994171_6919319529892306357_n-1024x576.jpg 1024w, https:\/\/www.uv.mx\/programacapacitacion\/files\/2024\/06\/433107797_821492499994171_6919319529892306357_n-768x432.jpg 768w\" sizes=\"(max-width: 480px) 100vw, 480px\" \/><\/a><\/div>\n<div dir=\"auto\"><\/div>\n<div dir=\"auto\"><\/div>\n<div dir=\"auto\">\n<hr \/>\n<\/div>\n<div dir=\"auto\"><strong><span style=\"color: #18529d\">Curso-taller: Transparencia, Acceso a la Informaci\u00f3n y Protecci\u00f3n de Datos Personales<\/span><\/strong><\/div>\n<div dir=\"auto\">\n<div class=\"xdj266r x11i5rnm xat24cr x1mh8g0r x1vvkbs x126k92a\">\n<div dir=\"auto\">Una edici\u00f3n m\u00e1s del curso en colaboraci\u00f3n con la <span class=\"html-span xdj266r x11i5rnm xat24cr x1mh8g0r xexx8yu x4uap5 x18d9i69 xkhd6sd x1hl2dhg x16tdsg8 x1vvkbs\"><a class=\"x1i10hfl xjbqb8w x1ejq31n xd10rxx x1sy0etr x17r0tee x972fbf xcfux6l x1qhh985 xm0m39n x9f619 x1ypdohk xt0psk2 xe8uvvx xdj266r x11i5rnm xat24cr x1mh8g0r xexx8yu x4uap5 x18d9i69 xkhd6sd x16tdsg8 x1hl2dhg xggy1nq x1a2a7pz x1sur9pj xkrqix3 x1fey0fg xo1l8bm\" role=\"link\" href=\"https:\/\/www.facebook.com\/profile.php?id=100063939465122&amp;__cft__[0]=AZUufjRBN8Ua2hUyXM3eMxI7ABHECMAUnvMEj6W0iNZq6Kov7SWOvQXcoXd364Vmoabf3UPrptMLrCFgziRmIv8LK57NlFaH7hkTHb3ULyxUu-x9lkJ8vl7VPwB6GgpacK4Kb4NmWLvnUNqIwSUV7A1vXLY6pe-NqtGK3mWSsFHxfRnT4Xmw5kjhD1voraV2BN20mnXUPbkcXA1NatrGNWQ3&amp;__tn__=-]K-R\"><span class=\"xt0psk2\">CUTAI-UV<\/span><\/a><\/span>.<\/div>\n<\/div>\n<div class=\"x11i5rnm xat24cr x1mh8g0r x1vvkbs xtlvy1s x126k92a\">\n<div dir=\"auto\">Agradecemos la valiosa participaci\u00f3n de las y los trabajadores universitarios.<\/div>\n<div dir=\"auto\"><span style=\"color: #28ad56\">14 de marzo de 2024.<\/span><\/div>\n<\/div>\n<\/div>\n<div dir=\"auto\"><\/div>\n<div dir=\"auto\"><a href=\"https:\/\/www.uv.mx\/programacapacitacion\/files\/2024\/06\/432488998_821485339994887_256246240670492430_n.jpg\"><img decoding=\"async\" loading=\"lazy\" class=\"alignnone wp-image-1988\" src=\"https:\/\/www.uv.mx\/programacapacitacion\/files\/2024\/06\/432488998_821485339994887_256246240670492430_n.jpg\" alt=\"\" width=\"480\" height=\"270\" srcset=\"https:\/\/www.uv.mx\/programacapacitacion\/files\/2024\/06\/432488998_821485339994887_256246240670492430_n.jpg 1600w, https:\/\/www.uv.mx\/programacapacitacion\/files\/2024\/06\/432488998_821485339994887_256246240670492430_n-300x169.jpg 300w, https:\/\/www.uv.mx\/programacapacitacion\/files\/2024\/06\/432488998_821485339994887_256246240670492430_n-1024x576.jpg 1024w, https:\/\/www.uv.mx\/programacapacitacion\/files\/2024\/06\/432488998_821485339994887_256246240670492430_n-768x432.jpg 768w, https:\/\/www.uv.mx\/programacapacitacion\/files\/2024\/06\/432488998_821485339994887_256246240670492430_n-1536x864.jpg 1536w\" sizes=\"(max-width: 480px) 100vw, 480px\" \/><\/a> <a href=\"https:\/\/www.uv.mx\/programacapacitacion\/files\/2024\/06\/432626831_821485343328220_6401420006635478093_n-3.jpg\"><img decoding=\"async\" loading=\"lazy\" class=\"alignnone wp-image-1991\" src=\"https:\/\/www.uv.mx\/programacapacitacion\/files\/2024\/06\/432626831_821485343328220_6401420006635478093_n-3.jpg\" alt=\"\" width=\"480\" height=\"270\" srcset=\"https:\/\/www.uv.mx\/programacapacitacion\/files\/2024\/06\/432626831_821485343328220_6401420006635478093_n-3.jpg 1600w, https:\/\/www.uv.mx\/programacapacitacion\/files\/2024\/06\/432626831_821485343328220_6401420006635478093_n-3-300x169.jpg 300w, https:\/\/www.uv.mx\/programacapacitacion\/files\/2024\/06\/432626831_821485343328220_6401420006635478093_n-3-1024x576.jpg 1024w, https:\/\/www.uv.mx\/programacapacitacion\/files\/2024\/06\/432626831_821485343328220_6401420006635478093_n-3-768x432.jpg 768w, https:\/\/www.uv.mx\/programacapacitacion\/files\/2024\/06\/432626831_821485343328220_6401420006635478093_n-3-1536x864.jpg 1536w\" sizes=\"(max-width: 480px) 100vw, 480px\" \/><\/a><\/div>\n<div dir=\"auto\"><\/div>\n<div dir=\"auto\"><\/div>\n<div dir=\"auto\">\n<hr \/>\n<\/div>\n<div dir=\"auto\"><strong><span style=\"color: #18529d\"> Curso-taller: Excel para procesos administrativos &#8211; Nivel intermedio<\/span><\/strong><\/div>\n<div dir=\"auto\">\n<div class=\"xdj266r x11i5rnm xat24cr x1mh8g0r x1vvkbs x126k92a\">\n<div dir=\"auto\">Concluy\u00f3 el curso dirigido al personal administrativo de la <span class=\"html-span xdj266r x11i5rnm xat24cr x1mh8g0r xexx8yu x4uap5 x18d9i69 xkhd6sd x1hl2dhg x16tdsg8 x1vvkbs\"><a class=\"x1i10hfl xjbqb8w x1ejq31n xd10rxx x1sy0etr x17r0tee x972fbf xcfux6l x1qhh985 xm0m39n x9f619 x1ypdohk xt0psk2 xe8uvvx xdj266r x11i5rnm xat24cr x1mh8g0r xexx8yu x4uap5 x18d9i69 xkhd6sd x16tdsg8 x1hl2dhg xggy1nq x1a2a7pz x1sur9pj xkrqix3 x1fey0fg xo1l8bm\" role=\"link\" href=\"https:\/\/www.facebook.com\/DGAEUV?__cft__[0]=AZWqUFH6V-MeKgD4_060IryQOGlWukp6bMH4k7Lo6UKFRDd9qrqc_Cwrl3vLj_eLJ6nuCO7ZEQCDcFusNson4BCQWddhfto1Euymnks_NwpbY02DF7Rb7vCStMtFEgyV45qugb0twcITmb52d52jiPdeUyko-tpEIpNtbZvW7euPtvbG72fxh0Q-jbTv95ftnIgvSEIoqFLMV3oZw9Sc8_Mt&amp;__tn__=-]K-R\"><span class=\"xt0psk2\">Direcci\u00f3n General de Administraci\u00f3n Escolar DGAE UV<\/span><\/a><\/span>.<\/div>\n<\/div>\n<div class=\"x11i5rnm xat24cr x1mh8g0r x1vvkbs xtlvy1s x126k92a\">\n<div dir=\"auto\">Agradecemos la valiosa participaci\u00f3n de cada colaboradora y colaborador universitario.<\/div>\n<div dir=\"auto\"><span style=\"color: #28ad56\">13 de marzo de 2024.<\/span><\/div>\n<\/div>\n<\/div>\n<div dir=\"auto\"><\/div>\n<div dir=\"auto\"><a href=\"https:\/\/www.uv.mx\/programacapacitacion\/files\/2024\/06\/430836095_820824400060981_2378239917992380527_n.jpg\"><img decoding=\"async\" loading=\"lazy\" class=\"alignnone wp-image-1985\" src=\"https:\/\/www.uv.mx\/programacapacitacion\/files\/2024\/06\/430836095_820824400060981_2378239917992380527_n.jpg\" alt=\"\" width=\"480\" height=\"270\" srcset=\"https:\/\/www.uv.mx\/programacapacitacion\/files\/2024\/06\/430836095_820824400060981_2378239917992380527_n.jpg 1280w, https:\/\/www.uv.mx\/programacapacitacion\/files\/2024\/06\/430836095_820824400060981_2378239917992380527_n-300x169.jpg 300w, https:\/\/www.uv.mx\/programacapacitacion\/files\/2024\/06\/430836095_820824400060981_2378239917992380527_n-1024x576.jpg 1024w, https:\/\/www.uv.mx\/programacapacitacion\/files\/2024\/06\/430836095_820824400060981_2378239917992380527_n-768x432.jpg 768w\" sizes=\"(max-width: 480px) 100vw, 480px\" \/><\/a> <a href=\"https:\/\/www.uv.mx\/programacapacitacion\/files\/2024\/06\/432575269_820824413394313_2349806190558709574_n.jpg\"><img decoding=\"async\" loading=\"lazy\" class=\"alignnone wp-image-1986\" src=\"https:\/\/www.uv.mx\/programacapacitacion\/files\/2024\/06\/432575269_820824413394313_2349806190558709574_n.jpg\" alt=\"\" width=\"480\" height=\"270\" srcset=\"https:\/\/www.uv.mx\/programacapacitacion\/files\/2024\/06\/432575269_820824413394313_2349806190558709574_n.jpg 1280w, https:\/\/www.uv.mx\/programacapacitacion\/files\/2024\/06\/432575269_820824413394313_2349806190558709574_n-300x169.jpg 300w, https:\/\/www.uv.mx\/programacapacitacion\/files\/2024\/06\/432575269_820824413394313_2349806190558709574_n-1024x576.jpg 1024w, https:\/\/www.uv.mx\/programacapacitacion\/files\/2024\/06\/432575269_820824413394313_2349806190558709574_n-768x432.jpg 768w\" sizes=\"(max-width: 480px) 100vw, 480px\" \/><\/a><\/div>\n<div dir=\"auto\"><\/div>\n<div dir=\"auto\"><\/div>\n<div dir=\"auto\">\n<hr \/>\n<\/div>\n<div dir=\"auto\"><span style=\"color: #18529d\"><strong>Curso-taller: Manejo positivo del estr\u00e9s<\/strong><\/span><\/div>\n<div dir=\"auto\">\n<div class=\"xdj266r x11i5rnm xat24cr x1mh8g0r x1vvkbs x126k92a\">\n<div dir=\"auto\">Inici\u00f3 el curso dirigido al personal administrativo de las 5 regiones universitarias.<\/div>\n<\/div>\n<div class=\"x11i5rnm xat24cr x1mh8g0r x1vvkbs xtlvy1s x126k92a\">\n<div dir=\"auto\">Agradecemos la valiosa participaci\u00f3n de cada colaboradora y colaborador universitario.<\/div>\n<div dir=\"auto\"><span style=\"color: #28ad56\">12 de marzo de 2024.<\/span><\/div>\n<\/div>\n<\/div>\n<div dir=\"auto\"><\/div>\n<div dir=\"auto\"><a href=\"https:\/\/www.uv.mx\/programacapacitacion\/files\/2024\/06\/431822890_820291173447637_6872851495903875875_n-3.jpg\"><img decoding=\"async\" loading=\"lazy\" class=\"alignnone wp-image-1984\" src=\"https:\/\/www.uv.mx\/programacapacitacion\/files\/2024\/06\/431822890_820291173447637_6872851495903875875_n-3.jpg\" alt=\"\" width=\"527\" height=\"270\" srcset=\"https:\/\/www.uv.mx\/programacapacitacion\/files\/2024\/06\/431822890_820291173447637_6872851495903875875_n-3.jpg 2048w, https:\/\/www.uv.mx\/programacapacitacion\/files\/2024\/06\/431822890_820291173447637_6872851495903875875_n-3-300x154.jpg 300w, https:\/\/www.uv.mx\/programacapacitacion\/files\/2024\/06\/431822890_820291173447637_6872851495903875875_n-3-1024x525.jpg 1024w, https:\/\/www.uv.mx\/programacapacitacion\/files\/2024\/06\/431822890_820291173447637_6872851495903875875_n-3-768x393.jpg 768w, https:\/\/www.uv.mx\/programacapacitacion\/files\/2024\/06\/431822890_820291173447637_6872851495903875875_n-3-1536x787.jpg 1536w\" sizes=\"(max-width: 527px) 100vw, 527px\" \/><\/a> <a href=\"https:\/\/www.uv.mx\/programacapacitacion\/files\/2024\/06\/432537553_820291033447651_9192476956433415269_n-1.jpg\"><img decoding=\"async\" loading=\"lazy\" class=\"alignnone wp-image-1982\" src=\"https:\/\/www.uv.mx\/programacapacitacion\/files\/2024\/06\/432537553_820291033447651_9192476956433415269_n-1.jpg\" alt=\"\" width=\"535\" height=\"270\" srcset=\"https:\/\/www.uv.mx\/programacapacitacion\/files\/2024\/06\/432537553_820291033447651_9192476956433415269_n-1.jpg 2048w, https:\/\/www.uv.mx\/programacapacitacion\/files\/2024\/06\/432537553_820291033447651_9192476956433415269_n-1-300x151.jpg 300w, https:\/\/www.uv.mx\/programacapacitacion\/files\/2024\/06\/432537553_820291033447651_9192476956433415269_n-1-1024x517.jpg 1024w, https:\/\/www.uv.mx\/programacapacitacion\/files\/2024\/06\/432537553_820291033447651_9192476956433415269_n-1-768x388.jpg 768w, https:\/\/www.uv.mx\/programacapacitacion\/files\/2024\/06\/432537553_820291033447651_9192476956433415269_n-1-1536x776.jpg 1536w\" sizes=\"(max-width: 535px) 100vw, 535px\" \/><\/a><\/div>\n<div dir=\"auto\"><\/div>\n<div dir=\"auto\"><\/div>\n<div dir=\"auto\">\n<hr \/>\n<\/div>\n<div dir=\"auto\"><strong><span style=\"color: #18529d\">Curso de Seguridad y salud en el trabajo<\/span><\/strong><\/div>\n<div dir=\"auto\">\n<div class=\"xdj266r x11i5rnm xat24cr x1mh8g0r x1vvkbs x126k92a\">\n<div dir=\"auto\">Se realiz\u00f3 el curso dirigido al personal administrativo de las 5 regiones universitarias.<\/div>\n<\/div>\n<div class=\"x11i5rnm xat24cr x1mh8g0r x1vvkbs xtlvy1s x126k92a\">\n<div dir=\"auto\">Esta acci\u00f3n de capacitaci\u00f3n fue impartida por la <span class=\"html-span xdj266r x11i5rnm xat24cr x1mh8g0r xexx8yu x4uap5 x18d9i69 xkhd6sd x1hl2dhg x16tdsg8 x1vvkbs\"><a class=\"x1i10hfl xjbqb8w x1ejq31n xd10rxx x1sy0etr x17r0tee x972fbf xcfux6l x1qhh985 xm0m39n x9f619 x1ypdohk xt0psk2 xe8uvvx xdj266r x11i5rnm xat24cr x1mh8g0r xexx8yu x4uap5 x18d9i69 xkhd6sd x16tdsg8 x1hl2dhg xggy1nq x1a2a7pz x1sur9pj xkrqix3 x1fey0fg xo1l8bm\" role=\"link\" href=\"https:\/\/www.facebook.com\/STPSPveracruz1?__cft__[0]=AZVxjOxHKK6r8QxpIUU5tCTC_hRpmosw19LodsZHwdSRwADAWwPPi1-ssYaBglDzj3FAEwU1Iq5AcDp8DptqabbluTzmDYrGe_enqEm4iLEtJXeJ-lyMiAH2gtX7_M0RBKu4MRLdaY1ae4YWe53MxeajZTWk7-mB9bdVN72h5sXUN3CaaEjq9R_Yyghh_pjP-HwnbO6PyMHljZlSx-_j8AnX&amp;__tn__=-]K-R\"><span class=\"xt0psk2\">Secretar\u00eda de Trabajo, Previsi\u00f3n Social y Productividad Veracruz<\/span><\/a><\/span>.<\/div>\n<\/div>\n<div class=\"x11i5rnm xat24cr x1mh8g0r x1vvkbs xtlvy1s x126k92a\">\n<div dir=\"auto\">Agradecemos la valiosa participaci\u00f3n de cada colaboradora y colaborador universitario.<\/div>\n<div dir=\"auto\"><span style=\"color: #28ad56\">12 de marzo de 2024.<\/span><\/div>\n<\/div>\n<\/div>\n<div dir=\"auto\"><\/div>\n<div dir=\"auto\"><a href=\"https:\/\/www.uv.mx\/programacapacitacion\/files\/2024\/06\/432574611_820246603452094_3529452651431817633_n.jpg\"><img decoding=\"async\" loading=\"lazy\" class=\"alignnone wp-image-1977\" src=\"https:\/\/www.uv.mx\/programacapacitacion\/files\/2024\/06\/432574611_820246603452094_3529452651431817633_n.jpg\" alt=\"\" width=\"480\" height=\"270\" srcset=\"https:\/\/www.uv.mx\/programacapacitacion\/files\/2024\/06\/432574611_820246603452094_3529452651431817633_n.jpg 1280w, https:\/\/www.uv.mx\/programacapacitacion\/files\/2024\/06\/432574611_820246603452094_3529452651431817633_n-300x169.jpg 300w, https:\/\/www.uv.mx\/programacapacitacion\/files\/2024\/06\/432574611_820246603452094_3529452651431817633_n-1024x576.jpg 1024w, https:\/\/www.uv.mx\/programacapacitacion\/files\/2024\/06\/432574611_820246603452094_3529452651431817633_n-768x432.jpg 768w\" sizes=\"(max-width: 480px) 100vw, 480px\" \/><\/a> <a href=\"https:\/\/www.uv.mx\/programacapacitacion\/files\/2024\/06\/430816001_820246590118762_2478038511172757433_n.jpg\"><img decoding=\"async\" loading=\"lazy\" class=\"alignnone wp-image-1978\" src=\"https:\/\/www.uv.mx\/programacapacitacion\/files\/2024\/06\/430816001_820246590118762_2478038511172757433_n.jpg\" alt=\"\" width=\"480\" height=\"270\" srcset=\"https:\/\/www.uv.mx\/programacapacitacion\/files\/2024\/06\/430816001_820246590118762_2478038511172757433_n.jpg 1280w, https:\/\/www.uv.mx\/programacapacitacion\/files\/2024\/06\/430816001_820246590118762_2478038511172757433_n-300x169.jpg 300w, https:\/\/www.uv.mx\/programacapacitacion\/files\/2024\/06\/430816001_820246590118762_2478038511172757433_n-1024x576.jpg 1024w, https:\/\/www.uv.mx\/programacapacitacion\/files\/2024\/06\/430816001_820246590118762_2478038511172757433_n-768x432.jpg 768w\" sizes=\"(max-width: 480px) 100vw, 480px\" \/><\/a><\/div>\n<div dir=\"auto\"><\/div>\n<div dir=\"auto\">\n<div class=\"xdj266r x11i5rnm xat24cr x1mh8g0r x1vvkbs x126k92a\">\n<div dir=\"auto\"><\/div>\n<div dir=\"auto\">\n<hr \/>\n<\/div>\n<div dir=\"auto\"><strong><span style=\"color: #18529d\">Curso de Liderazgo personal<\/span><\/strong><\/div>\n<div dir=\"auto\">Se realiz\u00f3 el curso dirigido al personal administrativo de las 5 regiones universitarias.<\/div>\n<\/div>\n<div class=\"x11i5rnm xat24cr x1mh8g0r x1vvkbs xtlvy1s x126k92a\">\n<div dir=\"auto\">Esta acci\u00f3n de capacitaci\u00f3n fue impartida por la <span class=\"html-span xdj266r x11i5rnm xat24cr x1mh8g0r xexx8yu x4uap5 x18d9i69 xkhd6sd x1hl2dhg x16tdsg8 x1vvkbs\"><a class=\"x1i10hfl xjbqb8w x1ejq31n xd10rxx x1sy0etr x17r0tee x972fbf xcfux6l x1qhh985 xm0m39n x9f619 x1ypdohk xt0psk2 xe8uvvx xdj266r x11i5rnm xat24cr x1mh8g0r xexx8yu x4uap5 x18d9i69 xkhd6sd x16tdsg8 x1hl2dhg xggy1nq x1a2a7pz x1sur9pj xkrqix3 x1fey0fg xo1l8bm\" role=\"link\" href=\"https:\/\/www.facebook.com\/STPSPveracruz1?__cft__[0]=AZVszFqKCLOoEvJCDoqq8ouS-gbNCoQRKQW32Z2HlJgVAPg7x21P7UYJE4Iyjh2KCrknZ2to84kx2N7z8SB4T0TUQI2YLEi2TBbyWEtEsCWa9PNuBZDJQJcpJRn-O4l5jZrud8SBSdlnrHPwVuZMl6Ccup8zhTrbJtsJ8JGt8XVYYGYhQJbxSVQiOmqkY-RtXxHlimMqexT9X6GDCMlUDojD&amp;__tn__=-]K-R\"><span class=\"xt0psk2\">Secretar\u00eda de Trabajo, Previsi\u00f3n Social y Productividad Veracruz<\/span><\/a><\/span><\/div>\n<\/div>\n<div class=\"x11i5rnm xat24cr x1mh8g0r x1vvkbs xtlvy1s x126k92a\">\n<div dir=\"auto\">Agradecemos la valiosa participaci\u00f3n de cada colaboradora y colaborador universitario.<\/div>\n<div dir=\"auto\"><span style=\"color: #28ad56\">8 de marzo de 2024.<\/span><\/div>\n<\/div>\n<\/div>\n<div dir=\"auto\"><\/div>\n<div dir=\"auto\"><a href=\"https:\/\/www.uv.mx\/programacapacitacion\/files\/2024\/06\/428698567_817781670365254_2004907719613844327_n.jpg\"><img decoding=\"async\" loading=\"lazy\" class=\"alignnone wp-image-1975\" src=\"https:\/\/www.uv.mx\/programacapacitacion\/files\/2024\/06\/428698567_817781670365254_2004907719613844327_n.jpg\" alt=\"\" width=\"480\" height=\"270\" srcset=\"https:\/\/www.uv.mx\/programacapacitacion\/files\/2024\/06\/428698567_817781670365254_2004907719613844327_n.jpg 1280w, https:\/\/www.uv.mx\/programacapacitacion\/files\/2024\/06\/428698567_817781670365254_2004907719613844327_n-300x169.jpg 300w, https:\/\/www.uv.mx\/programacapacitacion\/files\/2024\/06\/428698567_817781670365254_2004907719613844327_n-1024x576.jpg 1024w, https:\/\/www.uv.mx\/programacapacitacion\/files\/2024\/06\/428698567_817781670365254_2004907719613844327_n-768x432.jpg 768w\" sizes=\"(max-width: 480px) 100vw, 480px\" \/><\/a> <a href=\"https:\/\/www.uv.mx\/programacapacitacion\/files\/2024\/06\/428699454_817782160365205_9074339194565392244_n.jpg\"><img decoding=\"async\" loading=\"lazy\" class=\"alignnone wp-image-1976\" src=\"https:\/\/www.uv.mx\/programacapacitacion\/files\/2024\/06\/428699454_817782160365205_9074339194565392244_n.jpg\" alt=\"\" width=\"480\" height=\"270\" srcset=\"https:\/\/www.uv.mx\/programacapacitacion\/files\/2024\/06\/428699454_817782160365205_9074339194565392244_n.jpg 1280w, https:\/\/www.uv.mx\/programacapacitacion\/files\/2024\/06\/428699454_817782160365205_9074339194565392244_n-300x169.jpg 300w, https:\/\/www.uv.mx\/programacapacitacion\/files\/2024\/06\/428699454_817782160365205_9074339194565392244_n-1024x576.jpg 1024w, https:\/\/www.uv.mx\/programacapacitacion\/files\/2024\/06\/428699454_817782160365205_9074339194565392244_n-768x432.jpg 768w\" sizes=\"(max-width: 480px) 100vw, 480px\" \/><\/a><\/div>\n<div dir=\"auto\"><\/div>\n<div dir=\"auto\"><\/div>\n<div dir=\"auto\">\n<hr \/>\n<\/div>\n<div dir=\"auto\"><strong><span style=\"color: #18529d\">Curso-taller: Bienestar emocional<\/span><\/strong><\/div>\n<div dir=\"auto\">\n<div class=\"xdj266r x11i5rnm xat24cr x1mh8g0r x1vvkbs x126k92a\">\n<div dir=\"auto\">Inici\u00f3 el curso-taller dirigido al personal administrativo, t\u00e9cnico y manual de la regi\u00f3n Xalapa.<\/div>\n<\/div>\n<div class=\"x11i5rnm xat24cr x1mh8g0r x1vvkbs xtlvy1s x126k92a\">\n<div dir=\"auto\">Agradecemos la valiosa participaci\u00f3n de cada colaboradora y colaborador universitario.<\/div>\n<div dir=\"auto\"><span style=\"color: #28ad56\">7 de marzo de 2024.<\/span><\/div>\n<\/div>\n<\/div>\n<div dir=\"auto\"><\/div>\n<div dir=\"auto\"><a href=\"https:\/\/www.uv.mx\/programacapacitacion\/files\/2024\/06\/431311320_817206123756142_5919944930885686664_n.jpg\"><img decoding=\"async\" loading=\"lazy\" class=\"alignnone wp-image-1973\" src=\"https:\/\/www.uv.mx\/programacapacitacion\/files\/2024\/06\/431311320_817206123756142_5919944930885686664_n.jpg\" alt=\"\" width=\"360\" height=\"270\" srcset=\"https:\/\/www.uv.mx\/programacapacitacion\/files\/2024\/06\/431311320_817206123756142_5919944930885686664_n.jpg 2048w, https:\/\/www.uv.mx\/programacapacitacion\/files\/2024\/06\/431311320_817206123756142_5919944930885686664_n-300x225.jpg 300w, https:\/\/www.uv.mx\/programacapacitacion\/files\/2024\/06\/431311320_817206123756142_5919944930885686664_n-1024x769.jpg 1024w, https:\/\/www.uv.mx\/programacapacitacion\/files\/2024\/06\/431311320_817206123756142_5919944930885686664_n-768x576.jpg 768w, https:\/\/www.uv.mx\/programacapacitacion\/files\/2024\/06\/431311320_817206123756142_5919944930885686664_n-1536x1153.jpg 1536w\" sizes=\"(max-width: 360px) 100vw, 360px\" \/><\/a> <a href=\"https:\/\/www.uv.mx\/programacapacitacion\/files\/2024\/06\/431329405_817206013756153_2197571058706575167_n-scaled.jpg\"><img decoding=\"async\" loading=\"lazy\" class=\"alignnone wp-image-1974\" src=\"https:\/\/www.uv.mx\/programacapacitacion\/files\/2024\/06\/431329405_817206013756153_2197571058706575167_n-scaled.jpg\" alt=\"\" width=\"542\" height=\"270\" srcset=\"https:\/\/www.uv.mx\/programacapacitacion\/files\/2024\/06\/431329405_817206013756153_2197571058706575167_n-scaled.jpg 2560w, https:\/\/www.uv.mx\/programacapacitacion\/files\/2024\/06\/431329405_817206013756153_2197571058706575167_n-300x149.jpg 300w, https:\/\/www.uv.mx\/programacapacitacion\/files\/2024\/06\/431329405_817206013756153_2197571058706575167_n-1024x510.jpg 1024w, https:\/\/www.uv.mx\/programacapacitacion\/files\/2024\/06\/431329405_817206013756153_2197571058706575167_n-768x382.jpg 768w, https:\/\/www.uv.mx\/programacapacitacion\/files\/2024\/06\/431329405_817206013756153_2197571058706575167_n-1536x765.jpg 1536w, https:\/\/www.uv.mx\/programacapacitacion\/files\/2024\/06\/431329405_817206013756153_2197571058706575167_n-2048x1020.jpg 2048w\" sizes=\"(max-width: 542px) 100vw, 542px\" \/><\/a><\/div>\n<div dir=\"auto\"><\/div>\n<div dir=\"auto\"><\/div>\n<div dir=\"auto\">\n<hr \/>\n<\/div>\n<div dir=\"auto\">\n<div class=\"xdj266r x11i5rnm xat24cr x1mh8g0r x1vvkbs x126k92a\">\n<div dir=\"auto\"><strong><span style=\"color: #18529d\">Curso: Inteligencia emocional<\/span><\/strong><\/div>\n<div dir=\"auto\">El d\u00eda de hoy se realiz\u00f3 el , dirigido al personal administrativo de las 5 regiones universitarias.<\/div>\n<\/div>\n<div class=\"x11i5rnm xat24cr x1mh8g0r x1vvkbs xtlvy1s x126k92a\">\n<div dir=\"auto\">Esta acci\u00f3n de capacitaci\u00f3n fue impartida por la <span class=\"html-span xdj266r x11i5rnm xat24cr x1mh8g0r xexx8yu x4uap5 x18d9i69 xkhd6sd x1hl2dhg x16tdsg8 x1vvkbs\"><a class=\"x1i10hfl xjbqb8w x1ejq31n xd10rxx x1sy0etr x17r0tee x972fbf xcfux6l x1qhh985 xm0m39n x9f619 x1ypdohk xt0psk2 xe8uvvx xdj266r x11i5rnm xat24cr x1mh8g0r xexx8yu x4uap5 x18d9i69 xkhd6sd x16tdsg8 x1hl2dhg xggy1nq x1a2a7pz x1sur9pj xkrqix3 x1fey0fg xo1l8bm\" role=\"link\" href=\"https:\/\/www.facebook.com\/STPSPveracruz1?__cft__[0]=AZXJTYxLs-uzRmWs0_rpAh1ilQ5jbTOd9C9nJyQKl75a385v_XLXg9cV06O4kmHBoUtSTOM9PybL9NqQJrAMU8GoOBn7igB4u0ICvSQu4VSAnRE96W6Qw70LJitQ4GrglQyJ5AqwdlbVwd-3R0wVL7uX6Sg7WLSSRGfSiKIV0eBBYXy7SyCg3fgTYYQ3OC6ANclnkS0sgFozUwlLANuM5_BT&amp;__tn__=-]K-R\"><span class=\"xt0psk2\">Secretar\u00eda de Trabajo, Previsi\u00f3n Social y Productividad Veracruz<\/span><\/a><\/span><\/div>\n<\/div>\n<div class=\"x11i5rnm xat24cr x1mh8g0r x1vvkbs xtlvy1s x126k92a\">\n<div dir=\"auto\">Agradecemos la valiosa participaci\u00f3n de cada colaboradora y colaborador universitario.<\/div>\n<div dir=\"auto\"><span style=\"color: #28ad56\">6 de marzo de 2024.<\/span><\/div>\n<\/div>\n<\/div>\n<div dir=\"auto\"><\/div>\n<div dir=\"auto\"><a href=\"https:\/\/www.uv.mx\/programacapacitacion\/files\/2024\/06\/431351777_816584003818354_5820599139747780429_n.jpg\"><img decoding=\"async\" loading=\"lazy\" class=\"alignnone wp-image-1971\" src=\"https:\/\/www.uv.mx\/programacapacitacion\/files\/2024\/06\/431351777_816584003818354_5820599139747780429_n.jpg\" alt=\"\" width=\"480\" height=\"270\" srcset=\"https:\/\/www.uv.mx\/programacapacitacion\/files\/2024\/06\/431351777_816584003818354_5820599139747780429_n.jpg 1280w, https:\/\/www.uv.mx\/programacapacitacion\/files\/2024\/06\/431351777_816584003818354_5820599139747780429_n-300x169.jpg 300w, https:\/\/www.uv.mx\/programacapacitacion\/files\/2024\/06\/431351777_816584003818354_5820599139747780429_n-1024x576.jpg 1024w, https:\/\/www.uv.mx\/programacapacitacion\/files\/2024\/06\/431351777_816584003818354_5820599139747780429_n-768x432.jpg 768w\" sizes=\"(max-width: 480px) 100vw, 480px\" \/><\/a> <a href=\"https:\/\/www.uv.mx\/programacapacitacion\/files\/2024\/06\/431223541_816584013818353_832464838710787736_n.jpg\"><img decoding=\"async\" loading=\"lazy\" class=\"alignnone wp-image-1972\" src=\"https:\/\/www.uv.mx\/programacapacitacion\/files\/2024\/06\/431223541_816584013818353_832464838710787736_n.jpg\" alt=\"\" width=\"480\" height=\"270\" srcset=\"https:\/\/www.uv.mx\/programacapacitacion\/files\/2024\/06\/431223541_816584013818353_832464838710787736_n.jpg 1280w, https:\/\/www.uv.mx\/programacapacitacion\/files\/2024\/06\/431223541_816584013818353_832464838710787736_n-300x169.jpg 300w, https:\/\/www.uv.mx\/programacapacitacion\/files\/2024\/06\/431223541_816584013818353_832464838710787736_n-1024x576.jpg 1024w, https:\/\/www.uv.mx\/programacapacitacion\/files\/2024\/06\/431223541_816584013818353_832464838710787736_n-768x432.jpg 768w\" sizes=\"(max-width: 480px) 100vw, 480px\" \/><\/a><\/div>\n<div dir=\"auto\"><\/div>\n<div dir=\"auto\"><\/div>\n<div dir=\"auto\">\n<hr \/>\n<\/div>\n<div dir=\"auto\"><strong><span class=\"x193iq5w xeuugli x13faqbe x1vvkbs x1xmvt09 x1lliihq x1s928wv xhkezso x1gmr53x x1cpjm7i x1fgarty x1943h6x xudqn12 x3x7a5m x1f6kntn xvq8zen xo1l8bm xzsf02u x1yc453h\" dir=\"auto\" style=\"color: #18529d\">Curso-taller: Pr\u00e1cticas profesionales de lectura y escritura<\/span><\/strong><\/div>\n<div dir=\"auto\"><span class=\"x193iq5w xeuugli x13faqbe x1vvkbs x1xmvt09 x1lliihq x1s928wv xhkezso x1gmr53x x1cpjm7i x1fgarty x1943h6x xudqn12 x3x7a5m x1f6kntn xvq8zen xo1l8bm xzsf02u x1yc453h\" dir=\"auto\">Cierre del curso-taller<\/span><\/div>\n<div dir=\"auto\"><span class=\"x193iq5w xeuugli x13faqbe x1vvkbs x1xmvt09 x1lliihq x1s928wv xhkezso x1gmr53x x1cpjm7i x1fgarty x1943h6x xudqn12 x3x7a5m x1f6kntn xvq8zen xo1l8bm xzsf02u x1yc453h\" dir=\"auto\"> Agradecemos la valiosa participaci\u00f3n de cada colaboradora y colaborador universitario.<\/span><\/div>\n<div dir=\"auto\"><span style=\"color: #28ad56\">6 de marzo de 2024<\/span><\/div>\n<div dir=\"auto\"><\/div>\n<div dir=\"auto\"><a href=\"https:\/\/www.uv.mx\/programacapacitacion\/files\/2024\/06\/431317878_816540337156054_1798726762016633115_n.jpg\"><img decoding=\"async\" loading=\"lazy\" class=\"alignnone wp-image-1969\" src=\"https:\/\/www.uv.mx\/programacapacitacion\/files\/2024\/06\/431317878_816540337156054_1798726762016633115_n.jpg\" alt=\"\" width=\"480\" height=\"270\" srcset=\"https:\/\/www.uv.mx\/programacapacitacion\/files\/2024\/06\/431317878_816540337156054_1798726762016633115_n.jpg 1600w, https:\/\/www.uv.mx\/programacapacitacion\/files\/2024\/06\/431317878_816540337156054_1798726762016633115_n-300x169.jpg 300w, https:\/\/www.uv.mx\/programacapacitacion\/files\/2024\/06\/431317878_816540337156054_1798726762016633115_n-1024x576.jpg 1024w, https:\/\/www.uv.mx\/programacapacitacion\/files\/2024\/06\/431317878_816540337156054_1798726762016633115_n-768x432.jpg 768w, https:\/\/www.uv.mx\/programacapacitacion\/files\/2024\/06\/431317878_816540337156054_1798726762016633115_n-1536x864.jpg 1536w\" sizes=\"(max-width: 480px) 100vw, 480px\" \/><\/a> <a href=\"https:\/\/www.uv.mx\/programacapacitacion\/files\/2024\/06\/431195646_816540323822722_7128814009478886521_n.jpg\"><img decoding=\"async\" loading=\"lazy\" class=\"alignnone wp-image-1970\" src=\"https:\/\/www.uv.mx\/programacapacitacion\/files\/2024\/06\/431195646_816540323822722_7128814009478886521_n.jpg\" alt=\"\" width=\"480\" height=\"270\" srcset=\"https:\/\/www.uv.mx\/programacapacitacion\/files\/2024\/06\/431195646_816540323822722_7128814009478886521_n.jpg 1600w, https:\/\/www.uv.mx\/programacapacitacion\/files\/2024\/06\/431195646_816540323822722_7128814009478886521_n-300x169.jpg 300w, https:\/\/www.uv.mx\/programacapacitacion\/files\/2024\/06\/431195646_816540323822722_7128814009478886521_n-1024x576.jpg 1024w, https:\/\/www.uv.mx\/programacapacitacion\/files\/2024\/06\/431195646_816540323822722_7128814009478886521_n-768x432.jpg 768w, https:\/\/www.uv.mx\/programacapacitacion\/files\/2024\/06\/431195646_816540323822722_7128814009478886521_n-1536x864.jpg 1536w\" sizes=\"(max-width: 480px) 100vw, 480px\" \/><\/a><\/div>\n<div dir=\"auto\"><\/div>\n<div class=\"xdj266r x11i5rnm xat24cr x1mh8g0r x1vvkbs x126k92a\">\n<div dir=\"auto\"><\/div>\n<div dir=\"auto\">\n<hr \/>\n<\/div>\n<div dir=\"auto\"><strong><span style=\"color: #18529d\">Curso-taller: Ejercicios y t\u00e9cnicas de autoconocimiento<\/span><\/strong><\/div>\n<div dir=\"auto\">Inici\u00f3 el taller dirigido al personal administrativo de las 5 regiones universitarias.<\/div>\n<\/div>\n<div class=\"x11i5rnm xat24cr x1mh8g0r x1vvkbs xtlvy1s x126k92a\">\n<div dir=\"auto\">Agradecemos la valiosa participaci\u00f3n de cada colaboradora y colaborador universitario.<\/div>\n<div dir=\"auto\"><span style=\"color: #28ad56\">5 de marzo de 2024.<\/span><\/div>\n<\/div>\n<p><a href=\"https:\/\/www.uv.mx\/programacapacitacion\/files\/2024\/06\/431246162_815990220544399_8479165868594371947_n.jpg\"><img decoding=\"async\" loading=\"lazy\" class=\"alignnone wp-image-1967\" src=\"https:\/\/www.uv.mx\/programacapacitacion\/files\/2024\/06\/431246162_815990220544399_8479165868594371947_n.jpg\" alt=\"\" width=\"462\" height=\"260\" srcset=\"https:\/\/www.uv.mx\/programacapacitacion\/files\/2024\/06\/431246162_815990220544399_8479165868594371947_n.jpg 1600w, https:\/\/www.uv.mx\/programacapacitacion\/files\/2024\/06\/431246162_815990220544399_8479165868594371947_n-300x169.jpg 300w, https:\/\/www.uv.mx\/programacapacitacion\/files\/2024\/06\/431246162_815990220544399_8479165868594371947_n-1024x576.jpg 1024w, https:\/\/www.uv.mx\/programacapacitacion\/files\/2024\/06\/431246162_815990220544399_8479165868594371947_n-768x432.jpg 768w, https:\/\/www.uv.mx\/programacapacitacion\/files\/2024\/06\/431246162_815990220544399_8479165868594371947_n-1536x864.jpg 1536w\" sizes=\"(max-width: 462px) 100vw, 462px\" \/><img decoding=\"async\" loading=\"lazy\" class=\"alignnone wp-image-1968\" src=\"https:\/\/www.uv.mx\/programacapacitacion\/files\/2024\/06\/431363573_815990250544396_2147237549853516160_n-1.jpg\" alt=\"\" width=\"462\" height=\"260\" srcset=\"https:\/\/www.uv.mx\/programacapacitacion\/files\/2024\/06\/431363573_815990250544396_2147237549853516160_n-1.jpg 1600w, https:\/\/www.uv.mx\/programacapacitacion\/files\/2024\/06\/431363573_815990250544396_2147237549853516160_n-1-300x169.jpg 300w, https:\/\/www.uv.mx\/programacapacitacion\/files\/2024\/06\/431363573_815990250544396_2147237549853516160_n-1-1024x576.jpg 1024w, https:\/\/www.uv.mx\/programacapacitacion\/files\/2024\/06\/431363573_815990250544396_2147237549853516160_n-1-768x432.jpg 768w, https:\/\/www.uv.mx\/programacapacitacion\/files\/2024\/06\/431363573_815990250544396_2147237549853516160_n-1-1536x864.jpg 1536w\" sizes=\"(max-width: 462px) 100vw, 462px\" \/><\/a><\/p>\n<p>&nbsp;<\/p>\n<hr \/>\n<p><strong><span class=\"x193iq5w xeuugli x13faqbe x1vvkbs x1xmvt09 x1lliihq x1s928wv xhkezso x1gmr53x x1cpjm7i x1fgarty x1943h6x xudqn12 x3x7a5m x1f6kntn xvq8zen xo1l8bm xzsf02u x1yc453h\" dir=\"auto\" style=\"color: #18529d\">Taller: Sensibilizaci\u00f3n y orientaci\u00f3n para el personal pr\u00f3ximo a jubilarse<\/span><\/strong><\/p>\n<p><span class=\"x193iq5w xeuugli x13faqbe x1vvkbs x1xmvt09 x1lliihq x1s928wv xhkezso x1gmr53x x1cpjm7i x1fgarty x1943h6x xudqn12 x3x7a5m x1f6kntn xvq8zen xo1l8bm xzsf02u x1yc453h\" dir=\"auto\">Cierre del taller. <\/span><\/p>\n<p><span class=\"x193iq5w xeuugli x13faqbe x1vvkbs x1xmvt09 x1lliihq x1s928wv xhkezso x1gmr53x x1cpjm7i x1fgarty x1943h6x xudqn12 x3x7a5m x1f6kntn xvq8zen xo1l8bm xzsf02u x1yc453h\" dir=\"auto\">Agradecemos la valiosa participaci\u00f3n de cada colaboradora y colaborador universitario.<\/span><\/p>\n<p><span style=\"color: #28ad56\">1 de marzo de 2024<\/span><\/p>\n<p><a href=\"https:\/\/www.uv.mx\/programacapacitacion\/files\/2024\/06\/431215724_813565184120236_2597066639618040425_n-scaled.jpg\"><img decoding=\"async\" loading=\"lazy\" class=\"alignnone wp-image-1964\" src=\"https:\/\/www.uv.mx\/programacapacitacion\/files\/2024\/06\/431215724_813565184120236_2597066639618040425_n-scaled.jpg\" alt=\"\" width=\"548\" height=\"256\" srcset=\"https:\/\/www.uv.mx\/programacapacitacion\/files\/2024\/06\/431215724_813565184120236_2597066639618040425_n-scaled.jpg 2560w, https:\/\/www.uv.mx\/programacapacitacion\/files\/2024\/06\/431215724_813565184120236_2597066639618040425_n-300x140.jpg 300w, https:\/\/www.uv.mx\/programacapacitacion\/files\/2024\/06\/431215724_813565184120236_2597066639618040425_n-1024x478.jpg 1024w, https:\/\/www.uv.mx\/programacapacitacion\/files\/2024\/06\/431215724_813565184120236_2597066639618040425_n-768x359.jpg 768w, https:\/\/www.uv.mx\/programacapacitacion\/files\/2024\/06\/431215724_813565184120236_2597066639618040425_n-1536x717.jpg 1536w, https:\/\/www.uv.mx\/programacapacitacion\/files\/2024\/06\/431215724_813565184120236_2597066639618040425_n-2048x956.jpg 2048w\" sizes=\"(max-width: 548px) 100vw, 548px\" \/><\/a> <a href=\"https:\/\/www.uv.mx\/programacapacitacion\/files\/2024\/06\/431111059_813565140786907_3158695722381345985_n.jpg\"><img decoding=\"async\" loading=\"lazy\" class=\"alignnone wp-image-1965\" src=\"https:\/\/www.uv.mx\/programacapacitacion\/files\/2024\/06\/431111059_813565140786907_3158695722381345985_n.jpg\" alt=\"\" width=\"500\" height=\"256\" srcset=\"https:\/\/www.uv.mx\/programacapacitacion\/files\/2024\/06\/431111059_813565140786907_3158695722381345985_n.jpg 2048w, https:\/\/www.uv.mx\/programacapacitacion\/files\/2024\/06\/431111059_813565140786907_3158695722381345985_n-300x153.jpg 300w, https:\/\/www.uv.mx\/programacapacitacion\/files\/2024\/06\/431111059_813565140786907_3158695722381345985_n-1024x524.jpg 1024w, https:\/\/www.uv.mx\/programacapacitacion\/files\/2024\/06\/431111059_813565140786907_3158695722381345985_n-768x393.jpg 768w, https:\/\/www.uv.mx\/programacapacitacion\/files\/2024\/06\/431111059_813565140786907_3158695722381345985_n-1536x785.jpg 1536w\" sizes=\"(max-width: 500px) 100vw, 500px\" \/><\/a><\/p>\n<p>&nbsp;<\/p>\n<hr \/>\n<p>&nbsp;<\/p>\n","protected":false},"excerpt":{"rendered":"<p>Curso-taller: Bienestar emocional Cierre del curso-taller dirigido al personal administrativo, t\u00e9cnico y manual de la regi\u00f3n Xalapa. Agradecemos la valiosa participaci\u00f3n de las y los trabajadores universitarios. 21 de marzo de 2024. Curso de Comunicaci\u00f3n efectiva y habilidades sociales El d\u00eda de hoy se imparti\u00f3 por la Secretar\u00eda de Trabajo, Previsi\u00f3n Social y Productividad Veracruz [&hellip;]<\/p>\n","protected":false},"author":2423,"featured_media":0,"comment_status":"closed","ping_status":"closed","sticky":false,"template":"","format":"standard","meta":[],"categories":[1],"tags":[],"_links":{"self":[{"href":"https:\/\/www.uv.mx\/programacapacitacion\/wp-json\/wp\/v2\/posts\/1963"}],"collection":[{"href":"https:\/\/www.uv.mx\/programacapacitacion\/wp-json\/wp\/v2\/posts"}],"about":[{"href":"https:\/\/www.uv.mx\/programacapacitacion\/wp-json\/wp\/v2\/types\/post"}],"author":[{"embeddable":true,"href":"https:\/\/www.uv.mx\/programacapacitacion\/wp-json\/wp\/v2\/users\/2423"}],"replies":[{"embeddable":true,"href":"https:\/\/www.uv.mx\/programacapacitacion\/wp-json\/wp\/v2\/comments?post=1963"}],"version-history":[{"count":2,"href":"https:\/\/www.uv.mx\/programacapacitacion\/wp-json\/wp\/v2\/posts\/1963\/revisions"}],"predecessor-version":[{"id":2416,"href":"https:\/\/www.uv.mx\/programacapacitacion\/wp-json\/wp\/v2\/posts\/1963\/revisions\/2416"}],"wp:attachment":[{"href":"https:\/\/www.uv.mx\/programacapacitacion\/wp-json\/wp\/v2\/media?parent=1963"}],"wp:term":[{"taxonomy":"category","embeddable":true,"href":"https:\/\/www.uv.mx\/programacapacitacion\/wp-json\/wp\/v2\/categories?post=1963"},{"taxonomy":"post_tag","embeddable":true,"href":"https:\/\/www.uv.mx\/programacapacitacion\/wp-json\/wp\/v2\/tags?post=1963"}],"curies":[{"name":"wp","href":"https:\/\/api.w.org\/{rel}","templated":true}]}}