{"id":99974,"date":"2021-07-11T08:00:54","date_gmt":"2021-07-11T13:00:54","guid":{"rendered":"https:\/\/www.uv.mx\/prensa\/?p=99974"},"modified":"2021-07-12T11:56:55","modified_gmt":"2021-07-12T16:56:55","slug":"mexico-de-pais-santuario-a-expulsor-de-migrantes-amarela-varela","status":"publish","type":"post","link":"https:\/\/www.uv.mx\/prensa\/general\/mexico-de-pais-santuario-a-expulsor-de-migrantes-amarela-varela\/","title":{"rendered":"M\u00e9xico,\u00a0de pa\u00eds santuario a expulsor de\u00a0migrantes:\u00a0Amarela\u00a0Varela\u00a0"},"content":{"rendered":"<ul>\n<li data-leveltext=\"\uf0b7\" data-font=\"Symbol\" data-listid=\"5\" data-aria-posinset=\"1\" data-aria-level=\"1\"><i><span data-contrast=\"auto\">El pa\u00eds\u00a0tiene a 30 mil efectivos de la Guardia\u00a0Nacional asignados a custodiar las fronteras;\u00a0en contraparte,\u00a0la Comisi\u00f3n Mexicana de Ayuda a Refugiados cuenta con menos de 100 agentes<\/span><\/i><span data-ccp-props=\"{}\">\u00a0<\/span><\/li>\n<\/ul>\n<p><span data-ccp-props=\"{}\">\u00a0<\/span><\/p>\n<div id=\"attachment_99975\" style=\"width: 732px\" class=\"wp-caption aligncenter\"><img loading=\"lazy\" decoding=\"async\" aria-describedby=\"caption-attachment-99975\" class=\"size-full wp-image-99975\" src=\"https:\/\/www.uv.mx\/prensa\/files\/2021\/07\/070721-CARLOS-La-persona-migrante-1.jpg\" alt=\"\" width=\"722\" height=\"406\" srcset=\"https:\/\/www.uv.mx\/prensa\/files\/2021\/07\/070721-CARLOS-La-persona-migrante-1.jpg 722w, https:\/\/www.uv.mx\/prensa\/files\/2021\/07\/070721-CARLOS-La-persona-migrante-1-300x169.jpg 300w\" sizes=\"auto, (max-width: 722px) 100vw, 722px\" \/><p id=\"caption-attachment-99975\" class=\"wp-caption-text\">El gobierno y la sociedad deben brindar hospitalidad incondicional a los migrantes, se\u00f1al\u00f3<\/p><\/div>\n<p><span data-ccp-props=\"{}\">\u00a0<\/span><\/p>\n<p><b><i><span data-contrast=\"auto\">Carlos Hugo Hermida Rosales<\/span><\/i><\/b><span data-ccp-props=\"{}\">\u00a0<\/span><\/p>\n<p><b><i><span data-contrast=\"auto\">11\/07\/2021,\u00a0Xalapa,\u00a0Ver.-\u00a0<\/span><\/i><\/b><span data-contrast=\"auto\">Amarela\u00a0Varela Huerta, docente e investigadora de la Universidad Aut\u00f3noma de la Ciudad de M\u00e9xico, afirm\u00f3 que M\u00e9xico pas<\/span><span data-contrast=\"auto\">\u00f3<\/span><span data-contrast=\"auto\">\u00a0de ser un pa\u00eds santuario para los migrantes en el periodo de tiempo comprendido\u00a0de\u00a01940 a 1990, a una\u00a0naci\u00f3n expulsora de\u00a0ellos\u00a0en los \u00faltimos a\u00f1os.\u00a0<\/span><span data-ccp-props=\"{}\">\u00a0<\/span><\/p>\n<p><span data-contrast=\"auto\">\u201cEl pa\u00eds\u00a0tiene a 30 mil efectivos de la Guardia\u00a0Nacional asignados a custodiar\u00a0las fronteras;\u00a0en contraparte,\u00a0la Comisi\u00f3n Mexicana de Ayuda a Refugiados cuenta con menos de 100 agentes\u201d, destac\u00f3.\u00a0<\/span><span data-ccp-props=\"{&quot;335559731&quot;:708}\">\u00a0<\/span><\/p>\n<p><span data-contrast=\"auto\">El 7 de julio, l<\/span><span data-contrast=\"auto\">a catedr\u00e1tica imparti\u00f3 la conferencia \u201cLa persona migrante (emigrante, inmigrante) ante la mirada bifocal del\u00a0Estado mexicano: pol\u00edticas\u00a0migratorias,\u00a0por un lado; pr\u00e1cticas, discursos, movimientos, por el otro\u201d, dentro de la\u00a0<\/span><span data-contrast=\"none\">International\u00a0Summer\u00a0School\u00a02021 \u201cDi\u00e1logos n\u00f3madas.\u00a0Migrantes, santuario y refugios\u201d, organizada por la <a href=\"https:\/\/www.uv.mx\/internacional\/\" target=\"_blank\" rel=\"noopener\">Direcci\u00f3n General de Relaciones Internacionales<\/a>\u00a0(DGRI)\u00a0de la Universidad Veracruzana (UV).<\/span><span data-ccp-props=\"{&quot;335559731&quot;:708}\">\u00a0<\/span><\/p>\n<p><span data-contrast=\"auto\">Amarela\u00a0Varela\u00a0mencion\u00f3\u00a0que entre 1940 y 1990 M\u00e9xico manej\u00f3 una pol\u00edtica de puertas abiertas y recibi\u00f3 a muchos refugiados y asilados\u00a0pol\u00edticos\u00a0de la guerra civil espa\u00f1ola y de las dictaduras centro y sudamericanas.\u00a0<\/span><span data-ccp-props=\"{&quot;335559731&quot;:708}\">\u00a0<\/span><\/p>\n<p><span data-contrast=\"none\">Despu\u00e9s de 1990,\u00a0con los tratados de liberaci\u00f3n econ\u00f3mica,\u00a0la naci\u00f3n comenz\u00f3 una \u00e9poca de pa\u00eds frontera, en la que externaliz\u00f3 las pol\u00edticas estadounidenses que dictaban que los pa\u00edses pobres deb\u00edan contener la inmigraci\u00f3n.\u00a0<\/span><span data-ccp-props=\"{&quot;335559731&quot;:708}\">\u00a0<\/span><\/p>\n<p><span data-contrast=\"none\">Comparti\u00f3 que las principales necesidades de los migrantes que llegan a M\u00e9xico son trabajo, techo, tierra, alimentaci\u00f3n, salud, educaci\u00f3n, independencia, libertad, democracia, justicia y paz.\u00a0<\/span><span data-ccp-props=\"{&quot;335559731&quot;:708}\">\u00a0<\/span><\/p>\n<p><span data-contrast=\"none\">En el territorio nacional\u00a0enfrentan una guerra contra ellos, y pr\u00e1cticas de muerte que incluyen robos, secuestros y\u00a0violaciones, adem\u00e1s de la asfixia de su derecho al asilo debido a la externalizaci\u00f3n de las pol\u00edticas estadounidenses de odio.\u00a0<\/span><span data-ccp-props=\"{&quot;335559731&quot;:708}\">\u00a0<\/span><\/p>\n<p><span data-contrast=\"none\">La catedr\u00e1tica enfatiz\u00f3 que para resolver esta situaci\u00f3n es fundamental que el gobierno y la sociedad mexicana les brinden hospitalidad incondicional e implementen estrategias que les den una integraci\u00f3n social, pol\u00edtica, econ\u00f3mica, afectiva y educativa.\u00a0<\/span><span data-ccp-props=\"{&quot;335559731&quot;:708}\">\u00a0<\/span><\/p>\n<p><span data-contrast=\"none\">Agreg\u00f3 que igualmente la sociedad debe exigir al Estado la construcci\u00f3n de una infraestructura para el refugio que beneficie a las personas provenientes de otras naciones.\u00a0<\/span><span data-ccp-props=\"{&quot;335559731&quot;:708}\">\u00a0<\/span><\/p>\n<p><span data-contrast=\"none\">Plante\u00f3\u00a0que el gobierno mexicano debe cambiar su pol\u00edtica de seguridad nacional por una de seguridad humana, que en lugar de contar con 30 mil efectivos que vigilen las fronteras apoye a la\u00a0<\/span><span data-contrast=\"auto\">Comisi\u00f3n Mexicana de Ayuda a Refugiados.<\/span><span data-ccp-props=\"{&quot;335559731&quot;:708}\">\u00a0<\/span><\/p>\n<p>&nbsp;<\/p>\n<div id=\"attachment_99976\" style=\"width: 732px\" class=\"wp-caption aligncenter\"><img loading=\"lazy\" decoding=\"async\" aria-describedby=\"caption-attachment-99976\" class=\"size-full wp-image-99976\" src=\"https:\/\/www.uv.mx\/prensa\/files\/2021\/07\/070721-CARLOS-La-persona-migrante-2.jpg\" alt=\"\" width=\"722\" height=\"406\" srcset=\"https:\/\/www.uv.mx\/prensa\/files\/2021\/07\/070721-CARLOS-La-persona-migrante-2.jpg 722w, https:\/\/www.uv.mx\/prensa\/files\/2021\/07\/070721-CARLOS-La-persona-migrante-2-300x169.jpg 300w\" sizes=\"auto, (max-width: 722px) 100vw, 722px\" \/><p id=\"caption-attachment-99976\" class=\"wp-caption-text\">Amarela Varela Huerta<\/p><\/div>\n","protected":false},"excerpt":{"rendered":"<p>La\u00a0investigadora\u00a0de la Universidad Aut\u00f3noma de la Ciudad de M\u00e9xico\u00a0se\u00f1al\u00f3 que entre 1940 y 1990\u00a0se\u00a0manej\u00f3 una pol\u00edtica de puertas abiertas\u00a0para\u00a0refugiados y asilados de la guerra civil espa\u00f1ola y de las dictaduras centro y sudamericanas\u00a0<\/p>\n","protected":false},"author":1869,"featured_media":0,"comment_status":"closed","ping_status":"closed","sticky":false,"template":"","format":"standard","meta":{"footnotes":""},"categories":[1],"tags":[],"class_list":["post-99974","post","type-post","status-publish","format-standard","hentry","category-general"],"_links":{"self":[{"href":"https:\/\/www.uv.mx\/prensa\/wp-json\/wp\/v2\/posts\/99974","targetHints":{"allow":["GET"]}}],"collection":[{"href":"https:\/\/www.uv.mx\/prensa\/wp-json\/wp\/v2\/posts"}],"about":[{"href":"https:\/\/www.uv.mx\/prensa\/wp-json\/wp\/v2\/types\/post"}],"author":[{"embeddable":true,"href":"https:\/\/www.uv.mx\/prensa\/wp-json\/wp\/v2\/users\/1869"}],"replies":[{"embeddable":true,"href":"https:\/\/www.uv.mx\/prensa\/wp-json\/wp\/v2\/comments?post=99974"}],"version-history":[{"count":1,"href":"https:\/\/www.uv.mx\/prensa\/wp-json\/wp\/v2\/posts\/99974\/revisions"}],"predecessor-version":[{"id":100005,"href":"https:\/\/www.uv.mx\/prensa\/wp-json\/wp\/v2\/posts\/99974\/revisions\/100005"}],"wp:attachment":[{"href":"https:\/\/www.uv.mx\/prensa\/wp-json\/wp\/v2\/media?parent=99974"}],"wp:term":[{"taxonomy":"category","embeddable":true,"href":"https:\/\/www.uv.mx\/prensa\/wp-json\/wp\/v2\/categories?post=99974"},{"taxonomy":"post_tag","embeddable":true,"href":"https:\/\/www.uv.mx\/prensa\/wp-json\/wp\/v2\/tags?post=99974"}],"curies":[{"name":"wp","href":"https:\/\/api.w.org\/{rel}","templated":true}]}}