{"id":99967,"date":"2021-07-11T08:00:37","date_gmt":"2021-07-11T13:00:37","guid":{"rendered":"https:\/\/www.uv.mx\/prensa\/?p=99967"},"modified":"2021-07-12T12:01:17","modified_gmt":"2021-07-12T17:01:17","slug":"voluntariado-uv-invita-a-sumarse-a-sus-actividades-2","status":"publish","type":"post","link":"https:\/\/www.uv.mx\/prensa\/general\/voluntariado-uv-invita-a-sumarse-a-sus-actividades-2\/","title":{"rendered":"Voluntariado UV invita a sumarse a sus actividades"},"content":{"rendered":"<ul>\n<li data-leveltext=\"\uf0b7\" data-font=\"Symbol\" data-listid=\"5\" data-aria-posinset=\"1\" data-aria-level=\"1\"><i><span data-contrast=\"auto\">Pueden proponer, desarrollar y poner en marcha un proyecto que beneficie a poblaciones vulnerables o a la misma comunidad universitaria<\/span><\/i><span data-ccp-props=\"{}\">\u00a0<\/span><\/li>\n<li data-leveltext=\"\uf0b7\" data-font=\"Symbol\" data-listid=\"5\" data-aria-posinset=\"2\" data-aria-level=\"1\"><i><span data-contrast=\"auto\">Entre sus principales\u00a0iniciativas se encuentran las campa\u00f1as \u201cApadrina una carta\u201d y \u201cDona un juguete\u201d, en las que se recolectan\u00a0ropa y regalos para ni\u00f1os de escasos recursos<\/span><\/i><span data-ccp-props=\"{}\">\u00a0<\/span><\/li>\n<\/ul>\n<p><span data-ccp-props=\"{}\">\u00a0<\/span><\/p>\n<div id=\"attachment_99968\" style=\"width: 732px\" class=\"wp-caption aligncenter\"><a href=\"https:\/\/www.uv.mx\/prensa\/files\/2021\/07\/080721-CARLOS-Voluntariado-1-100k.jpg\"><img loading=\"lazy\" decoding=\"async\" aria-describedby=\"caption-attachment-99968\" class=\"size-full wp-image-99968\" src=\"https:\/\/www.uv.mx\/prensa\/files\/2021\/07\/080721-CARLOS-Voluntariado-1-100k.jpg\" alt=\"Las campa\u00f1as \u201cApadrina una carta\u201d y \u201cDona un juguete\u201d han beneficiado a poblaci\u00f3n infantil de comunidades vulnerables \" width=\"722\" height=\"481\" srcset=\"https:\/\/www.uv.mx\/prensa\/files\/2021\/07\/080721-CARLOS-Voluntariado-1-100k.jpg 722w, https:\/\/www.uv.mx\/prensa\/files\/2021\/07\/080721-CARLOS-Voluntariado-1-100k-300x200.jpg 300w\" sizes=\"auto, (max-width: 722px) 100vw, 722px\" \/><\/a><p id=\"caption-attachment-99968\" class=\"wp-caption-text\">Las campa\u00f1as \u201cApadrina una carta\u201d y \u201cDona un juguete\u201d han beneficiado a poblaci\u00f3n infantil de comunidades vulnerables<\/p><\/div>\n<p>&nbsp;<\/p>\n<p><b><i><span data-contrast=\"auto\">Carlos Hugo Hermida Rosales<\/span><\/i><\/b><span data-ccp-props=\"{}\">\u00a0<\/span><\/p>\n<p><b><i><span data-contrast=\"auto\">11\/07\/2021,\u00a0Xalapa,\u00a0Ver.-\u00a0<\/span><\/i><\/b><span data-contrast=\"auto\">El programa de <a href=\"https:\/\/www.uv.mx\/voluntariado\/\" target=\"_blank\" rel=\"noopener\">Voluntariado de la Universidad Veracruzana<\/a> (UV),\u00a0cuyo\u00a0prop\u00f3sito\u00a0es<\/span><span data-contrast=\"auto\">\u202f<\/span><span data-contrast=\"auto\">incentivar el compromiso social de la comunidad mediante su participaci\u00f3n en proyectos orientados a promover el desarrollo en\u00a0zonas\u00a0marginadas, invita a\u00a0estudiantes\u00a0de nuevo ingreso de esta casa de estudios a sumarse a sus diversas actividades.<\/span><span data-ccp-props=\"{}\">\u00a0<\/span><\/p>\n<p><span data-contrast=\"auto\">Elia Mar\u00eda Beltr\u00e1n\u00a0Coronel, titular del Voluntariado UV, mencion\u00f3 que este programa\u00a0est\u00e1\u00a0integrado por\u00a0personas socialmente responsables que realizan actividades\u00a0mediante\u00a0las cuales se pueden\u00a0desarrollar las facultades intelectuales, socioculturales y\u00a0autogestivas\u00a0de\u00a0poblaci\u00f3n\u00a0vulnerable.<\/span><span data-ccp-props=\"{&quot;335559731&quot;:708}\">\u00a0<\/span><\/p>\n<p><span data-contrast=\"auto\">Entre sus principales\u00a0iniciativas\u00a0destacan\u00a0las campa\u00f1as anuales \u201cApadrina una carta\u201d y \u201cDona un juguete\u201d, a trav\u00e9s de las\u00a0cuales\u00a0se recolectan\u00a0ropa y\u00a0regalos\u00a0de\u00a0la comunidad universitaria y p\u00fablico en general, para ser entregados\u00a0a\u00a0ni\u00f1os que habitan en comunidades vulnerables con motivo del D\u00eda de Reyes.<\/span><span data-ccp-props=\"{&quot;335559731&quot;:708}\">\u00a0<\/span><\/p>\n<p><span data-contrast=\"auto\">Adem\u00e1s,\u00a0el\u00a0Voluntariado UV asesora a mujeres emprendedoras\u00a0en la elaboraci\u00f3n de productos como mermeladas y\u00a0ropa bordada, en su promoci\u00f3n y venta, y en el desarrollo de la imagen comercial de sus\u00a0microempresas.<\/span><\/p>\n<div id=\"attachment_99969\" style=\"width: 732px\" class=\"wp-caption aligncenter\"><a href=\"https:\/\/www.uv.mx\/prensa\/files\/2021\/07\/080721-CARLOS-Voluntariado-2-100k.jpg\"><img loading=\"lazy\" decoding=\"async\" aria-describedby=\"caption-attachment-99969\" class=\"size-full wp-image-99969\" src=\"https:\/\/www.uv.mx\/prensa\/files\/2021\/07\/080721-CARLOS-Voluntariado-2-100k.jpg\" alt=\"Elia Mar\u00eda Beltr\u00e1n Coronel, titular del Voluntariado UV \" width=\"722\" height=\"481\" srcset=\"https:\/\/www.uv.mx\/prensa\/files\/2021\/07\/080721-CARLOS-Voluntariado-2-100k.jpg 722w, https:\/\/www.uv.mx\/prensa\/files\/2021\/07\/080721-CARLOS-Voluntariado-2-100k-300x200.jpg 300w\" sizes=\"auto, (max-width: 722px) 100vw, 722px\" \/><\/a><p id=\"caption-attachment-99969\" class=\"wp-caption-text\">Elia Mar\u00eda Beltr\u00e1n Coronel, titular del Voluntariado UV<\/p><\/div>\n<p><span data-contrast=\"auto\">Explic<\/span><span data-contrast=\"auto\">\u00f3<\/span><span data-contrast=\"auto\">\u00a0que esto se logra con el apoyo de estudiantes\u00a0universitarios\u00a0que imparten cursos,\u00a0pr\u00e1cticas y talleres a las mujeres de distintas comunidades; sus productos son exhibidos en espacios como los\u00a0eventos\u00a0emprendedores y la Feria Internacional del Libro Universitario (FILU).<\/span><span data-ccp-props=\"{&quot;335559731&quot;:708}\">\u00a0<\/span><\/p>\n<p><span data-contrast=\"auto\">Comparti\u00f3 que el Voluntariado UV tambi\u00e9n administra los comedores universitarios ubicados en las Unidades de Humanidades e Ingenier\u00eda de la regi\u00f3n Xalapa, en los que\u00a0por un costo accesible\u00a0se ofrecen\u00a0a estudiantes y personal\u00a0men\u00fas saludables y balanceados,\u00a0creados por nutri\u00f3logos.<\/span><span data-ccp-props=\"{&quot;335559731&quot;:708}\">\u00a0<\/span><\/p>\n<p><span data-contrast=\"auto\">Elia Beltr\u00e1n mencion\u00f3 que las y los estudiantes\u00a0de nuevo ingreso que deseen sumarse al Voluntariado UV pueden proponer, desarrollar y poner en marcha un proyecto propio que beneficie a poblaciones vulnerables o a la\u00a0misma comunidad universitaria.<\/span><span data-ccp-props=\"{&quot;335559731&quot;:708}\">\u00a0<\/span><\/p>\n<p><span data-contrast=\"auto\">Coment\u00f3 que para contactar\u00a0a este programa\u00a0universitario pueden hacerlo\u00a0a trav\u00e9s de las redes sociales\u00a0<\/span><a href=\"https:\/\/www.facebook.com\/uvvoluntariado\/\"><i><span data-contrast=\"none\">Facebook<\/span><\/i><\/a><span data-contrast=\"auto\">,\u00a0<\/span><a href=\"https:\/\/twitter.com\/voluntariado_uv\"><i><span data-contrast=\"none\">Twitter<\/span><\/i><\/a><span data-contrast=\"auto\">\u00a0o escribir al correo\u00a0<\/span><a href=\"mailto:casarectoria@gmail.com\"><span data-contrast=\"none\">casarectoria@gmail.com<\/span><\/a><span data-contrast=\"auto\">.<\/span><span data-ccp-props=\"{&quot;335559731&quot;:708}\">\u00a0<\/span><\/p>\n","protected":false},"excerpt":{"rendered":"<p>Entre sus principales iniciativas se encuentran las campa\u00f1as \u201cApadrina una carta\u201d y \u201cDona un juguete\u201d, en las que se recolectan ropa y regalos para ni\u00f1os de escasos recursos <\/p>\n","protected":false},"author":1775,"featured_media":93357,"comment_status":"closed","ping_status":"closed","sticky":false,"template":"","format":"standard","meta":{"footnotes":""},"categories":[1],"tags":[3577,554,694,1559],"class_list":["post-99967","post","type-post","status-publish","format-standard","has-post-thumbnail","hentry","category-general","tag-elia-maria-beltran-coronel","tag-programa","tag-titular","tag-voluntariado-de-la-universidad-veracruzana"],"_links":{"self":[{"href":"https:\/\/www.uv.mx\/prensa\/wp-json\/wp\/v2\/posts\/99967","targetHints":{"allow":["GET"]}}],"collection":[{"href":"https:\/\/www.uv.mx\/prensa\/wp-json\/wp\/v2\/posts"}],"about":[{"href":"https:\/\/www.uv.mx\/prensa\/wp-json\/wp\/v2\/types\/post"}],"author":[{"embeddable":true,"href":"https:\/\/www.uv.mx\/prensa\/wp-json\/wp\/v2\/users\/1775"}],"replies":[{"embeddable":true,"href":"https:\/\/www.uv.mx\/prensa\/wp-json\/wp\/v2\/comments?post=99967"}],"version-history":[{"count":1,"href":"https:\/\/www.uv.mx\/prensa\/wp-json\/wp\/v2\/posts\/99967\/revisions"}],"predecessor-version":[{"id":100008,"href":"https:\/\/www.uv.mx\/prensa\/wp-json\/wp\/v2\/posts\/99967\/revisions\/100008"}],"wp:featuredmedia":[{"embeddable":true,"href":"https:\/\/www.uv.mx\/prensa\/wp-json\/wp\/v2\/media\/93357"}],"wp:attachment":[{"href":"https:\/\/www.uv.mx\/prensa\/wp-json\/wp\/v2\/media?parent=99967"}],"wp:term":[{"taxonomy":"category","embeddable":true,"href":"https:\/\/www.uv.mx\/prensa\/wp-json\/wp\/v2\/categories?post=99967"},{"taxonomy":"post_tag","embeddable":true,"href":"https:\/\/www.uv.mx\/prensa\/wp-json\/wp\/v2\/tags?post=99967"}],"curies":[{"name":"wp","href":"https:\/\/api.w.org\/{rel}","templated":true}]}}