{"id":99726,"date":"2021-07-05T15:19:54","date_gmt":"2021-07-05T20:19:54","guid":{"rendered":"https:\/\/www.uv.mx\/prensa\/?p=99726"},"modified":"2021-07-06T10:08:37","modified_gmt":"2021-07-06T15:08:37","slug":"oiice-galardono-a-academica-de-enfermeria-uv","status":"publish","type":"post","link":"https:\/\/www.uv.mx\/prensa\/banner\/oiice-galardono-a-academica-de-enfermeria-uv\/","title":{"rendered":"OIICE galardon\u00f3 a acad\u00e9mica de Enfermer\u00eda UV\u00a0\u00a0"},"content":{"rendered":"<ul>\n<li data-leveltext=\"\uf0b7\" data-font=\"Symbol\" data-listid=\"13\" data-aria-posinset=\"1\" data-aria-level=\"1\"><i><span data-contrast=\"auto\">Yolanda M\u00e9ndez Grajales, de la Facultad de Enfermer\u00eda, recibi\u00f3 el Galard\u00f3n a la Excelencia Educativa, el doctorado Honoris Causa y la Orden Dorada Magisterial<\/span><\/i><span data-ccp-props=\"{&quot;201341983&quot;:0,&quot;335559739&quot;:0,&quot;335559740&quot;:240}\">\u00a0<\/span><\/li>\n<li data-leveltext=\"\uf0b7\" data-font=\"Symbol\" data-listid=\"13\" data-aria-posinset=\"2\" data-aria-level=\"1\"><i><span data-contrast=\"auto\">\u201cPresenciaba de manera remota&#8230; cuando escuch\u00e9 las palabras que jam\u00e1s imagin\u00e9: \u2018Pa\u00eds M\u00e9xico, Yolanda M\u00e9ndez Grajales, Doctor Honoris Causa, Universidad Veracruzana\u2019\u201d.<\/span><\/i><span data-ccp-props=\"{&quot;201341983&quot;:0,&quot;335559739&quot;:0,&quot;335559740&quot;:240}\">\u00a0<\/span><\/li>\n<\/ul>\n<p><span data-ccp-props=\"{&quot;201341983&quot;:0,&quot;335559739&quot;:0,&quot;335559740&quot;:240}\">\u00a0<\/span><\/p>\n<div id=\"attachment_99728\" style=\"width: 343px\" class=\"wp-caption aligncenter\"><img loading=\"lazy\" decoding=\"async\" aria-describedby=\"caption-attachment-99728\" class=\"size-full wp-image-99728\" src=\"https:\/\/www.uv.mx\/prensa\/files\/2021\/07\/050721-Yolanda-Mendez-1.jpg\" alt=\"\" width=\"333\" height=\"481\" srcset=\"https:\/\/www.uv.mx\/prensa\/files\/2021\/07\/050721-Yolanda-Mendez-1.jpg 333w, https:\/\/www.uv.mx\/prensa\/files\/2021\/07\/050721-Yolanda-Mendez-1-208x300.jpg 208w\" sizes=\"auto, (max-width: 333px) 100vw, 333px\" \/><p id=\"caption-attachment-99728\" class=\"wp-caption-text\">La OIICE otorg\u00f3 el Galard\u00f3n a la Excelencia Educativa Edici\u00f3n Cusco a Yolanda M\u00e9ndez Grajales, docente y ex\u00a0directora de la Facultad de Enfermer\u00eda<\/p><\/div>\n<p><span data-ccp-props=\"{&quot;201341983&quot;:0,&quot;335559739&quot;:0,&quot;335559740&quot;:240}\">\u00a0<\/span><\/p>\n<p><b><i><span data-contrast=\"auto\">Jos\u00e9 Luis\u00a0Couttolenc\u00a0Soto<\/span><\/i><\/b><span data-ccp-props=\"{&quot;201341983&quot;:0,&quot;335559739&quot;:0,&quot;335559740&quot;:240}\">\u00a0<\/span><\/p>\n<p><b><i><span data-contrast=\"auto\">05\/07\/2021, Xalapa,\u00a0Ver.-<\/span><\/i><\/b><span data-contrast=\"auto\">\u00a0En reconocimiento a su trabajo\u00a0y perseverancia en el camino a la excelencia, y por\u00a0ser\u00a0una profesional que promueve el crecimiento acad\u00e9mico inculcando valores\u00a0a sus alumnos, la Organizaci\u00f3n Internacional para la Inclusi\u00f3n y Calidad Educativa (OIICE)\u00a0otorg\u00f3 el Galard\u00f3n a la Excelencia Educativa a Yolanda M\u00e9ndez Grajales, docente\u00a0de la <a href=\"https:\/\/www.uv.mx\/enfermeria\/\" target=\"_blank\" rel=\"noopener\">Facultad de Enfermer\u00eda\u00a0<\/a>de la Universidad Veracruzana (UV).<\/span><span data-ccp-props=\"{&quot;201341983&quot;:0,&quot;335559739&quot;:0,&quot;335559740&quot;:240}\">\u00a0<\/span><\/p>\n<p><span data-contrast=\"auto\">La Comisi\u00f3n de Evaluaci\u00f3n de la\u00a0OIICE, que preside\u00a0Manuel Chenet Zuta,\u00a0conformada por prestigiosos\u00a0catedr\u00e1ticos universitarios de diferentes pa\u00edses latinoamericanos, acord\u00f3 otorgarle tambi\u00e9n los reconocimientos honor\u00edficos Doctor\u00a0<\/span><i><span data-contrast=\"auto\">Honoris Causa<\/span><\/i><span data-contrast=\"auto\">\u00a0y t\u00edtulo Orden Dorada Magisterial, en el marco de una ceremonia efectuada en la ciudad de Cusco, Per\u00fa, el pasado 27 de junio.<\/span><span data-ccp-props=\"{&quot;201341983&quot;:0,&quot;335559739&quot;:0,&quot;335559740&quot;:240}\">\u00a0<\/span><\/p>\n<p><span data-contrast=\"auto\">La profesora universitaria,\u00a0formadora de numerosas generaciones de enfermeras y enfermeros,\u00a0coment\u00f3\u00a0que por motivos de salud de su mam\u00e1 no le fue posible asistir de manera presencial a la ceremonia, la que sigui\u00f3 puntualmente de manera virtual.\u00a0Siendo \u00e9sta, donde se enter\u00f3 de que hab\u00eda sido condecorada.<\/span><span data-ccp-props=\"{&quot;201341983&quot;:0,&quot;335559739&quot;:0,&quot;335559740&quot;:240}\">\u00a0<\/span><\/p>\n<p><span data-contrast=\"auto\">\u201cPresenciaba de manera remota&#8230;\u00a0cuando escuch\u00e9 las palabras que jam\u00e1s imagin\u00e9:\u00a0\u2018Pa\u00eds M\u00e9xico, Yolanda M\u00e9ndez Grajales, Doctor\u00a0<\/span><i><span data-contrast=\"auto\">Honoris Causa<\/span><\/i><span data-contrast=\"auto\">, Universidad Veracruzana\u2019\u201d.<\/span><span data-ccp-props=\"{&quot;201341983&quot;:0,&quot;335559739&quot;:0,&quot;335559740&quot;:240}\">\u00a0<\/span><\/p>\n<p><span data-contrast=\"auto\">Al preguntarle c\u00f3mo se dio su participaci\u00f3n,\u00a0contest\u00f3 emocionada: \u201cRecuerdo\u00a0que en enero del\u00a0presente\u00a0a\u00f1o\u00a0recib\u00ed\u00a0la invitaci\u00f3n de la OIICE para\u00a0formar parte, previa evaluaci\u00f3n, de la Red Internacional de L\u00edderes de la Educaci\u00f3n, que contempla tambi\u00e9n la posibilidad de hacerse acreedora a alguno de los reconocimientos que otorga dicha organizaci\u00f3n\u201d.<\/span><span data-ccp-props=\"{&quot;201341983&quot;:0,&quot;335559739&quot;:0,&quot;335559740&quot;:240}\">\u00a0<\/span><\/p>\n<p><span data-contrast=\"auto\">Despu\u00e9s de cubrir\u00a0los requisitos, fue\u00a0sometida\u00a0a evaluaci\u00f3n\u00a0y en junio recibi\u00f3 el correo electr\u00f3nico notific\u00e1ndole que se hab\u00eda hecho acreedora a los reconocimientos mencionados. \u201cSiempre he sostenido que cuando te llega\u00a0algo que no estabas buscando es un regalo de la\u00a0vida, sinceramente no me imagin\u00e9 que podr\u00eda alcanzar el m\u00e1ximo galard\u00f3n\u201d.<\/span><span data-ccp-props=\"{&quot;201341983&quot;:0,&quot;335559739&quot;:0,&quot;335559740&quot;:240}\">\u00a0<\/span><\/p>\n<p><span data-contrast=\"auto\">Para concluir, M\u00e9ndez Grajales expres\u00f3: \u201cMe siento muy contenta y muy agradecida, este logro por supuesto\u00a0es fruto de mi trabajo y labor docente diaria que realizo en mi querida Universidad Veracruzana, en pro de quienes son mi raz\u00f3n de ser\u00a0profesionalmente: mis alumnos\u201d.<\/span><span data-ccp-props=\"{&quot;201341983&quot;:0,&quot;335559739&quot;:0,&quot;335559740&quot;:240}\">\u00a0<\/span><\/p>\n","protected":false},"excerpt":{"rendered":"<p>La Organizaci\u00f3n Internacional para la Inclusi\u00f3n y Calidad Educativa otorg\u00f3 el Galard\u00f3n a la Excelencia Educativa a Yolanda M\u00e9ndez Grajales\u00a0<\/p>\n","protected":false},"author":1869,"featured_media":99727,"comment_status":"closed","ping_status":"closed","sticky":false,"template":"","format":"standard","meta":{"footnotes":""},"categories":[61],"tags":[],"class_list":["post-99726","post","type-post","status-publish","format-standard","has-post-thumbnail","hentry","category-banner"],"_links":{"self":[{"href":"https:\/\/www.uv.mx\/prensa\/wp-json\/wp\/v2\/posts\/99726","targetHints":{"allow":["GET"]}}],"collection":[{"href":"https:\/\/www.uv.mx\/prensa\/wp-json\/wp\/v2\/posts"}],"about":[{"href":"https:\/\/www.uv.mx\/prensa\/wp-json\/wp\/v2\/types\/post"}],"author":[{"embeddable":true,"href":"https:\/\/www.uv.mx\/prensa\/wp-json\/wp\/v2\/users\/1869"}],"replies":[{"embeddable":true,"href":"https:\/\/www.uv.mx\/prensa\/wp-json\/wp\/v2\/comments?post=99726"}],"version-history":[{"count":1,"href":"https:\/\/www.uv.mx\/prensa\/wp-json\/wp\/v2\/posts\/99726\/revisions"}],"predecessor-version":[{"id":99760,"href":"https:\/\/www.uv.mx\/prensa\/wp-json\/wp\/v2\/posts\/99726\/revisions\/99760"}],"wp:featuredmedia":[{"embeddable":true,"href":"https:\/\/www.uv.mx\/prensa\/wp-json\/wp\/v2\/media\/99727"}],"wp:attachment":[{"href":"https:\/\/www.uv.mx\/prensa\/wp-json\/wp\/v2\/media?parent=99726"}],"wp:term":[{"taxonomy":"category","embeddable":true,"href":"https:\/\/www.uv.mx\/prensa\/wp-json\/wp\/v2\/categories?post=99726"},{"taxonomy":"post_tag","embeddable":true,"href":"https:\/\/www.uv.mx\/prensa\/wp-json\/wp\/v2\/tags?post=99726"}],"curies":[{"name":"wp","href":"https:\/\/api.w.org\/{rel}","templated":true}]}}