{"id":99717,"date":"2021-07-05T10:46:32","date_gmt":"2021-07-05T15:46:32","guid":{"rendered":"https:\/\/www.uv.mx\/prensa\/?p=99717"},"modified":"2021-07-06T10:19:17","modified_gmt":"2021-07-06T15:19:17","slug":"pandemia-de-covid-19-incrementa-bruxismo-entre-la-poblacion","status":"publish","type":"post","link":"https:\/\/www.uv.mx\/prensa\/general\/pandemia-de-covid-19-incrementa-bruxismo-entre-la-poblacion\/","title":{"rendered":"Pandemia de Covid-19 incrementa bruxismo entre la poblaci\u00f3n"},"content":{"rendered":"<ul>\n<li data-leveltext=\"\uf0b7\" data-font=\"Symbol\" data-listid=\"1\" data-aria-posinset=\"0\" data-aria-level=\"1\"><i><span data-contrast=\"none\">Confinamiento, trabajo en casa, violaci\u00f3n de horarios y falta de privacidad, entre otras causas, generan un ambiente dif\u00edcil de afrontar para muchas personas, desencadenando reacciones patol\u00f3gicas<\/span><\/i><span data-ccp-props=\"{&quot;134233117&quot;:true,&quot;134233118&quot;:true,&quot;201341983&quot;:0,&quot;335559685&quot;:708,&quot;335559740&quot;:240}\">\u00a0<\/span><\/li>\n<li data-leveltext=\"\uf0b7\" data-font=\"Symbol\" data-listid=\"1\" data-aria-posinset=\"0\" data-aria-level=\"1\"><i><span data-contrast=\"none\">Los pacientes con altos niveles de estr\u00e9s tienen casi seis veces m\u00e1s probabilidades de presentar este padecimiento<br \/>\n<\/span><\/i><\/li>\n<\/ul>\n<p>&nbsp;<\/p>\n<div id=\"attachment_19658\" style=\"width: 732px\" class=\"wp-caption aligncenter\"><a href=\"https:\/\/www.uv.mx\/prensa\/files\/2016\/12\/Seminario-ok.jpg\"><img loading=\"lazy\" decoding=\"async\" aria-describedby=\"caption-attachment-19658\" class=\"size-full wp-image-19658\" src=\"https:\/\/www.uv.mx\/prensa\/files\/2016\/12\/Seminario-ok.jpg\" alt=\"Mar\u00eda Gabriela Nach\u00f3n Garc\u00eda, directora del Instituto de Ciencias de la Salud de la UV (foto de archivo)\" width=\"722\" height=\"481\" srcset=\"https:\/\/www.uv.mx\/prensa\/files\/2016\/12\/Seminario-ok.jpg 722w, https:\/\/www.uv.mx\/prensa\/files\/2016\/12\/Seminario-ok-300x200.jpg 300w\" sizes=\"auto, (max-width: 722px) 100vw, 722px\" \/><\/a><p id=\"caption-attachment-19658\" class=\"wp-caption-text\">Mar\u00eda Gabriela Nach\u00f3n Garc\u00eda, directora del Instituto de Ciencias de la Salud (foto de archivo)<\/p><\/div>\n<p>&nbsp;<\/p>\n<p><b><i><span data-contrast=\"none\">Jos\u00e9 Luis Couttolenc Soto<\/span><\/i><\/b><span data-ccp-props=\"{&quot;134233117&quot;:true,&quot;134233118&quot;:true,&quot;201341983&quot;:0,&quot;335559740&quot;:240}\">\u00a0<\/span><\/p>\n<p><b><i><span data-contrast=\"none\">05\/07\/2021, Xalapa, Ver.-<\/span><\/i><\/b><span data-contrast=\"none\"> La pandemia por Covid-19 causada por el virus SARS-CoV-2 desencaden\u00f3 reacciones patol\u00f3gicas como el bruxismo (trastorno en el que se rechinan, crujen o aprietan los dientes), que puede presentarse en ni\u00f1os o adultos durante el d\u00eda o la noche, explic\u00f3 Mar\u00eda Gabriela Nach\u00f3n Garc\u00eda, directora del I<a href=\"https:\/\/www.uv.mx\/ics\/\" target=\"_blank\" rel=\"noopener\">nstituto de Ciencias de la Salud<\/a> (ICS) de la Universidad Veracruzana (UV).<\/span><span data-ccp-props=\"{&quot;134233117&quot;:true,&quot;134233118&quot;:true,&quot;201341983&quot;:0,&quot;335559740&quot;:240}\">\u00a0<\/span><\/p>\n<p><span data-contrast=\"none\">El confinamiento, al que se vieron obligadas millones de personas en el mundo, modific\u00f3 rutinas y h\u00e1bitos diarios, propiciando otros, como el trabajo en casa, violaci\u00f3n de horarios y falta de privacidad, que generaron un ambiente amenazante y dif\u00edcil de afrontar para muchos sujetos,<\/span><span data-ccp-props=\"{&quot;134233117&quot;:true,&quot;134233118&quot;:true,&quot;201341983&quot;:0,&quot;335559740&quot;:240}\">\u00a0<\/span><\/p>\n<p><span data-contrast=\"none\">Indic\u00f3 que el bruxismo es una parafunci\u00f3n musculomandibular repetitiva, considerada como un h\u00e1bito lesivo para el sistema estomatogn\u00e1tico, del cual su etiolog\u00eda a\u00fan es incierta, sin embargo, numerosos autores la vinculan con el estr\u00e9s.<\/span><span data-ccp-props=\"{&quot;134233117&quot;:true,&quot;134233118&quot;:true,&quot;201341983&quot;:0,&quot;335559731&quot;:708,&quot;335559740&quot;:240}\">\u00a0<\/span><\/p>\n<p><span data-contrast=\"none\">Expuso que este trastorno se caracteriza por el apretamiento y\/o rechinamiento de los \u00f3rganos dentales que puede ocurrir durante el d\u00eda (bruxismo de vigilia) de forma semi-inconsciente, y\/o durante la noche (bruxismo del sue\u00f1o) de forma inconsciente e involuntaria.<\/span><span data-ccp-props=\"{&quot;134233117&quot;:true,&quot;134233118&quot;:true,&quot;201341983&quot;:0,&quot;335559731&quot;:708,&quot;335559740&quot;:240}\">\u00a0<\/span><\/p>\n<p><span data-contrast=\"none\">Se considera la parafunci\u00f3n que ocasiona mayor deterioro orofacial y se asocia a sintomatolog\u00eda como desgaste de \u00f3rganos dentarios, lesi\u00f3n del tejido periodontal, limitaci\u00f3n de la apertura bucal, alteraci\u00f3n de la articulaci\u00f3n temporomandibular, hipertrofia de los m\u00fasculos masticadores, dolor de cabeza matutino, dolor de cuello, de o\u00eddos, entre otros.<\/span><span data-ccp-props=\"{&quot;134233117&quot;:true,&quot;134233118&quot;:true,&quot;201341983&quot;:0,&quot;335559731&quot;:708,&quot;335559740&quot;:240}\">\u00a0<\/span><\/p>\n<p><span data-contrast=\"none\">Apunt\u00f3 que los pacientes con altos niveles de estr\u00e9s tienen casi seis veces m\u00e1s probabilidades de reportar bruxismo, en donde la contracci\u00f3n sostenida de los m\u00fasculos de la cabeza y el cuello est\u00e1 relacionada con una postura corporal requerida como respuesta de lucha o huida.<\/span><span data-ccp-props=\"{&quot;134233117&quot;:true,&quot;134233118&quot;:true,&quot;201341983&quot;:0,&quot;335559731&quot;:708,&quot;335559740&quot;:240}\">\u00a0<\/span><\/p>\n<p>&nbsp;<\/p>\n<div id='gallery-1' class='gallery galleryid-99717 gallery-columns-2 gallery-size-medium'><dl class='gallery-item'>\n\t\t\t<dt class='gallery-icon landscape'>\n\t\t\t\t<a href='https:\/\/www.uv.mx\/prensa\/files\/2021\/07\/05072021-Pandemia-y-bruxismo-2-ok.jpg'><img loading=\"lazy\" decoding=\"async\" width=\"300\" height=\"200\" src=\"https:\/\/www.uv.mx\/prensa\/files\/2021\/07\/05072021-Pandemia-y-bruxismo-2-ok-300x200.jpg\" class=\"attachment-medium size-medium\" alt=\"\" aria-describedby=\"gallery-1-99716\" srcset=\"https:\/\/www.uv.mx\/prensa\/files\/2021\/07\/05072021-Pandemia-y-bruxismo-2-ok-300x200.jpg 300w, https:\/\/www.uv.mx\/prensa\/files\/2021\/07\/05072021-Pandemia-y-bruxismo-2-ok.jpg 722w\" sizes=\"auto, (max-width: 300px) 100vw, 300px\" \/><\/a>\n\t\t\t<\/dt>\n\t\t\t\t<dd class='wp-caption-text gallery-caption' id='gallery-1-99716'>\n\t\t\t\tBruxismo, una reacci\u00f3n patol\u00f3gica provocada por la pandemia de Covid-19\n\t\t\t\t<\/dd><\/dl><dl class='gallery-item'>\n\t\t\t<dt class='gallery-icon landscape'>\n\t\t\t\t<a href='https:\/\/www.uv.mx\/prensa\/files\/2021\/07\/05072021-Pandemia-y-bruxismo-3.jpg'><img loading=\"lazy\" decoding=\"async\" width=\"300\" height=\"200\" src=\"https:\/\/www.uv.mx\/prensa\/files\/2021\/07\/05072021-Pandemia-y-bruxismo-3-300x200.jpg\" class=\"attachment-medium size-medium\" alt=\"\" aria-describedby=\"gallery-1-99715\" srcset=\"https:\/\/www.uv.mx\/prensa\/files\/2021\/07\/05072021-Pandemia-y-bruxismo-3-300x200.jpg 300w, https:\/\/www.uv.mx\/prensa\/files\/2021\/07\/05072021-Pandemia-y-bruxismo-3.jpg 720w\" sizes=\"auto, (max-width: 300px) 100vw, 300px\" \/><\/a>\n\t\t\t<\/dt>\n\t\t\t\t<dd class='wp-caption-text gallery-caption' id='gallery-1-99715'>\n\t\t\t\tEn el estr\u00e9s se presenta un fen\u00f3meno denominado s\u00edndrome general de adaptaci\u00f3n \n\t\t\t\t<\/dd><\/dl><br style=\"clear: both\" \/>\n\t\t<\/div>\n\n<p>&nbsp;<\/p>\n<p><span data-contrast=\"none\">Por lo tanto, la contracci\u00f3n muscular en el bruxismo de vigilia podr\u00eda ser parte del comportamiento de defensa asociado con la ansiedad y el estr\u00e9s, esto puede depender de los recursos positivos o negativos de cada persona, atribuidos a los diferentes estresores como rasgos de personalidad, comportamiento social y factores bioecol\u00f3gicos que desencadenan la presencia del distr\u00e9s. Se ha reportado que una forma de desahogo del estr\u00e9s es por medio del frotamiento o apretamiento dental.<\/span><span data-ccp-props=\"{&quot;134233117&quot;:true,&quot;134233118&quot;:true,&quot;201341983&quot;:0,&quot;335559731&quot;:708,&quot;335559740&quot;:240}\">\u00a0<\/span><\/p>\n<p><span data-contrast=\"none\">Con base en lo anterior, Mar\u00eda Gabriela Nach\u00f3n opin\u00f3 que para resolver un padecimiento o un problema se debe suprimir el factor causal, de tal forma que lo ideal ser\u00eda suprimir o disminuir el estr\u00e9s, que evidentemente es lo m\u00e1s dif\u00edcil de conseguir; no obstante, el manejo de terapias de relajaci\u00f3n, la utilizaci\u00f3n de guardas oclusales y la atenci\u00f3n dental, son algunas estrategias para aminorar el da\u00f1o bucal que el bruxismo genera.<\/span><span data-ccp-props=\"{&quot;134233117&quot;:true,&quot;134233118&quot;:true,&quot;201341983&quot;:0,&quot;335559731&quot;:708,&quot;335559740&quot;:240}\">\u00a0<\/span><\/p>\n<p><span data-contrast=\"none\">Por otra parte, mencion\u00f3 que el cambio repentino e inesperado de estilos de vida por la pandemia gener\u00f3 la falta de tiempo y espacio para realizar diferentes actividades, produciendo niveles de estr\u00e9s en la poblaci\u00f3n, tanto para quienes se vieron obligadas a salir a laborar ante una posible exposici\u00f3n, como para aquellas que ten\u00edan que permanecer recluidas en casa.<\/span><span data-ccp-props=\"{&quot;134233117&quot;:true,&quot;134233118&quot;:true,&quot;201341983&quot;:0,&quot;335559731&quot;:708,&quot;335559740&quot;:240}\">\u00a0<\/span><\/p>\n<p><span data-contrast=\"none\">La investigadora universitaria dijo que el manejo del estr\u00e9s, de acuerdo a lo descrito por el psic\u00f3logo estadounidense Richard S. Lazar\u00fas, se centra b\u00e1sicamente en los procesos cognitivos que se desarrollan en torno a una situaci\u00f3n estresante.<\/span><span data-ccp-props=\"{&quot;134233117&quot;:true,&quot;134233118&quot;:true,&quot;201341983&quot;:0,&quot;335559731&quot;:708,&quot;335559740&quot;:240}\">\u00a0<\/span><\/p>\n<p><span data-contrast=\"none\">Para el autor, una experiencia de este tipo deriva de la avenencia entre la persona y el entorno, el sujeto una vez que eval\u00faa la situaci\u00f3n lo puede considerar amenazante y ser capaz de enfrentarlo generando una reacci\u00f3n de estr\u00e9s adaptada; o bien, ser incapaz de enfrentarlo produciendo una reacci\u00f3n de estr\u00e9s patol\u00f3gica.<\/span><span data-ccp-props=\"{&quot;134233117&quot;:true,&quot;134233118&quot;:true,&quot;201341983&quot;:0,&quot;335559731&quot;:708,&quot;335559740&quot;:240}\">\u00a0<\/span><\/p>\n<p><span data-contrast=\"none\">La Directora del ICS consider\u00f3 que en el estr\u00e9s se presenta el s\u00edndrome general de adaptaci\u00f3n, que hace referencia al conjunto de mecanismos biol\u00f3gicos y fisiol\u00f3gicos que permiten la preparaci\u00f3n del individuo para la adaptaci\u00f3n, la defensa o el ataque que promueve la supervivencia en un ambiente hostil, lo que determina el tipo de estr\u00e9s que va a producir, ya sea eustr\u00e9s (estr\u00e9s positivo) o distr\u00e9s (estr\u00e9s negativo).<\/span><span data-ccp-props=\"{&quot;134233117&quot;:true,&quot;134233118&quot;:true,&quot;201341983&quot;:0,&quot;335559731&quot;:708,&quot;335559740&quot;:240}\">\u00a0<\/span><\/p>\n","protected":false},"excerpt":{"rendered":"<p>Es un trastorno que consiste en rechinar, crujir o apretar los dientes <\/p>\n","protected":false},"author":1508,"featured_media":19658,"comment_status":"closed","ping_status":"closed","sticky":false,"template":"","format":"standard","meta":{"footnotes":""},"categories":[1],"tags":[],"class_list":["post-99717","post","type-post","status-publish","format-standard","has-post-thumbnail","hentry","category-general"],"_links":{"self":[{"href":"https:\/\/www.uv.mx\/prensa\/wp-json\/wp\/v2\/posts\/99717","targetHints":{"allow":["GET"]}}],"collection":[{"href":"https:\/\/www.uv.mx\/prensa\/wp-json\/wp\/v2\/posts"}],"about":[{"href":"https:\/\/www.uv.mx\/prensa\/wp-json\/wp\/v2\/types\/post"}],"author":[{"embeddable":true,"href":"https:\/\/www.uv.mx\/prensa\/wp-json\/wp\/v2\/users\/1508"}],"replies":[{"embeddable":true,"href":"https:\/\/www.uv.mx\/prensa\/wp-json\/wp\/v2\/comments?post=99717"}],"version-history":[{"count":1,"href":"https:\/\/www.uv.mx\/prensa\/wp-json\/wp\/v2\/posts\/99717\/revisions"}],"predecessor-version":[{"id":99764,"href":"https:\/\/www.uv.mx\/prensa\/wp-json\/wp\/v2\/posts\/99717\/revisions\/99764"}],"wp:featuredmedia":[{"embeddable":true,"href":"https:\/\/www.uv.mx\/prensa\/wp-json\/wp\/v2\/media\/19658"}],"wp:attachment":[{"href":"https:\/\/www.uv.mx\/prensa\/wp-json\/wp\/v2\/media?parent=99717"}],"wp:term":[{"taxonomy":"category","embeddable":true,"href":"https:\/\/www.uv.mx\/prensa\/wp-json\/wp\/v2\/categories?post=99717"},{"taxonomy":"post_tag","embeddable":true,"href":"https:\/\/www.uv.mx\/prensa\/wp-json\/wp\/v2\/tags?post=99717"}],"curies":[{"name":"wp","href":"https:\/\/api.w.org\/{rel}","templated":true}]}}