{"id":99656,"date":"2021-07-02T13:20:14","date_gmt":"2021-07-02T18:20:14","guid":{"rendered":"https:\/\/www.uv.mx\/prensa\/?p=99656"},"modified":"2021-11-08T08:44:08","modified_gmt":"2021-11-08T14:44:08","slug":"temas-juridicos-contemporaneos-aborda-problemas-reales-y-cotidianos","status":"publish","type":"post","link":"https:\/\/www.uv.mx\/prensa\/filu\/temas-juridicos-contemporaneos-aborda-problemas-reales-y-cotidianos\/","title":{"rendered":"Temas jur\u00eddicos contempor\u00e1neos aborda problemas reales y cotidianos"},"content":{"rendered":"<ul>\n<li data-leveltext=\"\uf0b7\" data-font=\"Symbol\" data-listid=\"1\" data-aria-posinset=\"1\" data-aria-level=\"1\"><i><span data-contrast=\"auto\">El libro fue publicado<\/span><\/i> <i><span data-contrast=\"auto\">por el Instituto de Investigaciones Jur\u00eddicas de la UV<\/span><\/i><span data-ccp-props=\"{&quot;134233279&quot;:true,&quot;201341983&quot;:0,&quot;335559739&quot;:160,&quot;335559740&quot;:240}\">\u00a0<\/span><\/li>\n<li data-leveltext=\"\uf0b7\" data-font=\"Symbol\" data-listid=\"1\" data-aria-posinset=\"2\" data-aria-level=\"1\"><i><span data-contrast=\"auto\">Lo coordinaron \u00c1ngel Rosas, Jos\u00e9 Francisco B\u00e1ez y Petra Armenta, prologado por Sara Ladr\u00f3n de Guevara<\/span><\/i><span data-ccp-props=\"{&quot;134233279&quot;:true,&quot;201341983&quot;:0,&quot;335559739&quot;:160,&quot;335559740&quot;:240}\">\u00a0<\/span><\/li>\n<\/ul>\n<p>&nbsp;<\/p>\n<div id=\"attachment_99651\" style=\"width: 732px\" class=\"wp-caption aligncenter\"><a href=\"https:\/\/www.uv.mx\/prensa\/files\/2021\/07\/020721-PAOLA-Temas-juridicos-1.jpg\"><img aria-describedby=\"caption-attachment-99651\" decoding=\"async\" loading=\"lazy\" class=\"size-full wp-image-99651\" src=\"https:\/\/www.uv.mx\/prensa\/files\/2021\/07\/020721-PAOLA-Temas-juridicos-1.jpg\" alt=\"\" width=\"722\" height=\"481\" srcset=\"https:\/\/www.uv.mx\/prensa\/files\/2021\/07\/020721-PAOLA-Temas-juridicos-1.jpg 722w, https:\/\/www.uv.mx\/prensa\/files\/2021\/07\/020721-PAOLA-Temas-juridicos-1-300x200.jpg 300w\" sizes=\"(max-width: 722px) 100vw, 722px\" \/><\/a><p id=\"caption-attachment-99651\" class=\"wp-caption-text\">La rectora Sara Ladr\u00f3n de Guevara particip\u00f3 en la presentaci\u00f3n del libro<\/p><\/div>\n<p>&nbsp;<\/p>\n<p><b><i><span data-contrast=\"auto\">Paola Cortes P\u00e9rez<\/span><\/i><\/b><span data-ccp-props=\"{&quot;201341983&quot;:0,&quot;335559739&quot;:160,&quot;335559740&quot;:240}\">\u00a0<\/span><\/p>\n<p><span data-ccp-props=\"{&quot;201341983&quot;:0,&quot;335559739&quot;:160,&quot;335559740&quot;:240}\">\u00a0<\/span><b><i><span data-contrast=\"auto\">02\/07\/2021, Xalapa, Ver.-<\/span><\/i><\/b><span data-contrast=\"auto\"> El libro <\/span><i><span data-contrast=\"auto\">Temas jur\u00eddicos contempor\u00e1neos. Una mirada desde el Instituto de Investigaciones Jur\u00eddicas de la Universidad Veracruzana<\/span><\/i><span data-contrast=\"auto\">, tiene como caracter\u00edstica principal que aborda problemas reales y cotidianos, expres\u00f3 Sara Ladr\u00f3n de Guevara, rectora de la Universidad Veracruzana (UV), al presentar el texto en la <a href=\"https:\/\/filu.uv.mx\/\" target=\"_blank\" rel=\"noopener\">1a Feria Internacional del Libro Universitario Virtual 2021<\/a> (FILUV).<\/span><span data-ccp-props=\"{&quot;201341983&quot;:0,&quot;335559739&quot;:160,&quot;335559740&quot;:240}\">\u00a0<\/span><\/p>\n<p><span data-contrast=\"auto\">La presentaci\u00f3n se llev\u00f3 a cabo la tarde del jueves 1 de julio a trav\u00e9s de <\/span><i><span data-contrast=\"auto\">Facebook Live<\/span><\/i><span data-contrast=\"auto\"> @FILU.UniversidadVeracruzana, con los comentarios de la Rectora; Leopoldo Lara Gonz\u00e1lez, asesor en el Senado de la Rep\u00fablica; Daniel \u00c1lvarez Toledo, coordinador de asesores del Presidente de la Suprema Corte de Justicia de la Naci\u00f3n (SCJN), y Benjam\u00edn Rubio Ch\u00e1vez, magistrado del Estado de M\u00e9xico.<\/span><span data-ccp-props=\"{&quot;201341983&quot;:0,&quot;335559731&quot;:708,&quot;335559739&quot;:160,&quot;335559740&quot;:240}\">\u00a0<\/span><\/p>\n<p><i><span data-contrast=\"auto\">Temas jur\u00eddicos contempor\u00e1neos<\/span><\/i><span data-contrast=\"auto\">, editado por el Instituto de Investigaciones Jur\u00eddicas (IIJ) de la UV, es coordinado por \u00c1ngel Rosas Solano, Jos\u00e9 Francisco B\u00e1ez Corona y Petra Armenta Ram\u00edrez, y prologado por Sara Ladr\u00f3n de Guevara, quien coment\u00f3 que en el libro los autores proponen soluciones pr\u00e1cticas, es lo que el estado y el pa\u00eds requieren de quienes integran las instituciones p\u00fablicas de educaci\u00f3n superior.<\/span><span data-ccp-props=\"{&quot;201341983&quot;:0,&quot;335559731&quot;:708,&quot;335559739&quot;:160,&quot;335559740&quot;:240}\">\u00a0<\/span><\/p>\n<p><span data-contrast=\"auto\">Mencion\u00f3 que el programa educativo (PE) del Doctorado en Derecho del IIJ contin\u00faa una larga tradici\u00f3n de estudios de posgrados en Veracruz; fue aqu\u00ed que inici\u00f3 el primer Doctorado en Ciencias Jur\u00eddicas del pa\u00eds en los a\u00f1os cuarenta del siglo pasado y, tiene su antecedente inmediato en el Doctorado en Derecho P\u00fablico, sus egresados se han desempe\u00f1ado con \u00e9xito en el sector p\u00fablico y privado.<\/span><span data-ccp-props=\"{&quot;201341983&quot;:0,&quot;335559731&quot;:708,&quot;335559739&quot;:160,&quot;335559740&quot;:240}\">\u00a0<\/span><\/p>\n<p>&nbsp;<\/p>\n<div id=\"attachment_99650\" style=\"width: 732px\" class=\"wp-caption aligncenter\"><a href=\"https:\/\/www.uv.mx\/prensa\/files\/2021\/07\/020721-PAOLA-Temas-juridicos-2.jpg\"><img aria-describedby=\"caption-attachment-99650\" decoding=\"async\" loading=\"lazy\" class=\"size-full wp-image-99650\" src=\"https:\/\/www.uv.mx\/prensa\/files\/2021\/07\/020721-PAOLA-Temas-juridicos-2.jpg\" alt=\"\" width=\"722\" height=\"481\" srcset=\"https:\/\/www.uv.mx\/prensa\/files\/2021\/07\/020721-PAOLA-Temas-juridicos-2.jpg 722w, https:\/\/www.uv.mx\/prensa\/files\/2021\/07\/020721-PAOLA-Temas-juridicos-2-300x200.jpg 300w\" sizes=\"(max-width: 722px) 100vw, 722px\" \/><\/a><p id=\"caption-attachment-99650\" class=\"wp-caption-text\">Leopoldo Lara expres\u00f3 que la UV es una universidad viva que analiza la realidad jur\u00eddica<\/p><\/div>\n<p>&nbsp;<\/p>\n<p><span data-contrast=\"auto\">\u201cRecientemente el IIJ percibi\u00f3 la necesidad de contar con un nuevo programa de posgrado de impacto regional para la formaci\u00f3n de investigadores cr\u00edticos sobre los fen\u00f3menos jur\u00eddicos originados en Veracruz, M\u00e9xico y el mundo, as\u00ed fue como se cre\u00f3 el Doctorado en Derecho.\u201d<\/span><span data-ccp-props=\"{&quot;201341983&quot;:0,&quot;335559731&quot;:708,&quot;335559739&quot;:160,&quot;335559740&quot;:240}\">\u00a0<\/span><\/p>\n<p><span data-contrast=\"auto\">La primera generaci\u00f3n, mencion\u00f3 Sara Ladr\u00f3n de Guevara, recibi\u00f3 a un grupo de juristas dedicados al litigio, la academia, la procuraci\u00f3n y administraci\u00f3n de justicia, la docencia, as\u00ed como otras \u00e1reas del servicio p\u00fablico.<\/span><span data-ccp-props=\"{&quot;201341983&quot;:0,&quot;335559731&quot;:708,&quot;335559739&quot;:160,&quot;335559740&quot;:240}\">\u00a0<\/span><\/p>\n<p><span data-contrast=\"auto\">\u201cLos 11 egresados de esa generaci\u00f3n junto con la directora del IIJ, Petra Armenta, y algunos catedr\u00e1ticos, dan testimonio de los saberes adquiridos mediante un trabajo colectivo que refleja la riqueza y diversidad en el manejo de conceptos jur\u00eddicos.<\/span><span data-ccp-props=\"{&quot;201341983&quot;:0,&quot;335559731&quot;:708,&quot;335559739&quot;:160,&quot;335559740&quot;:240}\">\u00a0<\/span><\/p>\n<p><span data-contrast=\"auto\">\u201dPone de manifiesto la importancia de que en momentos complejos se haga una apuesta por la educaci\u00f3n, porque sensibiliza y posibilita detectar y detener las ra\u00edces del fanatismo, la violencia y otras formas de maldad encubiertas de maldad.\u201d<\/span><span data-ccp-props=\"{&quot;201341983&quot;:0,&quot;335559731&quot;:708,&quot;335559739&quot;:160,&quot;335559740&quot;:240}\">\u00a0<\/span><\/p>\n<p>&nbsp;<\/p>\n<div id=\"attachment_99654\" style=\"width: 732px\" class=\"wp-caption aligncenter\"><a href=\"https:\/\/www.uv.mx\/prensa\/files\/2021\/07\/020721-PAOLA-Temas-juridicos-3.jpg\"><img aria-describedby=\"caption-attachment-99654\" decoding=\"async\" loading=\"lazy\" class=\"size-full wp-image-99654\" src=\"https:\/\/www.uv.mx\/prensa\/files\/2021\/07\/020721-PAOLA-Temas-juridicos-3.jpg\" alt=\"\" width=\"722\" height=\"481\" srcset=\"https:\/\/www.uv.mx\/prensa\/files\/2021\/07\/020721-PAOLA-Temas-juridicos-3.jpg 722w, https:\/\/www.uv.mx\/prensa\/files\/2021\/07\/020721-PAOLA-Temas-juridicos-3-300x200.jpg 300w\" sizes=\"(max-width: 722px) 100vw, 722px\" \/><\/a><p id=\"caption-attachment-99654\" class=\"wp-caption-text\">Daniel \u00c1lvarez dijo que es un libro que contiene tem\u00e1ticas contempor\u00e1neas<\/p><\/div>\n<p>&nbsp;<\/p>\n<p><span data-contrast=\"auto\">Coment\u00f3 que el libro es producto de la educaci\u00f3n recibida, el resultado de algunas de sus investigaciones, su visi\u00f3n del quehacer jur\u00eddico, a trav\u00e9s de ensayos relacionados con el derecho privado, p\u00fablico, electoral, inform\u00e1tico, procesal, constitucional y ambiental.<\/span><span data-ccp-props=\"{&quot;201341983&quot;:0,&quot;335559731&quot;:708,&quot;335559739&quot;:160,&quot;335559740&quot;:240}\">\u00a0<\/span><\/p>\n<p><span data-contrast=\"auto\">\u201cEs seguro que cada art\u00edculo constituye una provocaci\u00f3n intelectual para abrir el debate y continuar el camino de la b\u00fasqueda y encuentro del saber.\u201d<\/span><span data-ccp-props=\"{&quot;201341983&quot;:0,&quot;335559731&quot;:708,&quot;335559739&quot;:160,&quot;335559740&quot;:240}\">\u00a0<\/span><\/p>\n<p><span data-contrast=\"auto\">Leopoldo Lara expres\u00f3 que la UV es una universidad viva que analiza la realidad jur\u00eddica no s\u00f3lo de Veracruz sino del pa\u00eds y del mundo, lo que demuestra que est\u00e1 a la vanguardia.<\/span><span data-ccp-props=\"{&quot;201341983&quot;:0,&quot;335559731&quot;:708,&quot;335559739&quot;:160,&quot;335559740&quot;:240}\">\u00a0<\/span><\/p>\n<p><span data-contrast=\"auto\">Sobre el ensayo intitulado \u201cLa Unidad de Inteligencia Financiera\u201d, de Petra Armenta, coment\u00f3 que la autora hace una solicitud urgente al Congreso de la Uni\u00f3n para dotarle de elementos y herramientas donde el afectado por una medida de la UIF pueda ejercitar su derecho a una defensa adecuada, sin perder de vista que la batalla contra la corrupci\u00f3n debe intensificarse, al ser uno de los principales flagelos en el mundo.<\/span><span data-ccp-props=\"{&quot;201341983&quot;:0,&quot;335559731&quot;:708,&quot;335559739&quot;:160,&quot;335559740&quot;:240}\">\u00a0<\/span><\/p>\n<p>&nbsp;<\/p>\n<div id=\"attachment_99653\" style=\"width: 732px\" class=\"wp-caption aligncenter\"><a href=\"https:\/\/www.uv.mx\/prensa\/files\/2021\/07\/020721-PAOLA-Temas-juridicos-4.jpg\"><img aria-describedby=\"caption-attachment-99653\" decoding=\"async\" loading=\"lazy\" class=\"size-full wp-image-99653\" src=\"https:\/\/www.uv.mx\/prensa\/files\/2021\/07\/020721-PAOLA-Temas-juridicos-4.jpg\" alt=\"\" width=\"722\" height=\"481\" srcset=\"https:\/\/www.uv.mx\/prensa\/files\/2021\/07\/020721-PAOLA-Temas-juridicos-4.jpg 722w, https:\/\/www.uv.mx\/prensa\/files\/2021\/07\/020721-PAOLA-Temas-juridicos-4-300x200.jpg 300w\" sizes=\"(max-width: 722px) 100vw, 722px\" \/><\/a><p id=\"caption-attachment-99653\" class=\"wp-caption-text\">Benjam\u00edn Rubio opin\u00f3 que los posgrados son relevantes en la producci\u00f3n de ciencia jur\u00eddica<\/p><\/div>\n<p>&nbsp;<\/p>\n<p><span data-contrast=\"auto\">Daniel \u00c1lvarez dijo que es un libro que contiene tem\u00e1ticas contempor\u00e1neas, aborda conceptos jur\u00eddicos de gran relevancia; sumar\u00e1 a los estudiantes y lectores pautas de la forma en que se ha concebido, se sigue concibiendo y se construir\u00e1n los sistemas jur\u00eddicos en el pa\u00eds.<\/span><span data-ccp-props=\"{&quot;201341983&quot;:0,&quot;335559731&quot;:708,&quot;335559739&quot;:160,&quot;335559740&quot;:240}\">\u00a0<\/span><\/p>\n<p><span data-contrast=\"auto\">\u201cEn este libro convergen temas de derecho civil, derecho penal, incluso de propiedad intelectual; son 14 los temas abordados. Aportar\u00e1 al fortalecimiento de la formaci\u00f3n de todos los doctores en derecho y estudiantes que emergen de esta instituci\u00f3n y Universidad.\u201d<\/span><span data-ccp-props=\"{&quot;201341983&quot;:0,&quot;335559731&quot;:708,&quot;335559739&quot;:160,&quot;335559740&quot;:240}\">\u00a0<\/span><\/p>\n<p><span data-contrast=\"auto\">Por \u00faltimo, Benjam\u00edn Rubio opin\u00f3 que los posgrados en Derecho son relevantes en la producci\u00f3n de ciencia jur\u00eddica, ya que casi siempre volteamos hacia otros lugares para adquirirla.<\/span><span data-ccp-props=\"{&quot;201341983&quot;:0,&quot;335559731&quot;:708,&quot;335559739&quot;:160,&quot;335559740&quot;:240}\">\u00a0<\/span><\/p>\n<p><span data-contrast=\"auto\">\u201cEn el libro se analizan temas que enfrentan d\u00eda a d\u00eda los juristas, muchos adem\u00e1s de ser estudiosos del derecho tienen otro tipo de actividades que son acad\u00e9micas, postulantes en el derecho o administradores de justicia.\u201d<\/span><span data-ccp-props=\"{&quot;201341983&quot;:0,&quot;335559731&quot;:708,&quot;335559739&quot;:160,&quot;335559740&quot;:240}\">\u00a0<\/span><\/p>\n<p><span data-ccp-props=\"{&quot;201341983&quot;:0,&quot;335559739&quot;:160,&quot;335559740&quot;:240}\">\u00a0<\/span><\/p>\n<div id=\"attachment_99652\" style=\"width: 732px\" class=\"wp-caption aligncenter\"><a href=\"https:\/\/www.uv.mx\/prensa\/files\/2021\/07\/020721-PAOLA-Temas-juridicos-5.jpg\"><img aria-describedby=\"caption-attachment-99652\" decoding=\"async\" loading=\"lazy\" class=\"size-full wp-image-99652\" src=\"https:\/\/www.uv.mx\/prensa\/files\/2021\/07\/020721-PAOLA-Temas-juridicos-5.jpg\" alt=\"\" width=\"722\" height=\"481\" srcset=\"https:\/\/www.uv.mx\/prensa\/files\/2021\/07\/020721-PAOLA-Temas-juridicos-5.jpg 722w, https:\/\/www.uv.mx\/prensa\/files\/2021\/07\/020721-PAOLA-Temas-juridicos-5-300x200.jpg 300w\" sizes=\"(max-width: 722px) 100vw, 722px\" \/><\/a><p id=\"caption-attachment-99652\" class=\"wp-caption-text\">Jacqueline Mart\u00ednez anunci\u00f3 la donaci\u00f3n de libros a la UV, por parte de la biblioteca de los juristas H\u00e9ctor Fix Zamudio y H\u00e9ctor Fix Fierro<\/p><\/div>\n<p>&nbsp;<\/p>\n<p><b><span data-contrast=\"auto\">Donaci\u00f3n de libros<\/span><\/b><span data-ccp-props=\"{&quot;201341983&quot;:0,&quot;335559739&quot;:160,&quot;335559740&quot;:240}\">\u00a0<\/span><\/p>\n<p><span data-contrast=\"auto\">Mar\u00eda Jacqueline Mart\u00ednez Uriarte, directora general de Gesti\u00f3n Judicial del Consejo de la Judicatura Federal, anunci\u00f3 la donaci\u00f3n a la Universidad Veracruzana de parte de la biblioteca y publicaciones de su suegro H\u00e9ctor Fix Zamudio, as\u00ed como de su esposo H\u00e9ctor Fix Fierro, que consiste en libros de sociolog\u00eda del derecho.<\/span><span data-ccp-props=\"{&quot;201341983&quot;:0,&quot;335559739&quot;:160,&quot;335559740&quot;:240}\">\u00a0<\/span><\/p>\n<p><span data-contrast=\"auto\">La Rectora agradeci\u00f3 a las familias Fix Zamudio y Fix Fierro pues la donaci\u00f3n tendr\u00e1 un impacto positivo en los estudiantes, acad\u00e9micos e investigadores de la Universidad.<\/span><span data-ccp-props=\"{&quot;201341983&quot;:0,&quot;335559731&quot;:708,&quot;335559739&quot;:160,&quot;335559740&quot;:240}\">\u00a0<\/span><\/p>\n","protected":false},"excerpt":{"rendered":"<p>El libro fue publicado por el Instituto de Investigaciones Jur\u00eddicas de la UV y presentado en la Feria Internacional del Libro Universitario Virtual<\/p>\n","protected":false},"author":1508,"featured_media":99658,"comment_status":"closed","ping_status":"closed","sticky":false,"template":"","format":"standard","meta":[],"categories":[5128],"tags":[],"_links":{"self":[{"href":"https:\/\/www.uv.mx\/prensa\/wp-json\/wp\/v2\/posts\/99656"}],"collection":[{"href":"https:\/\/www.uv.mx\/prensa\/wp-json\/wp\/v2\/posts"}],"about":[{"href":"https:\/\/www.uv.mx\/prensa\/wp-json\/wp\/v2\/types\/post"}],"author":[{"embeddable":true,"href":"https:\/\/www.uv.mx\/prensa\/wp-json\/wp\/v2\/users\/1508"}],"replies":[{"embeddable":true,"href":"https:\/\/www.uv.mx\/prensa\/wp-json\/wp\/v2\/comments?post=99656"}],"version-history":[{"count":1,"href":"https:\/\/www.uv.mx\/prensa\/wp-json\/wp\/v2\/posts\/99656\/revisions"}],"predecessor-version":[{"id":99896,"href":"https:\/\/www.uv.mx\/prensa\/wp-json\/wp\/v2\/posts\/99656\/revisions\/99896"}],"wp:featuredmedia":[{"embeddable":true,"href":"https:\/\/www.uv.mx\/prensa\/wp-json\/wp\/v2\/media\/99658"}],"wp:attachment":[{"href":"https:\/\/www.uv.mx\/prensa\/wp-json\/wp\/v2\/media?parent=99656"}],"wp:term":[{"taxonomy":"category","embeddable":true,"href":"https:\/\/www.uv.mx\/prensa\/wp-json\/wp\/v2\/categories?post=99656"},{"taxonomy":"post_tag","embeddable":true,"href":"https:\/\/www.uv.mx\/prensa\/wp-json\/wp\/v2\/tags?post=99656"}],"curies":[{"name":"wp","href":"https:\/\/api.w.org\/{rel}","templated":true}]}}