{"id":99464,"date":"2021-06-28T15:10:50","date_gmt":"2021-06-28T20:10:50","guid":{"rendered":"https:\/\/www.uv.mx\/prensa\/?p=99464"},"modified":"2021-06-29T15:10:10","modified_gmt":"2021-06-29T20:10:10","slug":"uv-es-referente-en-educacion-superior-intercultural-a-nivel-nacional-rectora","status":"publish","type":"post","link":"https:\/\/www.uv.mx\/prensa\/banner\/uv-es-referente-en-educacion-superior-intercultural-a-nivel-nacional-rectora\/","title":{"rendered":"UV es referente en educaci\u00f3n superior\u00a0intercultural a nivel nacional: Rectora\u00a0"},"content":{"rendered":"<ul>\n<li data-leveltext=\"\u25cf\" data-font=\"\" data-listid=\"1\" data-aria-posinset=\"1\" data-aria-level=\"1\"><i><span data-contrast=\"auto\">Sara Ladr\u00f3n de Guevara particip\u00f3 en\u00a0una\u00a0reuni\u00f3n bilateral con rectores de universidades interculturales de M\u00e9xico y Canad\u00e1<\/span><\/i><span data-ccp-props=\"{&quot;201341983&quot;:0,&quot;335559740&quot;:240}\">\u00a0<\/span><\/li>\n<li data-leveltext=\"\u25cf\" data-font=\"\" data-listid=\"1\" data-aria-posinset=\"2\" data-aria-level=\"1\"><i><span data-contrast=\"auto\">Graeme Clark, embajador de Canad\u00e1 en M\u00e9xico, dijo que se pueden desarrollar \u00e1reas de cooperaci\u00f3n futura<\/span><\/i><span data-ccp-props=\"{&quot;201341983&quot;:0,&quot;335559740&quot;:240}\">\u00a0<\/span><\/li>\n<\/ul>\n<p><span data-ccp-props=\"{&quot;201341983&quot;:0,&quot;335559740&quot;:240}\">\u00a0<\/span><\/p>\n<div id=\"attachment_99473\" style=\"width: 732px\" class=\"wp-caption aligncenter\"><img loading=\"lazy\" decoding=\"async\" aria-describedby=\"caption-attachment-99473\" class=\"size-full wp-image-99473\" src=\"https:\/\/www.uv.mx\/prensa\/files\/2021\/06\/280621-DAVID-SLG-reunion-rectores-mexico-canada-1.jpg\" alt=\"\" width=\"722\" height=\"329\" srcset=\"https:\/\/www.uv.mx\/prensa\/files\/2021\/06\/280621-DAVID-SLG-reunion-rectores-mexico-canada-1.jpg 722w, https:\/\/www.uv.mx\/prensa\/files\/2021\/06\/280621-DAVID-SLG-reunion-rectores-mexico-canada-1-300x137.jpg 300w\" sizes=\"auto, (max-width: 722px) 100vw, 722px\" \/><p id=\"caption-attachment-99473\" class=\"wp-caption-text\">La Universidad Veracruzana particip\u00f3 en encuentro bilateral M\u00e9xico-Canad\u00e1 de universidades interculturales<\/p><\/div>\n<p><span data-ccp-props=\"{&quot;201341983&quot;:0,&quot;335559740&quot;:240}\">\u00a0<\/span><\/p>\n<p><b><i><span data-contrast=\"auto\">David Sandoval Rodr\u00edguez<\/span><\/i><\/b><span data-ccp-props=\"{&quot;201341983&quot;:0,&quot;335559740&quot;:240}\">\u00a0<\/span><\/p>\n<p><b><i><span data-contrast=\"auto\">28\/06\/2021,\u00a0Xalapa, Ver.-<\/span><\/i><\/b><span data-contrast=\"auto\">\u00a0La <a href=\"https:\/\/www.uv.mx\/\" target=\"_blank\" rel=\"noopener\">Universidad Veracruzana<\/a> (UV) es la \u00fanica instituci\u00f3n de educaci\u00f3n superior aut\u00f3noma, p\u00fablica y estatal que ha integrado a su proyecto la educaci\u00f3n intercultural a trav\u00e9s de la Universidad Veracruzana Intercultural (UVI), afirm\u00f3 la rectora Sara Ladr\u00f3n de Guevara al participar en la \u201cReuni\u00f3n anual de los rectores y\u00a0presidentes de la\u00a0mesa\u00a0redonda M\u00e9xico-Canad\u00e1 en\u00a0educaci\u00f3n\u00a0superior\u00a0ind\u00edgena\/intercultural\u201d, celebrada por videoconferencia.<\/span><span data-ccp-props=\"{&quot;201341983&quot;:0,&quot;335559740&quot;:240}\">\u00a0<\/span><\/p>\n<p><span data-contrast=\"auto\">Ladr\u00f3n de Guevara calific\u00f3 como \u201cun honor participar en esta mesa redonda\u201d y destac\u00f3\u00a0\u201cnosotros estamos un paso adelante en la medida que hemos integrado la interculturalidad atendiendo cuatro sedes en territorios ind\u00edgenas,\u00a0pero sobre todo integrando la interculturalidad en la concepci\u00f3n de nuestra misi\u00f3n como universidad y en nuestra legislaci\u00f3n\u201d.<\/span><span data-ccp-props=\"{&quot;201341983&quot;:0,&quot;335559740&quot;:240}\">\u00a0<\/span><\/p>\n<p><span data-contrast=\"auto\">Plante\u00f3 que la nueva Ley de Educaci\u00f3n Superior es un reto que establece a la interculturalidad como uno de sus ejes transversales y en tal sentido \u201chemos tomado esta iniciativa, integrado la interculturalidad en los estatutos y reglamentos; para hacerla parte de nuestra identidad, hemos avanzado al reconocer el biling\u00fcismo, reconociendo a las culturas y lenguas originarias y adem\u00e1s aceptamos la defensa de las tesis en lenguas originarias\u201d.<\/span><span data-ccp-props=\"{&quot;201341983&quot;:0,&quot;335559731&quot;:720,&quot;335559740&quot;:240}\">\u00a0<\/span><\/p>\n<p><span data-contrast=\"auto\">Destac\u00f3 tambi\u00e9n que la m\u00e1xima casa de estudios\u00a0de Veracruz es la \u00fanica universidad en Latinoam\u00e9rica con un posgrado, la Maestr\u00eda en Lengua y Cultura Nahua, que se imparte en esta lengua originaria.<\/span><span data-ccp-props=\"{&quot;201341983&quot;:0,&quot;335559731&quot;:720,&quot;335559740&quot;:240}\">\u00a0<\/span><\/p>\n<p><span data-contrast=\"auto\">Las cuatro sedes regionales: Huasteca, Totonacapan, Grandes Monta\u00f1as y\u00a0Las\u00a0Selvas, se crearon considerando la b\u00fasqueda del acceso equitativo y de calidad a la educaci\u00f3n superior en las comunidades rurales, ind\u00edgenas y afrodescendientes.<\/span><span data-ccp-props=\"{&quot;201341983&quot;:0,&quot;335559731&quot;:720,&quot;335559740&quot;:240}\">\u00a0<\/span><\/p>\n<p><span data-contrast=\"auto\">El enfoque intercultural tiene el prop\u00f3sito de generar espacios equitativos, libres de violencia y con respeto a las diversidades, por ello se ha emprendido la inclusi\u00f3n del respeto a los derechos humanos y el enfoque intercultural en estatutos y reglamentos de la UV.<\/span><span data-ccp-props=\"{&quot;201341983&quot;:0,&quot;335559731&quot;:720,&quot;335559740&quot;:240}\">\u00a0<\/span><\/p>\n<p><span data-contrast=\"auto\">\u201cLa UV est\u00e1 comprometida con la interculturalidad y esperamos que permee en todas las instituciones de educaci\u00f3n superior de M\u00e9xico y Canad\u00e1\u201d, expres\u00f3 la Rectora.<\/span><span data-ccp-props=\"{&quot;201341983&quot;:0,&quot;335559731&quot;:720,&quot;335559740&quot;:240}\">\u00a0<\/span><\/p>\n<p><span data-contrast=\"auto\">Graeme Clark,\u00a0embajador de Canad\u00e1 en M\u00e9xico, se\u00f1al\u00f3 que\u00a0 este encuentro es una oportunidad para tener \u201cun di\u00e1logo en el campo de la educaci\u00f3n y de la educaci\u00f3n ind\u00edgena y aprender mutuamente de nosotros\u201d.<\/span><span data-ccp-props=\"{&quot;201341983&quot;:0,&quot;335559731&quot;:720,&quot;335559740&quot;:240}\">\u00a0<\/span><\/p>\n<p><span data-contrast=\"auto\">Explic\u00f3 que la movilidad de estudiantes ind\u00edgenas ha crecido desde 2013, ya que m\u00e1s de 300 alumnos han participado en alg\u00fan tipo de intercambio acad\u00e9mico;\u00a0mencion\u00f3\u00a0tambi\u00e9n\u00a0el apoyo del Consejo Nacional de Ciencia y Tecnolog\u00eda (<\/span><i><span data-contrast=\"auto\">Conacyt<\/span><\/i><span data-contrast=\"auto\">) para que m\u00e1s de 100 mujeres tomen cursos en Canad\u00e1 para el mejoramiento del idioma ingl\u00e9s y con la idea de aplicar para una beca de posgrado del\u00a0<\/span><i><span data-contrast=\"auto\">Conacyt<\/span><\/i><span data-contrast=\"auto\">.<\/span><span data-ccp-props=\"{&quot;201341983&quot;:0,&quot;335559731&quot;:720,&quot;335559740&quot;:240}\">\u00a0<\/span><\/p>\n<p><span data-contrast=\"auto\">Igualmente, acad\u00e9micos canadienses estar\u00e1n realizando estancias cortas en tres universidades interculturales una vez que se normalice el trabajo\u00a0post-pandemia.<\/span><span data-ccp-props=\"{&quot;201341983&quot;:0,&quot;335559731&quot;:720,&quot;335559740&quot;:240}\">\u00a0<\/span><\/p>\n<p><span data-contrast=\"auto\">\u201cTenemos que explorar las maneras de incrementar la reciprocidad de canadienses y mexicanos porque esto ayuda a fomentar el conocimiento acerca de la diversidad en nuestros pa\u00edses y permite un an\u00e1lisis m\u00e1s profundo de los pueblos ind\u00edgenas, la colaboraci\u00f3n internacional en materia educativa nos lleva a desarrollar \u00e1reas comunes de colaboraci\u00f3n futura\u201d, detall\u00f3 el Embajador.<\/span><span data-ccp-props=\"{&quot;201341983&quot;:0,&quot;335559731&quot;:720,&quot;335559740&quot;:240}\">\u00a0<\/span><\/p>\n<p><span data-contrast=\"auto\">Moira McPherson, presidenta y vicerrectora de la\u00a0Universidad de\u00a0Lakehead, precis\u00f3 que el objetivo del encuentro es desarrollar acuerdos para promover la movilidad acad\u00e9mica entre las universidades y con este prop\u00f3sito se revisar\u00e1 la misi\u00f3n y las metas del colectivo, as\u00ed como establecer los pasos a seguir.<\/span><span data-ccp-props=\"{&quot;201341983&quot;:0,&quot;335559731&quot;:720,&quot;335559740&quot;:240}\">\u00a0<\/span><\/p>\n<p><span data-contrast=\"auto\">La realizaci\u00f3n del evento, que se pospuso debido a la pandemia y tendr\u00eda su sede en la UVI durante 2020, es seguir avanzando en esta materia, por ello se ha invitado a rectores y presidentes de universidades canadienses y mexicanas para establecer las condiciones de movilidad internacional de estudiantes, acad\u00e9micos y funcionarios que permitan fortalecer esta alianza, explic\u00f3 la\u00a0Vicerrectora canadiense.<\/span><span data-ccp-props=\"{&quot;201341983&quot;:0,&quot;335559731&quot;:720,&quot;335559740&quot;:240}\">\u00a0<\/span><\/p>\n<p><span data-contrast=\"auto\">Mar\u00eda de los \u00c1ngeles Gordillo Casta\u00f1eda,\u00a0directora de Educaci\u00f3n Media Superior y Superior de la Coordinaci\u00f3n General de Educaci\u00f3n Intercultural y Biling\u00fce (CGEIB) de la Secretar\u00eda de Educaci\u00f3n P\u00fablica (SEP), declar\u00f3:\u00a0\u201cLa educaci\u00f3n ind\u00edgena intercultural es muy importante en nuestros pa\u00edses, es de una gran riqueza relegada hist\u00f3ricamente al olvido y debemos recuperarla desde m\u00faltiples ra\u00edces que la componen para romper con los paradigmas conquistadores que le han dado forma a nuestras sociedades\u201d.<\/span><span data-ccp-props=\"{&quot;201341983&quot;:0,&quot;335559731&quot;:720,&quot;335559740&quot;:240}\">\u00a0<\/span><\/p>\n<p><span data-contrast=\"auto\">Reconoci\u00f3 que \u201cestas reuniones impulsan la consolidaci\u00f3n y el fortalecimiento de la educaci\u00f3n intercultural dado que buscan entablar relaciones horizontales e incluyentes entre las distintas culturas; nuestras sociedades son diversas y desiguales\u201d.<\/span><span data-ccp-props=\"{&quot;201341983&quot;:0,&quot;335559731&quot;:720,&quot;335559740&quot;:240}\">\u00a0<\/span><\/p>\n<p><span data-contrast=\"auto\">Encuentros como \u00e9ste, a\u00f1adi\u00f3, \u201cpermiten poner en cuesti\u00f3n las propias condiciones en que se da el di\u00e1logo entre culturas distintas y la transformaci\u00f3n de las relaciones de\u00a0colonialidad; por ello la interculturalidad nos llevar\u00e1 a modificar nuestras pr\u00e1cticas en los espacios de formaci\u00f3n y en los diferentes niveles educativos\u201d.<\/span><span data-ccp-props=\"{&quot;201341983&quot;:0,&quot;335559731&quot;:720,&quot;335559740&quot;:240}\">\u00a0<\/span><\/p>\n<p><span data-contrast=\"auto\">Lourdes\u00a0Budar\u00a0Jim\u00e9nez, directora general de la UVI, dijo que la reuni\u00f3n busca refrendar el compromiso de ambos pa\u00edses y seguir trabajando el intercambio bilateral,\u00a0adem\u00e1s\u00a0agradeci\u00f3 la participaci\u00f3n de los invitados especiales.<\/span><span data-ccp-props=\"{&quot;201341983&quot;:0,&quot;335559731&quot;:720,&quot;335559740&quot;:240}\">\u00a0<\/span><\/p>\n<p><span data-contrast=\"auto\">Detall\u00f3 que existen al d\u00eda de hoy cinco sedes regionales, la m\u00e1s reciente inaugurada en Xalapa, y se busca la transversalizaci\u00f3n del enfoque intercultural atendiendo alrededor de 400 j\u00f3venes de comunidades rurales, campesinas, ind\u00edgenas y urbanas.<\/span><span data-ccp-props=\"{&quot;201341983&quot;:0,&quot;335559731&quot;:720,&quot;335559740&quot;:240}\">\u00a0<\/span><\/p>\n<p><span data-contrast=\"auto\">\u00a0Se cuenta con tres programas de licenciatura: Licenciatura en Gesti\u00f3n Intercultural para el Desarrollo, Licenciatura en Derecho con Enfoque de Pluralismo Jur\u00eddico y Licenciatura en Agroecolog\u00eda y Soberan\u00eda Alimentaria, adem\u00e1s de la Maestr\u00eda en Lengua y Cultura Nahua, \u201cimpulsando este primer posgrado que se imparte en una lengua originaria en Am\u00e9rica Latina, saldando una deuda hist\u00f3rica con los grupos originarios\u201d, recalc\u00f3.<\/span><span data-ccp-props=\"{&quot;201341983&quot;:0,&quot;335559731&quot;:720,&quot;335559740&quot;:240}\">\u00a0<\/span><\/p>\n<p><span data-contrast=\"auto\">En la sesi\u00f3n se cont\u00f3 con las participaciones de Mar\u00eda del Carmen Rodr\u00edguez Magall\u00f3n, directora de la Universidad\u00a0Intercultural Ind\u00edgena de Michoac\u00e1n; Michael\u00a0Mahon, acad\u00e9mico de la Universidad de\u00a0Lakebridge\u00a0en Alberta, Canad\u00e1; Renato Bautista Ventura, rector de la Universidad Intercultural del Estado de Guerrero; Deborah\u00a0Saucier, vicerrectora de la Universidad de Vancouver; Guillermo Garrido Cruz, rector de la Universidad Intercultural del Estado de Puebla; James\u00a0Currie, rector de la Universidad de Winnipeg; X\u00f3chitl Guadarrama Romero, rectora de la Universidad Intercultural del Estado de M\u00e9xico;\u00a0Asima\u00a0Vezina, presidenta de la Universidad de\u00a0Algoma; Rafael Pantoja S\u00e1nchez, rector de la Universidad Intercultural Maya de Quintana Roo; Mark Dale, acad\u00e9mico de la\u00a0University\u00a0of\u00a0Northern\u00a0British Columbia; Adriana Jim\u00e9nez Miranda, rectora de la Universidad Intercultural de Tabasco; Ignacio Flores Ruiz, rector de la Universidad Ind\u00edgena Aut\u00f3noma de M\u00e9xico, y Sergio Cort\u00e9s Gamboa, rector de la Universidad Intercultural del Estado de Hidalgo.<\/span><span data-ccp-props=\"{&quot;201341983&quot;:0,&quot;335559731&quot;:720,&quot;335559740&quot;:240}\">\u00a0<\/span><\/p>\n<p><span data-ccp-props=\"{&quot;201341983&quot;:0,&quot;335559740&quot;:240}\">\u00a0<\/span><\/p>\n<div id=\"attachment_99474\" style=\"width: 732px\" class=\"wp-caption aligncenter\"><img loading=\"lazy\" decoding=\"async\" aria-describedby=\"caption-attachment-99474\" class=\"size-full wp-image-99474\" src=\"https:\/\/www.uv.mx\/prensa\/files\/2021\/06\/280621-DAVID-SLG-reunion-rectores-mexico-canada-2.jpg\" alt=\"\" width=\"722\" height=\"319\" srcset=\"https:\/\/www.uv.mx\/prensa\/files\/2021\/06\/280621-DAVID-SLG-reunion-rectores-mexico-canada-2.jpg 722w, https:\/\/www.uv.mx\/prensa\/files\/2021\/06\/280621-DAVID-SLG-reunion-rectores-mexico-canada-2-300x133.jpg 300w\" sizes=\"auto, (max-width: 722px) 100vw, 722px\" \/><p id=\"caption-attachment-99474\" class=\"wp-caption-text\">Junto con Sara Ladr\u00f3n de Guevara participaron Moira McPherson, presidenta de la Universidad de Lakehead; Graeme Clark, embajador de Canad\u00e1 en M\u00e9xico, y Lourdes Budar, directora de la UVI<\/p><\/div>\n","protected":false},"excerpt":{"rendered":"<p>Sara Ladr\u00f3n de Guevara particip\u00f3 en\u00a0la \u201cReuni\u00f3n anual de los rectores y presidentes de la mesa redonda M\u00e9xico-Canad\u00e1 en educaci\u00f3n superior ind\u00edgena\/intercultural\u201d\u00a0<\/p>\n","protected":false},"author":1869,"featured_media":99472,"comment_status":"closed","ping_status":"closed","sticky":false,"template":"","format":"standard","meta":{"footnotes":""},"categories":[61],"tags":[],"class_list":["post-99464","post","type-post","status-publish","format-standard","has-post-thumbnail","hentry","category-banner"],"_links":{"self":[{"href":"https:\/\/www.uv.mx\/prensa\/wp-json\/wp\/v2\/posts\/99464","targetHints":{"allow":["GET"]}}],"collection":[{"href":"https:\/\/www.uv.mx\/prensa\/wp-json\/wp\/v2\/posts"}],"about":[{"href":"https:\/\/www.uv.mx\/prensa\/wp-json\/wp\/v2\/types\/post"}],"author":[{"embeddable":true,"href":"https:\/\/www.uv.mx\/prensa\/wp-json\/wp\/v2\/users\/1869"}],"replies":[{"embeddable":true,"href":"https:\/\/www.uv.mx\/prensa\/wp-json\/wp\/v2\/comments?post=99464"}],"version-history":[{"count":1,"href":"https:\/\/www.uv.mx\/prensa\/wp-json\/wp\/v2\/posts\/99464\/revisions"}],"predecessor-version":[{"id":99541,"href":"https:\/\/www.uv.mx\/prensa\/wp-json\/wp\/v2\/posts\/99464\/revisions\/99541"}],"wp:featuredmedia":[{"embeddable":true,"href":"https:\/\/www.uv.mx\/prensa\/wp-json\/wp\/v2\/media\/99472"}],"wp:attachment":[{"href":"https:\/\/www.uv.mx\/prensa\/wp-json\/wp\/v2\/media?parent=99464"}],"wp:term":[{"taxonomy":"category","embeddable":true,"href":"https:\/\/www.uv.mx\/prensa\/wp-json\/wp\/v2\/categories?post=99464"},{"taxonomy":"post_tag","embeddable":true,"href":"https:\/\/www.uv.mx\/prensa\/wp-json\/wp\/v2\/tags?post=99464"}],"curies":[{"name":"wp","href":"https:\/\/api.w.org\/{rel}","templated":true}]}}