{"id":98975,"date":"2021-06-15T10:53:33","date_gmt":"2021-06-15T15:53:33","guid":{"rendered":"https:\/\/www.uv.mx\/prensa\/?p=98975"},"modified":"2021-06-16T10:32:18","modified_gmt":"2021-06-16T15:32:18","slug":"ingenieria-petrolera-uv-obtuvo-el-student-chapter-excellence-award","status":"publish","type":"post","link":"https:\/\/www.uv.mx\/prensa\/regiones\/ingenieria-petrolera-uv-obtuvo-el-student-chapter-excellence-award\/","title":{"rendered":"Ingenier\u00eda Petrolera\u00a0UV obtuvo\u00a0el\u00a0Student\u00a0Chapter\u00a0Excellence\u00a0Award\u00a0"},"content":{"rendered":"<ul>\n<li data-leveltext=\"\uf0b7\" data-font=\"Symbol\" data-listid=\"1\" data-aria-posinset=\"1\" data-aria-level=\"1\"><i><span data-contrast=\"auto\">Representa el segundo premio m\u00e1s alto entregado a los cap\u00edtulos estudiantiles por\u00a0<\/span><\/i><i><span data-contrast=\"auto\">la<\/span><\/i><i><span data-contrast=\"auto\">\u00a0S<\/span><\/i><i><span data-contrast=\"auto\">ociedad<\/span><\/i><i><span data-contrast=\"auto\">\u00a0<\/span><\/i><i><span data-contrast=\"auto\">de Ingenieros del\u00a0<\/span><\/i><i><span data-contrast=\"auto\">Petr<\/span><\/i><i><span data-contrast=\"auto\">\u00f3<\/span><\/i><i><span data-contrast=\"auto\">le<\/span><\/i><i><span data-contrast=\"auto\">o<\/span><\/i><span data-ccp-props=\"{&quot;134233279&quot;:true,&quot;201341983&quot;:0,&quot;335559739&quot;:160,&quot;335559740&quot;:240}\">\u00a0<\/span><\/li>\n<li data-leveltext=\"\uf0b7\" data-font=\"Symbol\" data-listid=\"1\" data-aria-posinset=\"2\" data-aria-level=\"1\"><i><span data-contrast=\"auto\">\u201c<\/span><\/i><i><span data-contrast=\"auto\">Es un orgullo para la carrera de Ingenier\u00eda Petrolera y\u00a0<\/span><\/i><i><span data-contrast=\"auto\">para\u00a0<\/span><\/i><i><span data-contrast=\"auto\">la Universidad<\/span><\/i><i><span data-contrast=\"auto\">\u00a0Veracruzana<\/span><\/i><i><span data-contrast=\"auto\">\u201d<\/span><\/i><i><span data-contrast=\"auto\">: Ana Paola Luna R\u00edos<\/span><\/i><i><span data-contrast=\"auto\">,<\/span><\/i><i><span data-contrast=\"auto\">\u00a0<\/span><\/i><i><span data-contrast=\"auto\">p<\/span><\/i><i><span data-contrast=\"auto\">residenta\u00a0<\/span><\/i><i><span data-contrast=\"auto\">del Cap\u00edtulo Estudiantil S<\/span><\/i><i><span data-contrast=\"auto\">I<\/span><\/i><i><span data-contrast=\"auto\">P UV<\/span><\/i><span data-ccp-props=\"{&quot;134233279&quot;:true,&quot;201341983&quot;:0,&quot;335559739&quot;:160,&quot;335559740&quot;:240}\">\u00a0<\/span><\/li>\n<\/ul>\n<p><span data-ccp-props=\"{&quot;201341983&quot;:0,&quot;335559739&quot;:160,&quot;335559740&quot;:240}\">\u00a0<\/span><\/p>\n<div id=\"attachment_98977\" style=\"width: 732px\" class=\"wp-caption aligncenter\"><img loading=\"lazy\" decoding=\"async\" aria-describedby=\"caption-attachment-98977\" class=\"size-full wp-image-98977\" src=\"https:\/\/www.uv.mx\/prensa\/files\/2021\/06\/150621-Ing-Petrolera-1.jpg\" alt=\"\" width=\"722\" height=\"542\" srcset=\"https:\/\/www.uv.mx\/prensa\/files\/2021\/06\/150621-Ing-Petrolera-1.jpg 722w, https:\/\/www.uv.mx\/prensa\/files\/2021\/06\/150621-Ing-Petrolera-1-300x225.jpg 300w\" sizes=\"auto, (max-width: 722px) 100vw, 722px\" \/><p id=\"caption-attachment-98977\" class=\"wp-caption-text\">Integrantes del Cap\u00edtulo Estudiantil de la carrera de Ingenier\u00eda Petrolera de Poza Rica obtuvieron el\u00a0Student\u00a0Chapter\u00a0Excellence\u00a0Award<\/p><\/div>\n<p><span data-ccp-props=\"{&quot;201341983&quot;:0,&quot;335559739&quot;:160,&quot;335559740&quot;:240}\">\u00a0<\/span><\/p>\n<p><b><i><span data-contrast=\"auto\">15\/06\/2021, Poza Rica,\u00a0Ver.-\u00a0<\/span><\/i><\/b><span data-contrast=\"auto\">La Sociedad de Ingenieros del Petr\u00f3leo (SIP, por sus siglas en ingl\u00e9s) entreg\u00f3 al Cap\u00edtulo Estudiantil de la <a href=\"https:\/\/www.uv.mx\/pozarica\/cq\/\" target=\"_blank\" rel=\"noopener\">Licenciatura de Ingenier\u00eda Petrolera<\/a> de la Universidad Veracruzana (UV) el\u00a0<\/span><span data-contrast=\"auto\">Student<\/span><span data-contrast=\"auto\">\u00a0<\/span><span data-contrast=\"auto\">Chapter<\/span><span data-contrast=\"auto\">\u00a0<\/span><span data-contrast=\"auto\">Excellence<\/span><span data-contrast=\"auto\">\u00a0<\/span><span data-contrast=\"auto\">Award<\/span><span data-contrast=\"auto\">, el segundo reconocimiento m\u00e1s importante de esta instituci\u00f3n, por el esfuerzo de los estudiantes en la difusi\u00f3n de conocimientos t\u00e9cnicos, operaciones, beneficios para sus miembros, alcance a la comunidad y sociedad e innovaci\u00f3n.<\/span><span data-ccp-props=\"{&quot;201341983&quot;:0,&quot;335559739&quot;:160,&quot;335559740&quot;:240}\">\u00a0<\/span><\/p>\n<p><span data-contrast=\"auto\">Hace seis a\u00f1os\u00a0<\/span><span data-contrast=\"auto\">se<\/span><span data-contrast=\"auto\">\u00a0<\/span><span data-contrast=\"auto\">asign\u00f3<\/span><span data-contrast=\"auto\">\u00a0el\u00a0<\/span><span data-contrast=\"auto\">C<\/span><span data-contrast=\"auto\">ap\u00edtulo\u00a0<\/span><span data-contrast=\"auto\">E<\/span><span data-contrast=\"auto\">studiantil S<\/span><span data-contrast=\"auto\">I<\/span><span data-contrast=\"auto\">P UV Poza Rica a Ingenier\u00eda Petrolera, a partir de esta fecha un promedio de 300 estudiantes se han registrad<\/span><span data-contrast=\"auto\">o como socios de esta sociedad.<\/span><span data-ccp-props=\"{&quot;201341983&quot;:0,&quot;335559731&quot;:708,&quot;335559739&quot;:160,&quot;335559740&quot;:240}\">\u00a0<\/span><\/p>\n<p><span data-contrast=\"auto\">Ana Paola Luna R\u00edos<\/span><span data-contrast=\"auto\">,<\/span><span data-contrast=\"auto\">\u00a0presidenta del Cap\u00edtulo Estudiantil<\/span><span data-contrast=\"auto\">,<\/span><span data-contrast=\"auto\">\u00a0<\/span><span data-contrast=\"auto\">se\u00f1al\u00f3<\/span><span data-contrast=\"auto\">\u00a0<\/span><span data-contrast=\"auto\">que \u00e9ste\u00a0<\/span><span data-contrast=\"auto\">es parte importante de la\u00a0<\/span><span data-contrast=\"auto\">c<\/span><span data-contrast=\"auto\">arrera de Ingenier\u00eda Petrolera porque se tiene un plus<\/span><span data-contrast=\"auto\">, es un espacio para\u00a0<\/span><span data-contrast=\"auto\">aprender m\u00e1s de\u00a0<\/span><span data-contrast=\"auto\">esta<\/span><span data-contrast=\"auto\">\u00a0industria, sobre todo permite\u00a0<\/span><span data-contrast=\"auto\">la<\/span><span data-contrast=\"auto\">\u00a0interac<\/span><span data-contrast=\"auto\">ci\u00f3n de\u00a0<\/span><span data-contrast=\"auto\">estudiantes de l<\/span><span data-contrast=\"auto\">a misma instituci\u00f3n o de otras\u00a0<\/span><span data-contrast=\"auto\">universidades,\u00a0<\/span><span data-contrast=\"auto\">para<\/span><span data-contrast=\"auto\">\u00a0desarrollar de una mejor manera sus<\/span><span data-contrast=\"auto\">\u00a0<\/span><span data-contrast=\"auto\">habilidad<\/span><span data-contrast=\"auto\">es<\/span><span data-contrast=\"auto\">\u00a0profesionales<\/span><span data-contrast=\"auto\">.<\/span><span data-ccp-props=\"{&quot;201341983&quot;:0,&quot;335559731&quot;:708,&quot;335559739&quot;:160,&quot;335559740&quot;:240}\">\u00a0<\/span><\/p>\n<p><span data-contrast=\"auto\">Consider\u00f3 que el compromiso, la determinaci\u00f3n y el trabajo\u00a0<\/span><span data-contrast=\"auto\">h<\/span><span data-contrast=\"auto\">acen<\/span><span data-contrast=\"auto\">\u00a0que las cosas s<\/span><span data-contrast=\"auto\">algan\u00a0<\/span><span data-contrast=\"auto\">bien<\/span><span data-contrast=\"auto\">,<\/span><span data-contrast=\"auto\">\u00a0es por ello que cada a\u00f1o se busca fortalecer y posicionar a S<\/span><span data-contrast=\"auto\">I<\/span><span data-contrast=\"auto\">P UV Poza Rica como uno de los mejores cap\u00edtulos tanto a nivel nacional c<\/span><span data-contrast=\"auto\">omo internacional.<\/span><span data-ccp-props=\"{&quot;201341983&quot;:0,&quot;335559731&quot;:708,&quot;335559739&quot;:160,&quot;335559740&quot;:240}\">\u00a0<\/span><\/p>\n<p><span data-contrast=\"auto\">\u201cHe sido parte del\u00a0<\/span><span data-contrast=\"auto\">C<\/span><span data-contrast=\"auto\">ap\u00edtulo\u00a0<\/span><span data-contrast=\"auto\">E<\/span><span data-contrast=\"auto\">studiantil S<\/span><span data-contrast=\"auto\">I<\/span><span data-contrast=\"auto\">P<\/span><span data-contrast=\"auto\">\u00a0desde que estaba en s<\/span><span data-contrast=\"auto\">egundo semestre y\u00a0<\/span><span data-contrast=\"auto\">era una inspiraci\u00f3n<\/span><span data-contrast=\"auto\">\u00a0<\/span><span data-contrast=\"auto\">ver el trabajo de mis compa\u00f1eros que pasaban por los diferentes puestos de la mesa directiva<\/span><span data-contrast=\"auto\">.<\/span><span data-contrast=\"auto\">\u201d<\/span><span data-ccp-props=\"{&quot;201341983&quot;:0,&quot;335559731&quot;:708,&quot;335559739&quot;:160,&quot;335559740&quot;:240}\">\u00a0<\/span><\/p>\n<p>&nbsp;<\/p>\n<div id=\"attachment_98978\" style=\"width: 732px\" class=\"wp-caption aligncenter\"><img loading=\"lazy\" decoding=\"async\" aria-describedby=\"caption-attachment-98978\" class=\"size-full wp-image-98978\" src=\"https:\/\/www.uv.mx\/prensa\/files\/2021\/06\/150621-Ing-Petrolera-2.jpg\" alt=\"\" width=\"722\" height=\"371\" srcset=\"https:\/\/www.uv.mx\/prensa\/files\/2021\/06\/150621-Ing-Petrolera-2.jpg 722w, https:\/\/www.uv.mx\/prensa\/files\/2021\/06\/150621-Ing-Petrolera-2-300x154.jpg 300w\" sizes=\"auto, (max-width: 722px) 100vw, 722px\" \/><p id=\"caption-attachment-98978\" class=\"wp-caption-text\">Ceremonia virtual de premiaci\u00f3n organizada por\u00a0la\u00a0Sociedad de Ingenieros del\u00a0Petr\u00f3leo<\/p><\/div>\n<p>&nbsp;<\/p>\n<p><span data-contrast=\"auto\">Mar\u00eda Jos\u00e9 Cruz Tun<\/span><span data-contrast=\"auto\">,<\/span><span data-contrast=\"auto\">\u00a0ex integrante de mesa directiva y actual coordinadora\u00a0<\/span><span data-contrast=\"auto\">de los Cap\u00edtulos Estudiantiles Secci\u00f3n M\u00e9xico,\u00a0<\/span><span data-contrast=\"auto\">dijo que para ella\u00a0<\/span><span data-contrast=\"auto\">ha significado\u00a0<\/span><span data-contrast=\"auto\">pertenecer a una red de contactos tanto nacional como internacional, encargados de mejorar la comuni<\/span><span data-contrast=\"auto\">dad estudiantil a nivel global.<\/span><span data-ccp-props=\"{&quot;201341983&quot;:0,&quot;335559731&quot;:708,&quot;335559739&quot;:160,&quot;335559740&quot;:240}\">\u00a0<\/span><\/p>\n<p><span data-contrast=\"auto\">En lo personal<\/span><span data-contrast=\"auto\">,<\/span><span data-contrast=\"auto\">\u00a0le di<\/span><span data-contrast=\"auto\">o la oportunidad de participar\u00a0<\/span><span data-contrast=\"auto\">en congresos, con<\/span><span data-contrast=\"auto\">cursos y talleres<\/span><span data-contrast=\"auto\">\u00a0<\/span><span data-contrast=\"auto\">que\u00a0<\/span><span data-contrast=\"auto\">le permitieron conocer qu\u00e9\u00a0<\/span><span data-contrast=\"auto\">acciones est\u00e1n tomando otras instituciones educativas respecto a la revoluci\u00f3n tecnol\u00f3gica\u00a0<\/span><span data-contrast=\"auto\">por la\u00a0<\/span><span data-contrast=\"auto\">que\u00a0<\/span><span data-contrast=\"auto\">atrav<\/span><span data-contrast=\"auto\">i<\/span><span data-contrast=\"auto\">esa<\/span><span data-contrast=\"auto\">\u00a0la\u00a0<\/span><span data-contrast=\"auto\">industria.<\/span><span data-ccp-props=\"{&quot;201341983&quot;:0,&quot;335559731&quot;:708,&quot;335559739&quot;:160,&quot;335559740&quot;:240}\">\u00a0<\/span><\/p>\n<p><span data-contrast=\"auto\">David Segura<\/span><span data-contrast=\"auto\">,\u00a0<\/span><span data-contrast=\"auto\">fundador y\u00a0<\/span><span data-contrast=\"auto\">ex presidente de\u00a0<\/span><span data-contrast=\"auto\">la\u00a0<\/span><span data-contrast=\"auto\">mesa directiva<\/span><span data-contrast=\"auto\">,<\/span><span data-contrast=\"auto\">\u00a0coment\u00f3\u00a0<\/span><span data-contrast=\"auto\">que<\/span><span data-contrast=\"auto\">\u00a0debieron cubrir<\/span><span data-contrast=\"auto\">se<\/span><span data-contrast=\"auto\">\u00a0una serie de requisitos para lograr la as<\/span><span data-contrast=\"auto\">ignaci\u00f3n de c<\/span><span data-contrast=\"auto\">ap\u00edtulo, entre ellos<\/span><span data-contrast=\"auto\">\u00a0una matriz con los datos de los acad\u00e9micos que cumpl\u00edan con el perfil, en ese momento todos los estudiantes de la carrera de Ingenier\u00eda Petrolera<\/span><span data-contrast=\"auto\">\u00a0<\/span><span data-contrast=\"auto\">se registraro<\/span><span data-contrast=\"auto\">n a S<\/span><span data-contrast=\"auto\">I<\/span><span data-contrast=\"auto\">P<\/span><span data-contrast=\"auto\">.<\/span><span data-ccp-props=\"{&quot;201341983&quot;:0,&quot;335559731&quot;:708,&quot;335559739&quot;:160,&quot;335559740&quot;:240}\">\u00a0<\/span><\/p>\n<p><span data-contrast=\"auto\">D<\/span><span data-contrast=\"auto\">e igual manera<\/span><span data-contrast=\"auto\">,<\/span><span data-contrast=\"auto\">\u00a0se pidi\u00f3 que la biblioteca de la\u00a0<\/span><span data-contrast=\"auto\">F<\/span><span data-contrast=\"auto\">acultad contara con contenido editorial de temas relacionados a la carrera, adem\u00e1s de evidencias de pr\u00e1cticas en campo, entre otros requerimientos<\/span><span data-contrast=\"auto\">.<\/span><span data-ccp-props=\"{&quot;201341983&quot;:0,&quot;335559731&quot;:708,&quot;335559739&quot;:160,&quot;335559740&quot;:240}\">\u00a0<\/span><\/p>\n<p><span data-contrast=\"auto\">\u201cDesde la creaci\u00f3n del cap\u00edtulo se realizaron actividades que permit\u00edan el crecimiento de los estudiantes, por ejemplo: visitas a campo, pr\u00e1ctica, cursos, conferencias, se busc\u00f3 la interacci\u00f3n y conexi\u00f3n con compa\u00f1\u00edas<\/span><span data-contrast=\"auto\">.<\/span><span data-contrast=\"auto\">\u201d<\/span><span data-ccp-props=\"{&quot;201341983&quot;:0,&quot;335559731&quot;:708,&quot;335559739&quot;:160,&quot;335559740&quot;:240}\">\u00a0<\/span><\/p>\n<p><span data-contrast=\"auto\">Rufino Alejandro Hern\u00e1ndez Figueroa<\/span><span data-contrast=\"auto\">,<\/span><span data-contrast=\"auto\">\u00a0Faculty\u00a0Advisor\u00a0de la<\/span><span data-contrast=\"auto\">\u00a0UV,\u00a0<\/span><span data-contrast=\"auto\">destac\u00f3 que las labores que realizan\u00a0<\/span><span data-contrast=\"auto\">a favor de la comunidad universitaria y la sociedad son\u00a0<\/span><span data-contrast=\"auto\">los pilares de la raz\u00f3n de ser\u00a0<\/span><span data-contrast=\"auto\">del Cap<\/span><span data-contrast=\"auto\">\u00ed<\/span><span data-contrast=\"auto\">tulo Estudiantil de la S<\/span><span data-contrast=\"auto\">I<\/span><span data-contrast=\"auto\">P\u00a0<\/span><span data-contrast=\"auto\">Poza Rica.<\/span><span data-ccp-props=\"{&quot;201341983&quot;:0,&quot;335559731&quot;:708,&quot;335559739&quot;:160,&quot;335559740&quot;:240}\">\u00a0<\/span><\/p>\n<p><span data-contrast=\"auto\">\u201c<\/span><span data-contrast=\"auto\">Debemos seguir fortaleciendo este\u00a0<\/span><span data-contrast=\"auto\">c<\/span><span data-contrast=\"auto\">ap\u00edtulo ya que es el medio<\/span><span data-contrast=\"auto\">\u00a0para incrementar la plantilla\u00a0<\/span><span data-contrast=\"auto\">estudiantil, participando en diversas actividades y conc<\/span><span data-contrast=\"auto\">ursos de conocimientos a nivel\u00a0<\/span><span data-contrast=\"auto\">nacional e internacional<\/span><span data-contrast=\"auto\">.<\/span><span data-contrast=\"auto\">\u201d<\/span><span data-ccp-props=\"{&quot;201341983&quot;:0,&quot;335559731&quot;:708,&quot;335559739&quot;:160,&quot;335559740&quot;:240}\">\u00a0<\/span><\/p>\n<p><span data-ccp-props=\"{&quot;201341983&quot;:0,&quot;335559739&quot;:160,&quot;335559740&quot;:240}\">\u00a0<\/span><\/p>\n<div id=\"attachment_98979\" style=\"width: 732px\" class=\"wp-caption aligncenter\"><img loading=\"lazy\" decoding=\"async\" aria-describedby=\"caption-attachment-98979\" class=\"size-full wp-image-98979\" src=\"https:\/\/www.uv.mx\/prensa\/files\/2021\/06\/150621-Ing-Petrolera-3.jpg\" alt=\"\" width=\"722\" height=\"406\" srcset=\"https:\/\/www.uv.mx\/prensa\/files\/2021\/06\/150621-Ing-Petrolera-3.jpg 722w, https:\/\/www.uv.mx\/prensa\/files\/2021\/06\/150621-Ing-Petrolera-3-300x169.jpg 300w\" sizes=\"auto, (max-width: 722px) 100vw, 722px\" \/><p id=\"caption-attachment-98979\" class=\"wp-caption-text\">El Cap\u00edtulo Estudiantil de Ingenier\u00eda Petrolera Poza Rica<\/p><\/div>\n","protected":false},"excerpt":{"rendered":"<p>Representa el segundo premio m\u00e1s alto entregado a los cap\u00edtulos estudiantiles por la Sociedad de Ingenieros del Petr\u00f3leo\u00a0<\/p>\n","protected":false},"author":1869,"featured_media":98976,"comment_status":"closed","ping_status":"closed","sticky":false,"template":"","format":"standard","meta":{"footnotes":""},"categories":[54,61,32],"tags":[],"class_list":["post-98975","post","type-post","status-publish","format-standard","has-post-thumbnail","hentry","category-poza-rica","category-banner","category-regiones"],"_links":{"self":[{"href":"https:\/\/www.uv.mx\/prensa\/wp-json\/wp\/v2\/posts\/98975","targetHints":{"allow":["GET"]}}],"collection":[{"href":"https:\/\/www.uv.mx\/prensa\/wp-json\/wp\/v2\/posts"}],"about":[{"href":"https:\/\/www.uv.mx\/prensa\/wp-json\/wp\/v2\/types\/post"}],"author":[{"embeddable":true,"href":"https:\/\/www.uv.mx\/prensa\/wp-json\/wp\/v2\/users\/1869"}],"replies":[{"embeddable":true,"href":"https:\/\/www.uv.mx\/prensa\/wp-json\/wp\/v2\/comments?post=98975"}],"version-history":[{"count":1,"href":"https:\/\/www.uv.mx\/prensa\/wp-json\/wp\/v2\/posts\/98975\/revisions"}],"predecessor-version":[{"id":99017,"href":"https:\/\/www.uv.mx\/prensa\/wp-json\/wp\/v2\/posts\/98975\/revisions\/99017"}],"wp:featuredmedia":[{"embeddable":true,"href":"https:\/\/www.uv.mx\/prensa\/wp-json\/wp\/v2\/media\/98976"}],"wp:attachment":[{"href":"https:\/\/www.uv.mx\/prensa\/wp-json\/wp\/v2\/media?parent=98975"}],"wp:term":[{"taxonomy":"category","embeddable":true,"href":"https:\/\/www.uv.mx\/prensa\/wp-json\/wp\/v2\/categories?post=98975"},{"taxonomy":"post_tag","embeddable":true,"href":"https:\/\/www.uv.mx\/prensa\/wp-json\/wp\/v2\/tags?post=98975"}],"curies":[{"name":"wp","href":"https:\/\/api.w.org\/{rel}","templated":true}]}}