{"id":98946,"date":"2021-06-14T18:12:34","date_gmt":"2021-06-14T23:12:34","guid":{"rendered":"https:\/\/www.uv.mx\/prensa\/?p=98946"},"modified":"2021-06-16T10:36:47","modified_gmt":"2021-06-16T15:36:47","slug":"banco-de-alimentos-olmeca-presento-reporte-gerencial","status":"publish","type":"post","link":"https:\/\/www.uv.mx\/prensa\/regiones\/banco-de-alimentos-olmeca-presento-reporte-gerencial\/","title":{"rendered":"Banco de Alimentos Olmeca present\u00f3 reporte gerencial"},"content":{"rendered":"<div id=\"attachment_98960\" style=\"width: 732px\" class=\"wp-caption aligncenter\"><a href=\"https:\/\/www.uv.mx\/prensa\/files\/2021\/06\/14062021-CECILIA-banco1-100k.jpg\"><img loading=\"lazy\" decoding=\"async\" aria-describedby=\"caption-attachment-98960\" class=\"size-full wp-image-98960\" src=\"https:\/\/www.uv.mx\/prensa\/files\/2021\/06\/14062021-CECILIA-banco1-100k.jpg\" alt=\"Asistentes a la presentaci\u00f3n del reporte gerencial \" width=\"722\" height=\"481\" srcset=\"https:\/\/www.uv.mx\/prensa\/files\/2021\/06\/14062021-CECILIA-banco1-100k.jpg 722w, https:\/\/www.uv.mx\/prensa\/files\/2021\/06\/14062021-CECILIA-banco1-100k-300x200.jpg 300w\" sizes=\"auto, (max-width: 722px) 100vw, 722px\" \/><\/a><p id=\"caption-attachment-98960\" class=\"wp-caption-text\">Asistentes a la presentaci\u00f3n del reporte gerencial<\/p><\/div>\n<p>&nbsp;<\/p>\n<p><b><i><span data-contrast=\"auto\">Cecilia Escribano<\/span><\/i><\/b><\/p>\n<p><b><i><span data-contrast=\"auto\">14\/06\/2021, Coatzacoalcos,\u00a0Ver.-\u00a0<\/span><\/i><\/b><span data-contrast=\"auto\">Como parte del convenio general entre la\u00a0<a href=\"https:\/\/www.uv.mx\/\" target=\"_blank\" rel=\"noopener\">Universidad Veracruzana<\/a> (UV)\u00a0y el\u00a0Banco de Alimentos Olmeca,\u00a0este \u00faltimo present\u00f3\u00a0hoy\u00a0su\u00a0reporte gerencial\u00a0en la\u00a0Unidad de Servicios Bibliotecarios y de Informaci\u00f3n (USBI)\u00a0de esta ciudad.<\/span><span data-ccp-props=\"{&quot;201341983&quot;:0,&quot;335559739&quot;:160,&quot;335559740&quot;:240}\">\u00a0<\/span><\/p>\n<p><span data-contrast=\"auto\">Es importante mencionar que la UV y el\u00a0Banco de Alimentos Olmeca\u00a0trabajan\u00a0en conjunto\u00a0con el objetivo de aumentar la seguridad alimentaria de las personas m\u00e1s vulnerables de la regi\u00f3n, proporcion\u00e1ndoles alimentos confiables, una formaci\u00f3n nutricional y capacitaci\u00f3n para el desarrollo de\u00a0la autosuficiencia alimentaria.<\/span><span data-ccp-props=\"{&quot;201341983&quot;:0,&quot;335559731&quot;:720,&quot;335559739&quot;:160,&quot;335559740&quot;:240}\">\u00a0<\/span><\/p>\n<p><span data-contrast=\"auto\">Al evento\u00a0se dieron cita\u00a0el vicerrector,\u00a0Carlos\u00a0Lamothe\u00a0Zavaleta;\u00a0Cornelius Daniel\u00a0Versteeg\u00a0Zebad\u00faa,\u00a0presidente\u00a0del Banco de Alimentos Olmeca;\u00a0Luis E. Menchaca Flores, director general; Claudia Hidalgo Solano, responsable del \u00c1rea\u00a0Financiera;\u00a0Irasema Gayt\u00e1n Guti\u00e9rrez, procuradora.<\/span><span data-ccp-props=\"{&quot;201341983&quot;:0,&quot;335559731&quot;:720,&quot;335559739&quot;:160,&quot;335559740&quot;:240}\">\u00a0<\/span><\/p>\n<p><span data-contrast=\"auto\">Menchaca Flores explic\u00f3 el mapeo de Coatzacoalcos por c\u00f3digos\u00a0postales de las colonias\u00a0que reciben y recibir\u00e1n\u00a0las ayudas,\u00a0y present\u00f3 las estrategias de\u00a0ejecuci\u00f3n del proyecto.<\/span><span data-ccp-props=\"{&quot;201341983&quot;:0,&quot;335559731&quot;:720,&quot;335559739&quot;:160,&quot;335559740&quot;:240}\">\u00a0<\/span><\/p>\n<p><span data-contrast=\"auto\">Por su parte,\u00a0Claudia\u00a0Hidalgo\u00a0expres\u00f3 que el proyecto del Banco de\u00a0Alimentos\u00a0es una realidad;\u00a0\u201choy\u00a0somos una\u00a0donataria\u00a0autorizada,\u00a0ahora\u00a0podr\u00e1n deducir todas las\u00a0personas f\u00edsicas\u00a0y morales\u00a0que quieran aportar y recibir sus comprobantes para disminuir sus utilidades\u201d.<\/span><span data-ccp-props=\"{&quot;201341983&quot;:0,&quot;335559731&quot;:720,&quot;335559739&quot;:160,&quot;335559740&quot;:240}\">\u00a0<\/span><\/p>\n<p><span data-contrast=\"auto\">Enfatiz\u00f3 que no hay l\u00edmites para\u00a0los\u00a0donativos\u00a0y se puede\u00a0deducir\u00a0el\u00a0siete por ciento\u00a0de los ingresos acumulables;\u00a0habl\u00f3 de la responsabilidad que adquiere el\u00a0Banco de\u00a0Alimentos al ser una donataria autorizada y comprometida a ejecutar las acciones de manera transparente.<\/span><\/p>\n<div id=\"attachment_98961\" style=\"width: 329px\" class=\"wp-caption aligncenter\"><a href=\"https:\/\/www.uv.mx\/prensa\/files\/2021\/06\/14062021-CECILIA-banco2-100k.jpg\"><img loading=\"lazy\" decoding=\"async\" aria-describedby=\"caption-attachment-98961\" class=\"size-full wp-image-98961\" src=\"https:\/\/www.uv.mx\/prensa\/files\/2021\/06\/14062021-CECILIA-banco2-100k.jpg\" alt=\"Claudia Hidalgo Solano, responsable del \u00c1rea Financiera del Banco de Alimentos Olmeca\" width=\"319\" height=\"480\" srcset=\"https:\/\/www.uv.mx\/prensa\/files\/2021\/06\/14062021-CECILIA-banco2-100k.jpg 319w, https:\/\/www.uv.mx\/prensa\/files\/2021\/06\/14062021-CECILIA-banco2-100k-199x300.jpg 199w\" sizes=\"auto, (max-width: 319px) 100vw, 319px\" \/><\/a><p id=\"caption-attachment-98961\" class=\"wp-caption-text\">Claudia Hidalgo Solano, responsable del \u00c1rea Financiera del Banco de Alimentos Olmeca<\/p><\/div>\n<p><span data-contrast=\"auto\">Dijo que el reto m\u00e1s importante es transparentar la informaci\u00f3n, \u201ctodo est\u00e1 sistematizado\u00a0y est\u00e1 reflejado en informes de acciones\u201d,\u00a0en los cuales\u00a0se cuantifican las despensas, los ingresos y las comunidades (actualmente se cuenta con siete\u00a0beneficiadas).<\/span><span data-ccp-props=\"{&quot;201341983&quot;:0,&quot;335559731&quot;:720,&quot;335559739&quot;:160,&quot;335559740&quot;:240}\">\u00a0<\/span><\/p>\n<p><span data-contrast=\"auto\">Recalc\u00f3 que lo principal es que se otorguen despensas dignas,\u00a0para lo cual\u00a0se han levantado estudios socio-nutricios,\u00a0e identificado\u00a0las necesidades.<\/span><span data-ccp-props=\"{&quot;201341983&quot;:0,&quot;335559731&quot;:720,&quot;335559739&quot;:160,&quot;335559740&quot;:240}\">\u00a0<\/span><\/p>\n<p><span data-contrast=\"auto\">Entre los logros m\u00e1s importantes es que en abril se entregaron 519 despensas, adem\u00e1s de tener\u00a063 donadores\u00a0y 102\u00a0mil\u00a0875\u00a0pesos\u00a0como suma total de donativos en efectivo.<\/span><span data-ccp-props=\"{&quot;201341983&quot;:0,&quot;335559731&quot;:720,&quot;335559739&quot;:160,&quot;335559740&quot;:240}\">\u00a0<\/span><\/p>\n<p><span data-contrast=\"auto\">En tanto,\u00a0Irasema Gayt\u00e1n\u00a0habl\u00f3 de\u00a0la campa\u00f1a de junio \u201cMes del arroz y frijol\u201d, que consiste en conseguir donaciones en especie\u00a0de esos dos alimentos. \u201cEstaremos\u00a0en\u00a0el supermercado Chedraui, en un\u00a0<\/span><i><span data-contrast=\"auto\">stand<\/span><\/i><span data-contrast=\"auto\">\u00a0llamado\u00a0Baro,\u00a0donde se captar\u00e1 la atenci\u00f3n de los clientes\u00a0para invitarlos a donar\u201d; en ese m\u00f3dulo se\u00a0explicar\u00e1 la misi\u00f3n, visi\u00f3n y objetivos de la campa\u00f1a,\u00a0para sensibilizar\u00a0acerca\u00a0de la\u00a0importancia de la donaci\u00f3n al Banco de\u00a0Alimentos.<\/span><span data-ccp-props=\"{&quot;201341983&quot;:0,&quot;335559731&quot;:720,&quot;335559739&quot;:160,&quot;335559740&quot;:240}\">\u00a0<\/span><\/p>\n<p><span data-contrast=\"auto\">Recalc\u00f3 la importancia del voluntariado con el compromiso de querer ayudar\u00a0y promover la campa\u00f1a.<\/span><span data-ccp-props=\"{&quot;201341983&quot;:0,&quot;335559731&quot;:720,&quot;335559739&quot;:160,&quot;335559740&quot;:240}\">\u00a0<\/span><\/p>\n<p><span data-contrast=\"auto\">Por\u00a0\u00faltimo,\u00a0Oliverio Gonz\u00e1lez present\u00f3 la propuesta\u00a0\u201cFestival de Banda\u201d con el objetivo de recaudar fondos para el\u00a0Banco de\u00a0Alimentos,\u00a0adem\u00e1s se analiz\u00f3\u00a0el mensaje que se\u00a0desea\u00a0transmitir,\u00a0as\u00ed como\u00a0la selecci\u00f3n de bandas locales m\u00e1s representativas y el lugar adecuado para realizar el evento.<\/span><span data-ccp-props=\"{&quot;201341983&quot;:0,&quot;335559731&quot;:720,&quot;335559739&quot;:160,&quot;335559740&quot;:240}\">\u00a0<\/span><\/p>\n","protected":false},"excerpt":{"rendered":"<p>Es importante mencionar que la UV y el Banco de Alimentos Olmeca trabajan en conjunto con el objetivo de aumentar la seguridad alimentaria de las personas m\u00e1s vulnerables de la regi\u00f3n <\/p>\n","protected":false},"author":1775,"featured_media":98960,"comment_status":"closed","ping_status":"closed","sticky":false,"template":"","format":"standard","meta":{"footnotes":""},"categories":[52,32],"tags":[2145,2144,3316,572,279],"class_list":["post-98946","post","type-post","status-publish","format-standard","has-post-thumbnail","hentry","category-coatzacoalcos","category-regiones","tag-banco-de-alimentos-olmeca","tag-convenio-general","tag-reporte-gerencial","tag-unidad-de-servicios-bibliotecarios-y-de-informacion","tag-usbi"],"_links":{"self":[{"href":"https:\/\/www.uv.mx\/prensa\/wp-json\/wp\/v2\/posts\/98946","targetHints":{"allow":["GET"]}}],"collection":[{"href":"https:\/\/www.uv.mx\/prensa\/wp-json\/wp\/v2\/posts"}],"about":[{"href":"https:\/\/www.uv.mx\/prensa\/wp-json\/wp\/v2\/types\/post"}],"author":[{"embeddable":true,"href":"https:\/\/www.uv.mx\/prensa\/wp-json\/wp\/v2\/users\/1775"}],"replies":[{"embeddable":true,"href":"https:\/\/www.uv.mx\/prensa\/wp-json\/wp\/v2\/comments?post=98946"}],"version-history":[{"count":1,"href":"https:\/\/www.uv.mx\/prensa\/wp-json\/wp\/v2\/posts\/98946\/revisions"}],"predecessor-version":[{"id":99019,"href":"https:\/\/www.uv.mx\/prensa\/wp-json\/wp\/v2\/posts\/98946\/revisions\/99019"}],"wp:featuredmedia":[{"embeddable":true,"href":"https:\/\/www.uv.mx\/prensa\/wp-json\/wp\/v2\/media\/98960"}],"wp:attachment":[{"href":"https:\/\/www.uv.mx\/prensa\/wp-json\/wp\/v2\/media?parent=98946"}],"wp:term":[{"taxonomy":"category","embeddable":true,"href":"https:\/\/www.uv.mx\/prensa\/wp-json\/wp\/v2\/categories?post=98946"},{"taxonomy":"post_tag","embeddable":true,"href":"https:\/\/www.uv.mx\/prensa\/wp-json\/wp\/v2\/tags?post=98946"}],"curies":[{"name":"wp","href":"https:\/\/api.w.org\/{rel}","templated":true}]}}