{"id":98929,"date":"2021-06-13T07:00:54","date_gmt":"2021-06-13T12:00:54","guid":{"rendered":"https:\/\/www.uv.mx\/prensa\/?p=98929"},"modified":"2021-06-16T15:28:48","modified_gmt":"2021-06-16T20:28:48","slug":"interculturalidad-y-genero-terminos-surgidos-para-confrontar-la-exclusion-investigadoras","status":"publish","type":"post","link":"https:\/\/www.uv.mx\/prensa\/general\/interculturalidad-y-genero-terminos-surgidos-para-confrontar-la-exclusion-investigadoras\/","title":{"rendered":"Interculturalidad y g\u00e9nero, t\u00e9rminos surgidos para confrontar la exclusi\u00f3n: investigadoras"},"content":{"rendered":"<ul>\n<li data-leveltext=\"\uf0b7\" data-font=\"Symbol\" data-listid=\"12\" data-aria-posinset=\"1\" data-aria-level=\"1\"><i><span data-contrast=\"auto\">Son producto de luchas y movimientos sociales y van m\u00e1s all\u00e1 de una referencia al hombre, la mujer o la diversidad cultural,<\/span><\/i> <i><span data-contrast=\"auto\">afirmaron investigadoras de CIESAS\u00a0y la\u00a0<\/span><\/i>Unich<\/li>\n<\/ul>\n<p>&nbsp;<\/p>\n<div id=\"attachment_98930\" style=\"width: 732px\" class=\"wp-caption aligncenter\"><a href=\"https:\/\/www.uv.mx\/prensa\/files\/2021\/06\/130621-Genero.jpg\"><img loading=\"lazy\" decoding=\"async\" aria-describedby=\"caption-attachment-98930\" class=\"size-full wp-image-98930\" src=\"https:\/\/www.uv.mx\/prensa\/files\/2021\/06\/130621-Genero.jpg\" alt=\"\" width=\"722\" height=\"481\" srcset=\"https:\/\/www.uv.mx\/prensa\/files\/2021\/06\/130621-Genero.jpg 722w, https:\/\/www.uv.mx\/prensa\/files\/2021\/06\/130621-Genero-300x200.jpg 300w\" sizes=\"auto, (max-width: 722px) 100vw, 722px\" \/><\/a><p id=\"caption-attachment-98930\" class=\"wp-caption-text\"><span data-contrast=\"auto\">Rosalba A\u00edda Hern\u00e1ndez y Georgina M\u00e9ndez\u00a0<\/span><span data-contrast=\"auto\">participaron en el II Congreso de Pol\u00edticas Universitarias de G\u00e9nero, Interculturalidad e Inclusi\u00f3n 2021<\/span><\/p><\/div>\n<p>&nbsp;<\/p>\n<p><b><i><span data-contrast=\"auto\">Jos\u00e9 Luis Couttolenc Soto<\/span><\/i><\/b><span data-ccp-props=\"{&quot;201341983&quot;:0,&quot;335559739&quot;:0,&quot;335559740&quot;:240}\">\u00a0<\/span><\/p>\n<p><b><i><span data-contrast=\"auto\">13\/06\/2021, Xalapa, Ver.-<\/span><\/i><\/b><span data-contrast=\"auto\"> En el II Congreso de Pol\u00edticas Universitarias de G\u00e9nero, Interculturalidad e Inclusi\u00f3n 2021, investigadoras del <a href=\"https:\/\/ciesas.edu.mx\/\" target=\"_blank\" rel=\"noopener\">Centro de Investigaciones y Estudios Superiores en Antropolog\u00eda Social<\/a> (CIESAS) de la Ciudad de M\u00e9xico y de la Universidad Intercultural de Chiapas (<\/span><i><span data-contrast=\"auto\">Unich<\/span><\/i><span data-contrast=\"auto\">) coincidieron en se\u00f1alar que los t\u00e9rminos interculturalidad y g\u00e9nero surgieron como conceptos para confrontar exclusiones y desigualdades de poder, y no para referirse a hombre o mujer, o a una diversidad cultural.<\/span><span data-ccp-props=\"{&quot;201341983&quot;:0,&quot;335559739&quot;:0,&quot;335559740&quot;:240}\">\u00a0<\/span><\/p>\n<p><span data-contrast=\"auto\">Rosalba A\u00edda Hern\u00e1ndez Castillo, del CIESAS-Ciudad de M\u00e9xico, y Georgina M\u00e9ndez Torres, de la <\/span><i><span data-contrast=\"auto\">Unich<\/span><\/i><span data-contrast=\"auto\">, participaron el 11 de junio con la conferencia \u201cG\u00e9nero e interculturalidad\u201d. Durante su disertaci\u00f3n, que se convirti\u00f3 en un di\u00e1logo entre ambas ponentes, compartieron sus experiencias desde la investigaci\u00f3n y el activismo que realizan, exponiendo los retos que han enfrentado en relaci\u00f3n a la interculturalidad, y la manera en que la perspectiva de g\u00e9nero ha sido utilizada para hacer frente a las desigualdades.<\/span><span data-ccp-props=\"{&quot;201341983&quot;:0,&quot;335559739&quot;:0,&quot;335559740&quot;:240}\">\u00a0<\/span><\/p>\n<p><span data-contrast=\"auto\">Hern\u00e1ndez Castillo precis\u00f3 que interculturalidad y g\u00e9nero no son producto de concesiones estatales, sino resultado de a\u00f1os de lucha de movimientos sociales, cuya idea no es idealizar ni satanizar el derecho ind\u00edgena, como tampoco idealizar o descalificar el derecho del Estado. \u201cSe pretende analizar con sentido cr\u00edtico para encontrar estrategias que ayuden a las mujeres que son v\u00edctimas de violencia\u201d.<\/span><span data-ccp-props=\"{&quot;201341983&quot;:0,&quot;335559739&quot;:0,&quot;335559740&quot;:240}\">\u00a0<\/span><\/p>\n<p><span data-contrast=\"auto\">Dijo que como feminista formada en un contexto de gran diversidad cultural, ha trabajado en contra de la violencia de las mujeres en San Crist\u00f3bal de las Casas, Chiapas, con metodolog\u00edas de principios de los noventa, sistematizadas en contextos con perspectivas urbanocentradas en los feminismos mestizos y no ind\u00edgenas.<\/span><span data-ccp-props=\"{&quot;201341983&quot;:0,&quot;335559739&quot;:0,&quot;335559740&quot;:240}\">\u00a0<\/span><\/p>\n<p><span data-contrast=\"auto\">La investigadora del CIESAS consider\u00f3 que los sistemas normativos ind\u00edgenas tienen mucho que ofrecer a las mujeres ind\u00edgenas, aunque tambi\u00e9n est\u00e1n marcados por 500 a\u00f1os de colonialismo, por una ideolog\u00eda jud\u00edo cristiana, y pr\u00e1cticas coloniales que est\u00e1n tambi\u00e9n en esos sistemas normativos ind\u00edgenas.<\/span><span data-ccp-props=\"{&quot;201341983&quot;:0,&quot;335559739&quot;:0,&quot;335559740&quot;:240}\">\u00a0<\/span><\/p>\n<p><span data-contrast=\"auto\">Por su parte, Georgina M\u00e9ndez manifest\u00f3 que las universidades interculturales tienen el prop\u00f3sito de conjuntar saberes, \u201cpero pedag\u00f3gicamente no lo sabemos hacer, si alg\u00fan quiebre tenemos es la vinculaci\u00f3n con la comunidad, el docente tiene que ejecutar la teorizaci\u00f3n, pero se tiene que transformar pedag\u00f3gica y pol\u00edticamente\u201d.\u00a0\u00a0<\/span><span data-ccp-props=\"{&quot;201341983&quot;:0,&quot;335559739&quot;:0,&quot;335559740&quot;:240}\">\u00a0<\/span><\/p>\n<p><span data-contrast=\"auto\">Opin\u00f3 que no s\u00f3lo las universidades interculturales tienen este compromiso, sino todas las instituciones de educaci\u00f3n superior que son sujetas de observancia, por lo que deben cumplir con uno de los derechos humanos: el acceso a la educaci\u00f3n superior.<\/span><span data-ccp-props=\"{&quot;201341983&quot;:0,&quot;335559739&quot;:0,&quot;335559740&quot;:240}\">\u00a0<\/span><\/p>\n<p><span data-contrast=\"auto\">La profesora de la <\/span><i><span data-contrast=\"auto\">Unich<\/span><\/i><span data-contrast=\"auto\"> reconoci\u00f3 que el reto es c\u00f3mo interculturalizar a todas las universidades, puesto que se sigue pensando que las interculturales est\u00e1n tratando de resolver el problema de los pueblos ind\u00edgenas, \u201ccuando es un problema de la ciudadan\u00eda, del pa\u00eds entero que est\u00e1 ejerciendo exclusiones\u201d.<\/span><span data-ccp-props=\"{&quot;201341983&quot;:0,&quot;335559739&quot;:0,&quot;335559740&quot;:240}\">\u00a0<\/span><\/p>\n<p><span data-contrast=\"auto\">Durante los tres d\u00edas del congreso se presentaron ponencias que permitieron identificar avances, esfuerzos, iniciativas y acciones que desde las instituciones de educaci\u00f3n superior se realizan para contrarrestar y transformar las desigualdades socioculturales y de g\u00e9nero, as\u00ed como promover la equidad, interculturalidad, inclusi\u00f3n y la no discriminaci\u00f3n al interior de las mismas.<\/span><span data-ccp-props=\"{&quot;201341983&quot;:0,&quot;335559739&quot;:0,&quot;335559740&quot;:240}\">\u00a0<\/span><\/p>\n","protected":false},"excerpt":{"rendered":"<p>Son producto de luchas y movimientos sociales y van m\u00e1s all\u00e1 de una referencia al hombre, la mujer o la diversidad cultural, afirmaron investigadoras de CIESAS\u00a0y la\u00a0<em>Unich<\/em><\/p>\n","protected":false},"author":1508,"featured_media":98930,"comment_status":"closed","ping_status":"closed","sticky":false,"template":"","format":"standard","meta":{"footnotes":""},"categories":[1],"tags":[],"class_list":["post-98929","post","type-post","status-publish","format-standard","has-post-thumbnail","hentry","category-general"],"_links":{"self":[{"href":"https:\/\/www.uv.mx\/prensa\/wp-json\/wp\/v2\/posts\/98929","targetHints":{"allow":["GET"]}}],"collection":[{"href":"https:\/\/www.uv.mx\/prensa\/wp-json\/wp\/v2\/posts"}],"about":[{"href":"https:\/\/www.uv.mx\/prensa\/wp-json\/wp\/v2\/types\/post"}],"author":[{"embeddable":true,"href":"https:\/\/www.uv.mx\/prensa\/wp-json\/wp\/v2\/users\/1508"}],"replies":[{"embeddable":true,"href":"https:\/\/www.uv.mx\/prensa\/wp-json\/wp\/v2\/comments?post=98929"}],"version-history":[{"count":1,"href":"https:\/\/www.uv.mx\/prensa\/wp-json\/wp\/v2\/posts\/98929\/revisions"}],"predecessor-version":[{"id":99051,"href":"https:\/\/www.uv.mx\/prensa\/wp-json\/wp\/v2\/posts\/98929\/revisions\/99051"}],"wp:featuredmedia":[{"embeddable":true,"href":"https:\/\/www.uv.mx\/prensa\/wp-json\/wp\/v2\/media\/98930"}],"wp:attachment":[{"href":"https:\/\/www.uv.mx\/prensa\/wp-json\/wp\/v2\/media?parent=98929"}],"wp:term":[{"taxonomy":"category","embeddable":true,"href":"https:\/\/www.uv.mx\/prensa\/wp-json\/wp\/v2\/categories?post=98929"},{"taxonomy":"post_tag","embeddable":true,"href":"https:\/\/www.uv.mx\/prensa\/wp-json\/wp\/v2\/tags?post=98929"}],"curies":[{"name":"wp","href":"https:\/\/api.w.org\/{rel}","templated":true}]}}