{"id":98762,"date":"2021-06-10T15:12:58","date_gmt":"2021-06-10T20:12:58","guid":{"rendered":"https:\/\/www.uv.mx\/prensa\/?p=98762"},"modified":"2021-06-11T18:31:42","modified_gmt":"2021-06-11T23:31:42","slug":"nutricion-uv-reconocio-trayectoria-de-susana-quintero","status":"publish","type":"post","link":"https:\/\/www.uv.mx\/prensa\/regiones\/veracruz\/nutricion-uv-reconocio-trayectoria-de-susana-quintero\/","title":{"rendered":"Nutrici\u00f3n UV reconoci\u00f3 trayectoria de Susana Quintero"},"content":{"rendered":"<ul>\n<li data-leveltext=\"\uf0b7\" data-font=\"Symbol\" data-listid=\"4\" data-aria-posinset=\"1\" data-aria-level=\"1\"><i><span data-contrast=\"auto\">R<\/span><\/i><i><span data-contrast=\"auto\">ecibi\u00f3 el Reconocimiento <\/span><\/i><i><span data-contrast=\"auto\">\u201cLuz Mar\u00eda Mayora de Holgu\u00edn\u201d por sus aportes a la formaci\u00f3n de los estudiantes<\/span><\/i><span data-ccp-props=\"{&quot;134233279&quot;:true,&quot;201341983&quot;:0,&quot;335559739&quot;:0,&quot;335559740&quot;:240}\">\u00a0<\/span><\/li>\n<\/ul>\n<p>&nbsp;<\/p>\n<div id=\"attachment_98700\" style=\"width: 330px\" class=\"wp-caption aligncenter\"><a href=\"https:\/\/www.uv.mx\/prensa\/files\/2021\/06\/090621-Reconocimiento-Nutricion-2-100k.jpg\"><img loading=\"lazy\" decoding=\"async\" aria-describedby=\"caption-attachment-98700\" class=\"size-full wp-image-98700\" src=\"https:\/\/www.uv.mx\/prensa\/files\/2021\/06\/090621-Reconocimiento-Nutricion-2-100k.jpg\" alt=\"\" width=\"320\" height=\"480\" srcset=\"https:\/\/www.uv.mx\/prensa\/files\/2021\/06\/090621-Reconocimiento-Nutricion-2-100k.jpg 320w, https:\/\/www.uv.mx\/prensa\/files\/2021\/06\/090621-Reconocimiento-Nutricion-2-100k-200x300.jpg 200w\" sizes=\"auto, (max-width: 320px) 100vw, 320px\" \/><\/a><p id=\"caption-attachment-98700\" class=\"wp-caption-text\">Susana Quintero Pereda<\/p><\/div>\n<p>&nbsp;<\/p>\n<p class=\"iw\"><em><strong><span class=\"qu\" role=\"gridcell\"><span class=\"gD\" data-hovercard-id=\"fjchain@hotmail.com\" data-hovercard-owner-id=\"131\">Francisco Javier Cha\u00edn Revuelta<\/span><\/span><\/strong><\/em><\/p>\n<p><b><i><span data-contrast=\"auto\">10<\/span><\/i><\/b><b><i><span data-contrast=\"auto\">\/06\/2021,\u00a0<\/span><\/i><\/b><b><i><span data-contrast=\"auto\">Boca del R\u00edo, <\/span><\/i><\/b><b><i><span data-contrast=\"auto\">Ver.-<\/span><\/i><\/b><span data-contrast=\"auto\"> Susana Quintero Pereda<\/span><span data-contrast=\"auto\">, acad\u00e9mica de la<\/span> <span data-contrast=\"auto\"><a href=\"https:\/\/www.uv.mx\/veracruz\/nutricion\/\" target=\"_blank\" rel=\"noopener\">Facultad de Nutrici\u00f3n<\/a> de la Universidad Veracruzana (UV)<\/span><span data-contrast=\"auto\">,<\/span> <span data-contrast=\"auto\">recibi\u00f3 <\/span><span data-contrast=\"auto\">el R<\/span><span data-contrast=\"auto\">econocimiento <\/span><span data-contrast=\"auto\">\u201cLuz Mar\u00eda Mayora de Holgu\u00edn\u201d por su<\/span><span data-contrast=\"auto\"> distinguida trayectoria y aportes significativos en la formaci\u00f3n de los estudiantes de la <\/span><span data-contrast=\"auto\">regi\u00f3n Veracruz.<\/span><span data-ccp-props=\"{&quot;201341983&quot;:0,&quot;335559739&quot;:160,&quot;335559740&quot;:240}\">\u00a0<\/span><\/p>\n<p><span data-contrast=\"auto\">Carolina Palmeros <\/span><span data-contrast=\"auto\">Exsome<\/span><span data-contrast=\"auto\">,<\/span> <span data-contrast=\"auto\">directora de la<\/span> <span data-contrast=\"auto\">Facultad de Nutrici\u00f3n<\/span><span data-contrast=\"auto\">,<\/span> <span data-contrast=\"auto\">inform\u00f3<\/span><span data-contrast=\"auto\"> que <\/span><span data-contrast=\"auto\">l<\/span><span data-contrast=\"auto\">a distinci\u00f3n<\/span> <span data-contrast=\"auto\">le fue entregada<\/span> <span data-contrast=\"auto\">en el <\/span><span data-contrast=\"auto\">marco del D<\/span><span data-contrast=\"auto\">\u00eda del <\/span><span data-contrast=\"auto\">M<\/span><span data-contrast=\"auto\">aestro y del <\/span><span data-contrast=\"auto\">Primer <\/span><span data-contrast=\"auto\">C<\/span><span data-contrast=\"auto\">ongreso <\/span><span data-contrast=\"auto\">V<\/span><span data-contrast=\"auto\">irtual <\/span><span data-contrast=\"auto\">I<\/span><span data-contrast=\"auto\">nternacional <\/span><span data-contrast=\"auto\">\u201cA<\/span><span data-contrast=\"auto\">limentaci\u00f3n<\/span><span data-contrast=\"auto\">,<\/span><span data-contrast=\"auto\"> nutrici\u00f3n e innovaci\u00f3n\u201d<\/span><span data-contrast=\"auto\">, realizado<\/span> <span data-contrast=\"auto\">el <\/span><span data-contrast=\"auto\">pasado <\/span><span data-contrast=\"auto\">21 de mayo<\/span><span data-contrast=\"auto\">,<\/span> <span data-contrast=\"auto\">donde <\/span><span data-contrast=\"auto\">Susana Quintero<\/span> <span data-contrast=\"auto\">moder<\/span><span data-contrast=\"auto\">\u00f3 <\/span><span data-contrast=\"auto\">el <\/span><span data-contrast=\"auto\">Simposio <\/span><span data-contrast=\"auto\">\u201c<\/span><span data-contrast=\"auto\">Uso de las tecnolog\u00edas en nutrici\u00f3n<\/span><span data-contrast=\"auto\">\u201d<\/span><span data-contrast=\"auto\">.<\/span><span data-ccp-props=\"{&quot;201341983&quot;:0,&quot;335559731&quot;:708,&quot;335559739&quot;:160,&quot;335559740&quot;:240}\">\u00a0<\/span><\/p>\n<p><span data-contrast=\"auto\">Explic\u00f3 que el reconocimiento <\/span><span data-contrast=\"auto\">lleva el <\/span><span data-contrast=\"auto\">nombre de<\/span><span data-contrast=\"auto\"> una de l<\/span><span data-contrast=\"auto\">a<\/span><span data-contrast=\"auto\">s fundador<\/span><span data-contrast=\"auto\">a<\/span><span data-contrast=\"auto\">s de<\/span><span data-contrast=\"auto\"> la Facultad de Nutrici\u00f3n, <\/span><span data-contrast=\"auto\">quien se <\/span><span data-contrast=\"auto\">destac<\/span><span data-contrast=\"auto\">\u00f3 por <\/span><span data-contrast=\"auto\">m\u00e1s de 20 a\u00f1os de labor docente y los aportes significativos en la formaci\u00f3n de los futuros licenciados en nutrici\u00f3n.<\/span><span data-ccp-props=\"{&quot;201341983&quot;:0,&quot;335559731&quot;:708,&quot;335559739&quot;:160,&quot;335559740&quot;:240}\">\u00a0<\/span><\/p>\n<p><span data-contrast=\"auto\">La trayectoria de <\/span><span data-contrast=\"auto\">Susana Quintero <\/span><span data-contrast=\"auto\">le <\/span><span data-contrast=\"auto\">mereci\u00f3 <\/span><span data-contrast=\"auto\">tal distinci\u00f3n<\/span><span data-contrast=\"auto\">, ya que empez\u00f3 como <\/span><span data-contrast=\"auto\">profesora <\/span><span data-contrast=\"auto\">por<\/span><span data-contrast=\"auto\"> asignatura<\/span><span data-contrast=\"auto\"> y<\/span><span data-contrast=\"auto\"> despu\u00e9s l<\/span><span data-contrast=\"auto\">e<\/span><span data-contrast=\"auto\"> fue asignado el<\/span><span data-contrast=\"auto\"> tiempo completo<\/span><span data-contrast=\"auto\">; posteriormente hizo<\/span> <span data-contrast=\"auto\">un <\/span><span data-contrast=\"auto\">m<\/span><span data-contrast=\"auto\">\u00e1ster internacional en nutrici\u00f3n y diet\u00e9tica aplicada, <\/span><span data-contrast=\"auto\">u<\/span><span data-contrast=\"auto\">n<\/span><span data-contrast=\"auto\">a<\/span> <span data-contrast=\"auto\">M<\/span><span data-contrast=\"auto\">aestr\u00eda en <\/span><span data-contrast=\"auto\">E<\/span><span data-contrast=\"auto\">ducaci\u00f3n y <\/span><span data-contrast=\"auto\">fue<\/span> <span data-contrast=\"auto\">c<\/span><span data-contrast=\"auto\">ertificada por el Colegio Mexicano de Nutri\u00f3logos<\/span><span data-contrast=\"auto\">,<\/span> <span data-contrast=\"auto\">de 2006 a la fecha.<\/span><span data-ccp-props=\"{&quot;201341983&quot;:0,&quot;335559731&quot;:708,&quot;335559739&quot;:160,&quot;335559740&quot;:240}\">\u00a0<\/span><\/p>\n<p><span data-contrast=\"auto\">Tambi\u00e9n por su<\/span><span data-contrast=\"auto\"> desempe\u00f1o como S<\/span><span data-contrast=\"auto\">ecretaria <\/span><span data-contrast=\"auto\">A<\/span><span data-contrast=\"auto\">cad\u00e9mica de la F<\/span><span data-contrast=\"auto\">acultad<\/span><span data-contrast=\"auto\">, ser calificada con m\u00e1s de 90<\/span><span data-contrast=\"auto\"> por ciento<\/span><span data-contrast=\"auto\"> por los alumnos en todos los periodos, por establecer fuertes v\u00ednculos con el Colegio de Nutri\u00f3logos Cap\u00edtulo Veracruz<\/span><span data-contrast=\"auto\">,<\/span><span data-contrast=\"auto\"> del que fue dos veces presidenta <\/span><span data-contrast=\"auto\">(<\/span><span data-contrast=\"auto\">2013-2015 y 2017-2019<\/span><span data-contrast=\"auto\">)<\/span><span data-contrast=\"auto\"> y por sus aportaciones en las acreditaciones nacional e internacional del programa educativo.<\/span><span data-ccp-props=\"{&quot;201341983&quot;:0,&quot;335559731&quot;:708,&quot;335559739&quot;:160,&quot;335559740&quot;:240}\">\u00a0<\/span><\/p>\n<p><span data-contrast=\"auto\">A<\/span><span data-contrast=\"auto\">ctualmente<\/span><span data-contrast=\"auto\">,<\/span> <span data-contrast=\"auto\">compagina<\/span><span data-contrast=\"auto\"> la docencia <\/span><span data-contrast=\"auto\">con <\/span><span data-contrast=\"auto\">el seguimiento de egresados de la F<\/span><span data-contrast=\"auto\">acultad de <\/span><span data-contrast=\"auto\">N<\/span><span data-contrast=\"auto\">utrici\u00f3n<\/span><span data-contrast=\"auto\"> y participa en los trabajos del Pla<\/span><span data-contrast=\"auto\">n de Desarrollo de la Entidad Acad\u00e9mica (<\/span><span data-contrast=\"auto\">PlaDEA<\/span><span data-contrast=\"auto\">) <\/span><span data-contrast=\"auto\">y de <\/span><span data-contrast=\"auto\">reacreditaci\u00f3n<\/span><span data-contrast=\"auto\">.<\/span><span data-ccp-props=\"{&quot;201341983&quot;:0,&quot;335559731&quot;:708,&quot;335559739&quot;:160,&quot;335559740&quot;:240}\">\u00a0<\/span><\/p>\n<p><span data-contrast=\"auto\">En entrevista<\/span><span data-contrast=\"auto\">,<\/span><span data-contrast=\"auto\"> Quintero Pereda expres<\/span><span data-contrast=\"auto\">\u00f3<\/span><span data-contrast=\"auto\"> que <\/span><span data-contrast=\"auto\">se considera una persona entusiasta y participativa que s<\/span><span data-contrast=\"auto\">e esfuerza en preparar sus <\/span><span data-contrast=\"auto\">clases, actualizarse constantemente con cursos, diplomados, talleres, participa<\/span> <span data-contrast=\"auto\">en convocatorias que permitan alcanzar indicadores de acreditaci\u00f3n<\/span><span data-contrast=\"auto\">,<\/span> <span data-contrast=\"auto\">todo ello para beneficio de los estudiantes y la comunidad universitaria.<\/span><span data-ccp-props=\"{&quot;201341983&quot;:0,&quot;335559731&quot;:708,&quot;335559739&quot;:160,&quot;335559740&quot;:240}\">\u00a0<\/span><\/p>\n<p><span data-contrast=\"auto\">Agradeci\u00f3 haber sido merecedora del reconocimiento y expres\u00f3<\/span><span data-contrast=\"auto\">:<\/span><span data-contrast=\"auto\"> \u201c<\/span><span data-contrast=\"auto\">E<\/span><span data-contrast=\"auto\">s un honor y en lo personal me motiva a ser cada d\u00eda mejor<\/span><span data-contrast=\"auto\">.<\/span> <span data-contrast=\"auto\">S<\/span><span data-contrast=\"auto\">oy <\/span><span data-contrast=\"auto\">orgullosamente UV\u201d<\/span><span data-contrast=\"auto\">.<\/span><span data-ccp-props=\"{&quot;201341983&quot;:0,&quot;335559739&quot;:160,&quot;335559740&quot;:240}\">\u00a0<\/span><\/p>\n","protected":false},"excerpt":{"rendered":"<p>Recibi\u00f3 el Reconocimiento \u201cLuz Mar\u00eda Mayora de Holgu\u00edn\u201d, por sus aportes a la formaci\u00f3n de los estudiantes <\/p>\n","protected":false},"author":1508,"featured_media":98764,"comment_status":"closed","ping_status":"closed","sticky":false,"template":"","format":"standard","meta":{"footnotes":""},"categories":[61,55],"tags":[],"class_list":["post-98762","post","type-post","status-publish","format-standard","has-post-thumbnail","hentry","category-banner","category-veracruz"],"_links":{"self":[{"href":"https:\/\/www.uv.mx\/prensa\/wp-json\/wp\/v2\/posts\/98762","targetHints":{"allow":["GET"]}}],"collection":[{"href":"https:\/\/www.uv.mx\/prensa\/wp-json\/wp\/v2\/posts"}],"about":[{"href":"https:\/\/www.uv.mx\/prensa\/wp-json\/wp\/v2\/types\/post"}],"author":[{"embeddable":true,"href":"https:\/\/www.uv.mx\/prensa\/wp-json\/wp\/v2\/users\/1508"}],"replies":[{"embeddable":true,"href":"https:\/\/www.uv.mx\/prensa\/wp-json\/wp\/v2\/comments?post=98762"}],"version-history":[{"count":1,"href":"https:\/\/www.uv.mx\/prensa\/wp-json\/wp\/v2\/posts\/98762\/revisions"}],"predecessor-version":[{"id":98874,"href":"https:\/\/www.uv.mx\/prensa\/wp-json\/wp\/v2\/posts\/98762\/revisions\/98874"}],"wp:featuredmedia":[{"embeddable":true,"href":"https:\/\/www.uv.mx\/prensa\/wp-json\/wp\/v2\/media\/98764"}],"wp:attachment":[{"href":"https:\/\/www.uv.mx\/prensa\/wp-json\/wp\/v2\/media?parent=98762"}],"wp:term":[{"taxonomy":"category","embeddable":true,"href":"https:\/\/www.uv.mx\/prensa\/wp-json\/wp\/v2\/categories?post=98762"},{"taxonomy":"post_tag","embeddable":true,"href":"https:\/\/www.uv.mx\/prensa\/wp-json\/wp\/v2\/tags?post=98762"}],"curies":[{"name":"wp","href":"https:\/\/api.w.org\/{rel}","templated":true}]}}