{"id":98647,"date":"2021-06-09T09:07:34","date_gmt":"2021-06-09T14:07:34","guid":{"rendered":"https:\/\/www.uv.mx\/prensa\/?p=98647"},"modified":"2021-06-10T19:03:58","modified_gmt":"2021-06-11T00:03:58","slug":"cusrs-realizara-3er-congreso-universitario-de-salud-sexual-y-reproductiva","status":"publish","type":"post","link":"https:\/\/www.uv.mx\/prensa\/eventos\/cusrs-realizara-3er-congreso-universitario-de-salud-sexual-y-reproductiva\/","title":{"rendered":"CUSRS realizar\u00e1 3er Congreso Universitario de Salud Sexual y Reproductiva"},"content":{"rendered":"<ul>\n<li data-leveltext=\"\uf0b7\" data-font=\"Symbol\" data-listid=\"12\" data-aria-posinset=\"1\" data-aria-level=\"1\"><i><span data-contrast=\"auto\">Los d\u00edas 23 y 24 de septiembre,\u00a0ponentes con reconocimiento\u00a0nacional e internacional\u00a0compartir\u00e1n conocimientos con estudiantes, profesionales de\u00a0la salud, \u00e1reas afines y p\u00fablico interesado<\/span><\/i><span data-ccp-props=\"{&quot;201341983&quot;:0,&quot;335559739&quot;:0,&quot;335559740&quot;:240}\">\u00a0<\/span><\/li>\n<\/ul>\n<p><span data-ccp-props=\"{&quot;201341983&quot;:0,&quot;335559739&quot;:0,&quot;335559740&quot;:240}\">\u00a0<\/span><\/p>\n<div id=\"attachment_98648\" style=\"width: 732px\" class=\"wp-caption aligncenter\"><a href=\"https:\/\/www.uv.mx\/prensa\/files\/2021\/06\/07062021-3er-Congreso-CUSRS-1-100k.jpg\"><img loading=\"lazy\" decoding=\"async\" aria-describedby=\"caption-attachment-98648\" class=\"size-full wp-image-98648\" src=\"https:\/\/www.uv.mx\/prensa\/files\/2021\/06\/07062021-3er-Congreso-CUSRS-1-100k.jpg\" alt=\"Alejandro Escobar Mesa, director de la CUSRS \" width=\"722\" height=\"453\" srcset=\"https:\/\/www.uv.mx\/prensa\/files\/2021\/06\/07062021-3er-Congreso-CUSRS-1-100k.jpg 722w, https:\/\/www.uv.mx\/prensa\/files\/2021\/06\/07062021-3er-Congreso-CUSRS-1-100k-300x188.jpg 300w, https:\/\/www.uv.mx\/prensa\/files\/2021\/06\/07062021-3er-Congreso-CUSRS-1-100k-200x125.jpg 200w\" sizes=\"auto, (max-width: 722px) 100vw, 722px\" \/><\/a><p id=\"caption-attachment-98648\" class=\"wp-caption-text\">Alejandro Escobar Mesa, director de la CUSRS<\/p><\/div>\n<p>&nbsp;<\/p>\n<p><b><i><span data-contrast=\"auto\">Jos\u00e9 Luis\u00a0Couttolenc\u00a0Soto<\/span><\/i><\/b><span data-ccp-props=\"{&quot;201341983&quot;:0,&quot;335559739&quot;:0,&quot;335559740&quot;:240}\">\u00a0<\/span><\/p>\n<p><b><i><span data-contrast=\"auto\">09\/06\/2021, Xalapa,\u00a0Ver.-<\/span><\/i><\/b><span data-contrast=\"auto\">\u00a0Con la participaci\u00f3n de reconocidos conferencistas de nivel internacional, la <a href=\"https:\/\/www.uv.mx\/cusrs\/\" target=\"_blank\" rel=\"noopener\">Cl\u00ednica Universitaria de Salud Reproductiva y Sexual <\/a>(CUSRS) de la Universidad Veracruzana\u00a0(UV)\u00a0realizar\u00e1 durante los d\u00edas 23 y 24 de septiembre\u00a0el\u00a03er Congreso Universitario de Salud Sexual y Reproductiva,\u00a0modalidad virtual.<\/span><span data-ccp-props=\"{&quot;201341983&quot;:0,&quot;335559739&quot;:0,&quot;335559740&quot;:240}\">\u00a0<\/span><\/p>\n<p><span data-contrast=\"auto\">Alejandro Escobar Mesa,\u00a0director\u00a0de la CUSRS, inform\u00f3\u00a0que\u00a0originalmente\u00a0el evento\u00a0estaba\u00a0programado para efectuarse en mayo de\u00a02020,\u00a0pero\u00a0debido a la contingencia sanitaria\u00a0tuvo que ser reprogramado; sin embargo,\u00a0\u201cno por ello perder\u00e1 su calidad acad\u00e9mica dado el alto nivel de los ponentes,\u00a0quienes\u00a0abordar\u00e1n temas amplios y variados relacionados con la salud reproductiva\u201d.<\/span><span data-ccp-props=\"{&quot;201341983&quot;:0,&quot;335559731&quot;:708,&quot;335559739&quot;:0,&quot;335559740&quot;:240}\">\u00a0<\/span><\/p>\n<p><span data-contrast=\"auto\">Explic\u00f3 que\u00a0la transmisi\u00f3n\u00a0se realizar\u00e1 a trav\u00e9s de un sistema innovador en el que el participante experimentar\u00e1 la sensaci\u00f3n de la presencialidad, \u201calgo similar a los recorridos virtuales que se efect\u00faan por museos y otros espacios culturales\u201d.<\/span><\/p>\n<div id=\"attachment_98649\" style=\"width: 732px\" class=\"wp-caption aligncenter\"><a href=\"https:\/\/www.uv.mx\/prensa\/files\/2021\/06\/07062021-3er-Congreso-CUSRS-2-100k.jpg\"><img loading=\"lazy\" decoding=\"async\" aria-describedby=\"caption-attachment-98649\" class=\"size-full wp-image-98649\" src=\"https:\/\/www.uv.mx\/prensa\/files\/2021\/06\/07062021-3er-Congreso-CUSRS-2-100k.jpg\" alt=\"En modalidad virtual innovadora, la CUSRS realizar\u00e1 congreso en septiembre pr\u00f3ximo \" width=\"722\" height=\"237\" srcset=\"https:\/\/www.uv.mx\/prensa\/files\/2021\/06\/07062021-3er-Congreso-CUSRS-2-100k.jpg 722w, https:\/\/www.uv.mx\/prensa\/files\/2021\/06\/07062021-3er-Congreso-CUSRS-2-100k-300x98.jpg 300w\" sizes=\"auto, (max-width: 722px) 100vw, 722px\" \/><\/a><p id=\"caption-attachment-98649\" class=\"wp-caption-text\">En modalidad virtual innovadora, la CUSRS realizar\u00e1 congreso en septiembre pr\u00f3ximo<\/p><\/div>\n<p><span data-contrast=\"auto\">Se tiene confirmada la participaci\u00f3n de conferencistas de\u00a0diversas instituciones como el\u00a0Instituto Nacional de Perinatolog\u00eda,\u00a0del\u00a0Centro Nacional de Equidad de G\u00e9nero y Salud Reproductiva, de la Sociedad Mexicana de Pediatr\u00eda, de\u00a0los\u00a0institutos\u00a0de Investigaciones Cerebrales\u00a0y de Investigaciones Psicol\u00f3gicas\u00a0de la UV, de la Organizaci\u00f3n Panamericana de la Salud,\u00a0del Hospital \u00c1ngeles de Xalapa\u00a0y del Centro de Alta Especialidad \u201cDr. Rafael Lucio\u201d.<\/span><span data-ccp-props=\"{&quot;201341983&quot;:0,&quot;335559739&quot;:0,&quot;335559740&quot;:240}\">\u00a0<\/span><\/p>\n<p><span data-contrast=\"auto\">La inscripci\u00f3n al evento ser\u00e1 a precios m\u00f3dicos (de acuerdo al nivel del participante)\u00a0y\u00a0se podr\u00e1 realizar en la p\u00e1gina\u00a0<\/span><a href=\"https:\/\/www.uv.mx\/cusrs\/\"><span data-contrast=\"none\">https:\/\/www.uv.mx\/cusrs\/<\/span><\/a><span data-contrast=\"auto\">,\u00a0donde\u00a0la CUSRS\u00a0asignar\u00e1 un c\u00f3digo de\u00a0acceso al momento del registro.<\/span><span data-ccp-props=\"{&quot;201341983&quot;:0,&quot;335559739&quot;:0,&quot;335559740&quot;:240}\">\u00a0<\/span><\/p>\n<p><span data-contrast=\"auto\">Para mayor informaci\u00f3n, acudir directamente a la cl\u00ednica que se ubica en calle C\u00f3rdoba esquina Ernesto Ortiz Medina,\u00a0Fraccionamiento Veracruz, en Xalapa, o llamar\u00a0a los tel\u00e9fonos\u00a0(228)\u00a08421700 y 8422700,\u00a0extensi\u00f3n\u00a010358.<\/span><span data-ccp-props=\"{&quot;201341983&quot;:0,&quot;335559739&quot;:0,&quot;335559740&quot;:240}\">\u00a0<\/span><\/p>\n","protected":false},"excerpt":{"rendered":"<p>El costo de la inscripci\u00f3n ser\u00e1 de acuerdo al nivel del participante y se podr\u00e1 realizar en la p\u00e1gina https:\/\/www.uv.mx\/cusrs\/  <\/p>\n","protected":false},"author":1775,"featured_media":98649,"comment_status":"closed","ping_status":"closed","sticky":false,"template":"","format":"standard","meta":{"footnotes":""},"categories":[47],"tags":[3258,727,67,1815],"class_list":["post-98647","post","type-post","status-publish","format-standard","has-post-thumbnail","hentry","category-eventos","tag-3er-congreso-universitario-de-salud-sexual-y-reproductiva","tag-clinica-universitaria-de-salud-reproductiva-y-sexual","tag-cusrs","tag-modalidad-virtual"],"_links":{"self":[{"href":"https:\/\/www.uv.mx\/prensa\/wp-json\/wp\/v2\/posts\/98647","targetHints":{"allow":["GET"]}}],"collection":[{"href":"https:\/\/www.uv.mx\/prensa\/wp-json\/wp\/v2\/posts"}],"about":[{"href":"https:\/\/www.uv.mx\/prensa\/wp-json\/wp\/v2\/types\/post"}],"author":[{"embeddable":true,"href":"https:\/\/www.uv.mx\/prensa\/wp-json\/wp\/v2\/users\/1775"}],"replies":[{"embeddable":true,"href":"https:\/\/www.uv.mx\/prensa\/wp-json\/wp\/v2\/comments?post=98647"}],"version-history":[{"count":1,"href":"https:\/\/www.uv.mx\/prensa\/wp-json\/wp\/v2\/posts\/98647\/revisions"}],"predecessor-version":[{"id":98787,"href":"https:\/\/www.uv.mx\/prensa\/wp-json\/wp\/v2\/posts\/98647\/revisions\/98787"}],"wp:featuredmedia":[{"embeddable":true,"href":"https:\/\/www.uv.mx\/prensa\/wp-json\/wp\/v2\/media\/98649"}],"wp:attachment":[{"href":"https:\/\/www.uv.mx\/prensa\/wp-json\/wp\/v2\/media?parent=98647"}],"wp:term":[{"taxonomy":"category","embeddable":true,"href":"https:\/\/www.uv.mx\/prensa\/wp-json\/wp\/v2\/categories?post=98647"},{"taxonomy":"post_tag","embeddable":true,"href":"https:\/\/www.uv.mx\/prensa\/wp-json\/wp\/v2\/tags?post=98647"}],"curies":[{"name":"wp","href":"https:\/\/api.w.org\/{rel}","templated":true}]}}