{"id":98616,"date":"2021-06-08T18:25:21","date_gmt":"2021-06-08T23:25:21","guid":{"rendered":"https:\/\/www.uv.mx\/prensa\/?p=98616"},"modified":"2021-06-10T19:09:56","modified_gmt":"2021-06-11T00:09:56","slug":"roberta-l-jamieson-recibira-doctorado-honoris-causa-por-la-uv","status":"publish","type":"post","link":"https:\/\/www.uv.mx\/prensa\/banner\/roberta-l-jamieson-recibira-doctorado-honoris-causa-por-la-uv\/","title":{"rendered":"Roberta L. Jamieson recibir\u00e1 Doctorado <em>Honoris Causa<\/em> por la UV"},"content":{"rendered":"<ul>\n<li data-leveltext=\"\uf0b7\" data-font=\"Symbol\" data-listid=\"1\" data-aria-posinset=\"1\" data-aria-level=\"1\"><i><span data-contrast=\"none\">El 10 de junio\u00a0a las 16:00 horas en Sesi\u00f3n Solemne del\u00a0CUG<\/span><\/i><span data-ccp-props=\"{&quot;134233117&quot;:true,&quot;134233118&quot;:true,&quot;201341983&quot;:0,&quot;335559740&quot;:240}\">\u00a0<\/span><\/li>\n<li data-leveltext=\"\uf0b7\" data-font=\"Symbol\" data-listid=\"1\" data-aria-posinset=\"2\" data-aria-level=\"1\"><i><span data-contrast=\"none\">La\u00a0trayectoria\u00a0en vivo ser\u00e1\u00a0por Tele UV:\u00a0<\/span><\/i><a href=\"http:\/\/www.uv.mx\/television\"><i><span data-contrast=\"none\">www.uv.mx\/television<\/span><\/i><\/a><i><span data-contrast=\"none\">\u00a0o\u00a0el\u00a0<\/span><\/i><span data-contrast=\"none\">Facebook<\/span><i><span data-contrast=\"none\">\u00a0TeleUV<\/span><\/i><span data-ccp-props=\"{&quot;134233117&quot;:true,&quot;134233118&quot;:true,&quot;201341983&quot;:0,&quot;335559740&quot;:240}\">\u00a0<\/span><\/li>\n<\/ul>\n<p><span data-ccp-props=\"{&quot;134233117&quot;:true,&quot;134233118&quot;:true,&quot;201341983&quot;:0,&quot;335559740&quot;:240}\">\u00a0<\/span><\/p>\n<div id=\"attachment_98620\" style=\"width: 490px\" class=\"wp-caption aligncenter\"><a href=\"https:\/\/www.uv.mx\/prensa\/files\/2021\/06\/080621-Honoris-Causa-100k.jpg\"><img loading=\"lazy\" decoding=\"async\" aria-describedby=\"caption-attachment-98620\" class=\"size-full wp-image-98620\" src=\"https:\/\/www.uv.mx\/prensa\/files\/2021\/06\/080621-Honoris-Causa-100k.jpg\" alt=\"Es una abogada y activista, enfocada en el reconocimiento y la promoci\u00f3n de los derechos ind\u00edgenas y las pol\u00edticas educativas implementadas para los pueblos originarios de Canad\u00e1 \" width=\"480\" height=\"480\" srcset=\"https:\/\/www.uv.mx\/prensa\/files\/2021\/06\/080621-Honoris-Causa-100k.jpg 480w, https:\/\/www.uv.mx\/prensa\/files\/2021\/06\/080621-Honoris-Causa-100k-300x300.jpg 300w, https:\/\/www.uv.mx\/prensa\/files\/2021\/06\/080621-Honoris-Causa-100k-150x150.jpg 150w, https:\/\/www.uv.mx\/prensa\/files\/2021\/06\/080621-Honoris-Causa-100k-120x120.jpg 120w, https:\/\/www.uv.mx\/prensa\/files\/2021\/06\/080621-Honoris-Causa-100k-360x360.jpg 360w\" sizes=\"auto, (max-width: 480px) 100vw, 480px\" \/><\/a><p id=\"caption-attachment-98620\" class=\"wp-caption-text\">Es una abogada y activista, enfocada en el reconocimiento y la promoci\u00f3n de los derechos ind\u00edgenas y las pol\u00edticas educativas implementadas para los pueblos originarios de Canad\u00e1<\/p><\/div>\n<p>&nbsp;<\/p>\n<p><b><i><span data-contrast=\"none\">08\/06\/2021, Xalapa,\u00a0Ver.-<\/span><\/i><\/b><span data-contrast=\"none\">\u00a0El Consejo Universitario General (CUG) de la <a href=\"https:\/\/www.uv.mx\/\" target=\"_blank\" rel=\"noopener\">Universidad Veracruzana<\/a>\u00a0(UV) entregar\u00e1 el Doctorado\u00a0<\/span><i><span data-contrast=\"none\">Honoris Causa\u00a0<\/span><\/i><span data-contrast=\"none\">a\u00a0Roberta L.\u00a0Jamieson, en\u00a0Sesi\u00f3n Solemne\u00a0que se celebrar\u00e1\u00a0el 10 de junio\u00a0a\u00a0las 16:00 horas, con\u00a0transmisi\u00f3n en vivo por Tele\u00a0UV\u00a0a trav\u00e9s de su p\u00e1gina\u00a0<\/span><i><span data-contrast=\"none\">web<\/span><\/i><span data-contrast=\"auto\">\u00a0<\/span><span data-contrast=\"none\">\u00a0o\u00a0el\u00a0<\/span><i><span data-contrast=\"none\">Facebook<\/span><\/i><span data-contrast=\"none\">\u00a0Tele UV.<\/span><span data-contrast=\"none\">www.uv.mx\/television<\/span><span data-contrast=\"none\">\u00a0y\u00a0<\/span><i><span data-contrast=\"none\">Facebook<\/span><\/i><span data-contrast=\"none\">\u00a0@Tele UV.<\/span><span data-ccp-props=\"{&quot;134233117&quot;:true,&quot;134233118&quot;:true,&quot;201341983&quot;:0,&quot;335559740&quot;:240}\">\u00a0<\/span><\/p>\n<p><span data-contrast=\"none\">Cabe recordar que el 9 de diciembre de 2019\u00a0el pleno del CUG\u00a0aprob\u00f3 la\u00a0propuesta para galardonarla\u00a0con\u00a0la m\u00e1xima distinci\u00f3n que otorga la UV,\u00a0a\u00a0solicitud\u00a0del Consejo Directivo de la Universidad Veracruzana Intercultural.<\/span><span data-ccp-props=\"{&quot;134233117&quot;:true,&quot;134233118&quot;:true,&quot;201341983&quot;:0,&quot;335559740&quot;:240}\">\u00a0<\/span><\/p>\n<p><span data-contrast=\"none\">Asimismo, es preciso puntualizar que\u00a0la Sesi\u00f3n Solemne se realizar\u00e1 en el marco del II Congreso de Pol\u00edticas Universitarias de G\u00e9nero, Interculturalidad e Inclusi\u00f3n.<\/span><span data-ccp-props=\"{&quot;134233117&quot;:true,&quot;134233118&quot;:true,&quot;201341983&quot;:0,&quot;335559731&quot;:708,&quot;335559740&quot;:240}\">\u00a0<\/span><\/p>\n<p><span data-contrast=\"none\">Roberta L. Jamieson es una ind\u00edgena, perteneciente al grupo \u00e9tnico Mohawk, mismo que conforma a la primera de las\u00a0seis\u00a0naciones que ocupan el\u00a0territorio de Grand\u00a0River,\u00a0en el estado de Ontario, Canad\u00e1.<\/span><span data-ccp-props=\"{&quot;201341983&quot;:0,&quot;335559731&quot;:708,&quot;335559739&quot;:160,&quot;335559740&quot;:240}\">\u00a0<\/span><\/p>\n<p><span data-contrast=\"none\">Es una abogada y activista, enfocada en el reconocimiento y la promoci\u00f3n de los derechos ind\u00edgenas y las pol\u00edticas educativas implementadas para los pueblos originarios de Canad\u00e1, reconocidos y nombrados all\u00e1 como\u00a0<\/span><i><span data-contrast=\"none\">The\u00a0Fisth\u00a0Nations<\/span><\/i><span data-contrast=\"none\">\u00a0(Las Primeras Naciones).<\/span><span data-ccp-props=\"{&quot;201341983&quot;:0,&quot;335559731&quot;:708,&quot;335559739&quot;:160,&quot;335559740&quot;:240}\">\u00a0<\/span><\/p>\n<p><span data-contrast=\"none\">Con m\u00e1s de\u00a040\u00a0a\u00f1os de trayectoria, a lo largo de su carrera\u00a0Jamieson se ha destacado por ser pionera mediante sus incursiones en \u00e1mbitos pol\u00edticos y de los derechos humanos.<\/span><span data-ccp-props=\"{&quot;201341983&quot;:0,&quot;335559731&quot;:708,&quot;335559739&quot;:160,&quot;335559740&quot;:240}\">\u00a0<\/span><\/p>\n<p><span data-contrast=\"none\">En la d\u00e9cada de los setenta se convirti\u00f3 en la primera mujer mohawk que obtuvo un t\u00edtulo en Derecho, y posteriormente fue tambi\u00e9n la primera mujer no parlamentaria en ser nombrada Miembro de la C\u00e1mara de los Comunes, desempe\u00f1\u00e1ndose en comit\u00e9s de autogobierno ind\u00edgena y trabajando en la\u00a0mediaci\u00f3n entre los grupos de Las Primeras Naciones, el gobierno federal y los gobiernos provinciales.<\/span><span data-ccp-props=\"{&quot;201341983&quot;:0,&quot;335559731&quot;:708,&quot;335559739&quot;:160,&quot;335559740&quot;:240}\">\u00a0<\/span><\/p>\n<p><span data-contrast=\"none\">El c\u00famulo de estas experiencias la llev\u00f3 a ser la primera mujer en ocupar el cargo de\u00a0<\/span><i><span data-contrast=\"none\">Ombudsman<\/span><\/i><span data-contrast=\"none\">\u00a0de Ontario, en el que\u00a0se desempe\u00f1\u00f3 durante\u00a010\u00a0a\u00f1os.<\/span><span data-ccp-props=\"{&quot;201341983&quot;:0,&quot;335559731&quot;:708,&quot;335559739&quot;:160,&quot;335559740&quot;:240}\">\u00a0<\/span><\/p>\n<p><span data-contrast=\"none\">Como defensora del pueblo, ayud\u00f3 de forma asertiva a investigar y resolver las quejas y demandas de los ciudadanos interpuestas a las organizaciones gubernamentales, municipales, de universidades, de juntas escolares y de otras instituciones.<\/span><span data-ccp-props=\"{&quot;201341983&quot;:0,&quot;335559731&quot;:708,&quot;335559739&quot;:160,&quot;335559740&quot;:240}\">\u00a0<\/span><\/p>\n<p><span data-contrast=\"none\">Se convirti\u00f3 en la primera mujer\u00a0en ser elegida como\u00a0Jefa\u00a0de las Seis Naciones del\u00a0Territorio de Grand\u00a0River.\u00a0Su elecci\u00f3n marc\u00f3 un cambio significativo en el liderazgo de la reserva, ya que busc\u00f3 crear un sistema m\u00e1s incluyente en la toma de decisiones, un mecanismo de resoluci\u00f3n de conflictos y la separaci\u00f3n entre la pol\u00edtica de las naciones y su administraci\u00f3n.<\/span><span data-ccp-props=\"{&quot;201341983&quot;:0,&quot;335559731&quot;:708,&quot;335559739&quot;:160,&quot;335559740&quot;:240}\">\u00a0<\/span><\/p>\n<p><span data-contrast=\"none\">Jamieson es miembro fundador de la\u00a0Asociaci\u00f3n Canadiense de Estudiantes de Derecho y del Centro de Investigaci\u00f3n en Salud de la Mujer; es\u00a0vicepresidenta\u00a0del Consejo de Salud de Canad\u00e1, miembro del Consejo de Prensa de Ontario y de la\u00a0<\/span><i><span data-contrast=\"none\">Canadian\u00a0Policy\u00a0Research\u00a0Network<\/span><\/i><span data-contrast=\"none\">.<\/span><span data-ccp-props=\"{&quot;201341983&quot;:0,&quot;335559731&quot;:708,&quot;335559739&quot;:160,&quot;335559740&quot;:240}\">\u00a0<\/span><\/p>\n<p><span data-contrast=\"none\">Es miembro tambi\u00e9n de la Junta Directiva de\u00a0<\/span><i><span data-contrast=\"none\">Ontario\u00a0Power\u00a0Generation<\/span><\/i><span data-contrast=\"none\">; del Comit\u00e9 Asesor del\u00a0Ministro\u00a0de Patrimonio y de la Junta Asesora de las Elecciones de Canad\u00e1. Igualmente,\u00a0es presidenta fundadora del festival internacional de artes medi\u00e1ticas\u00a0<\/span><i><span data-contrast=\"none\">ImagineNATIVE<\/span><\/i><span data-contrast=\"none\">, que procura mostrar y visibilizar el trabajo de artistas ind\u00edgenas.<\/span><span data-ccp-props=\"{&quot;201341983&quot;:0,&quot;335559731&quot;:708,&quot;335559739&quot;:160,&quot;335559740&quot;:240}\">\u00a0<\/span><\/p>\n<p><span data-contrast=\"none\">Adem\u00e1s, ha sido reconocida en tres ocasiones como la mujer m\u00e1s poderosa de Canad\u00e1 y se encuentra dentro de las 100 m\u00e1s influyentes del mundo; ha recibido 26 Doctorados\u00a0<\/span><i><span data-contrast=\"none\">Honoris\u00a0Legumen<\/span><\/i><span data-contrast=\"none\">\u00a0de\u00a0diferentes universidades y ha obtenido m\u00e1s de 30 premios nacionales e internacionales, debido a su comprometido trabajo en el \u00e1mbito de la educaci\u00f3n pertinente y la defensa de los derechos de los\u00a0pueblos originarios de Am\u00e9rica.<\/span><span data-ccp-props=\"{&quot;201341983&quot;:0,&quot;335559731&quot;:708,&quot;335559739&quot;:160,&quot;335559740&quot;:240}\">\u00a0<\/span><\/p>\n","protected":false},"excerpt":{"rendered":"<p>Ha sido reconocida en tres ocasiones como la mujer m\u00e1s poderosa de Canad\u00e1 y se encuentra dentro de las 100 m\u00e1s influyentes del mundo; ha recibido 26 Doctorados <em>Honoris Legumen<\/em> de diferentes universidades y ha obtenido m\u00e1s de 30 premios nacionales <\/p>\n","protected":false},"author":1775,"featured_media":98621,"comment_status":"closed","ping_status":"closed","sticky":false,"template":"","format":"standard","meta":{"footnotes":""},"categories":[61],"tags":[1013,781,1247,1248,3248,3249],"class_list":["post-98616","post","type-post","status-publish","format-standard","has-post-thumbnail","hentry","category-banner","tag-consejo-universitario-general","tag-cug","tag-doctorado","tag-honoris-causa","tag-roberta-l-jamieson","tag-sesion-solemne"],"_links":{"self":[{"href":"https:\/\/www.uv.mx\/prensa\/wp-json\/wp\/v2\/posts\/98616","targetHints":{"allow":["GET"]}}],"collection":[{"href":"https:\/\/www.uv.mx\/prensa\/wp-json\/wp\/v2\/posts"}],"about":[{"href":"https:\/\/www.uv.mx\/prensa\/wp-json\/wp\/v2\/types\/post"}],"author":[{"embeddable":true,"href":"https:\/\/www.uv.mx\/prensa\/wp-json\/wp\/v2\/users\/1775"}],"replies":[{"embeddable":true,"href":"https:\/\/www.uv.mx\/prensa\/wp-json\/wp\/v2\/comments?post=98616"}],"version-history":[{"count":1,"href":"https:\/\/www.uv.mx\/prensa\/wp-json\/wp\/v2\/posts\/98616\/revisions"}],"predecessor-version":[{"id":98790,"href":"https:\/\/www.uv.mx\/prensa\/wp-json\/wp\/v2\/posts\/98616\/revisions\/98790"}],"wp:featuredmedia":[{"embeddable":true,"href":"https:\/\/www.uv.mx\/prensa\/wp-json\/wp\/v2\/media\/98621"}],"wp:attachment":[{"href":"https:\/\/www.uv.mx\/prensa\/wp-json\/wp\/v2\/media?parent=98616"}],"wp:term":[{"taxonomy":"category","embeddable":true,"href":"https:\/\/www.uv.mx\/prensa\/wp-json\/wp\/v2\/categories?post=98616"},{"taxonomy":"post_tag","embeddable":true,"href":"https:\/\/www.uv.mx\/prensa\/wp-json\/wp\/v2\/tags?post=98616"}],"curies":[{"name":"wp","href":"https:\/\/api.w.org\/{rel}","templated":true}]}}