{"id":98455,"date":"2021-06-04T12:00:47","date_gmt":"2021-06-04T17:00:47","guid":{"rendered":"https:\/\/www.uv.mx\/prensa\/?p=98455"},"modified":"2021-06-04T12:00:47","modified_gmt":"2021-06-04T17:00:47","slug":"cug-ratifico-que-uv-tiene-finanzas-sanas","status":"publish","type":"post","link":"https:\/\/www.uv.mx\/prensa\/banner\/cug-ratifico-que-uv-tiene-finanzas-sanas\/","title":{"rendered":"CUG ratific\u00f3 que UV tiene finanzas sanas\u00a0"},"content":{"rendered":"<p><span data-ccp-props=\"{}\">\u00a0<\/span><i><span data-contrast=\"auto\">\u201cEste es un gran logro, me da mucho gusto que lo hemos expresado y damos con esto una rendici\u00f3n de cuentas y de transparencia ante el Consejo Universitario General\u201d:\u00a0Sara Ladr\u00f3n de Guevara, rectora de la UV<\/span><\/i><span data-ccp-props=\"{&quot;134233279&quot;:true}\">\u00a0<\/span><\/p>\n<p><span data-ccp-props=\"{}\">\u00a0<\/span><\/p>\n<div id=\"attachment_98461\" style=\"width: 732px\" class=\"wp-caption aligncenter\"><img loading=\"lazy\" decoding=\"async\" aria-describedby=\"caption-attachment-98461\" class=\"size-full wp-image-98461\" src=\"https:\/\/www.uv.mx\/prensa\/files\/2021\/06\/040621-Finanzas-CUG-1.jpg\" alt=\"\" width=\"722\" height=\"482\" srcset=\"https:\/\/www.uv.mx\/prensa\/files\/2021\/06\/040621-Finanzas-CUG-1.jpg 722w, https:\/\/www.uv.mx\/prensa\/files\/2021\/06\/040621-Finanzas-CUG-1-300x200.jpg 300w\" sizes=\"auto, (max-width: 722px) 100vw, 722px\" \/><p id=\"caption-attachment-98461\" class=\"wp-caption-text\">La Secretar\u00eda de Administraci\u00f3n y Finanzas present\u00f3 al pleno del CUG la cifras\u00a0que\u00a0sustentan\u00a0el dictamen favorable, correspondiente a los presupuestos modificados de\u00a02020\u00a0y\u00a0marzo 2021<\/p><\/div>\n<p><span data-ccp-props=\"{}\">\u00a0<\/span><\/p>\n<p><b><i><span data-contrast=\"auto\">Karina de la Paz Reyes D\u00edaz<\/span><\/i><\/b><span data-ccp-props=\"{}\">\u00a0<\/span><\/p>\n<p><b><i><span data-contrast=\"auto\">04\/06\/2021, Xalapa, Ver.-\u00a0<\/span><\/i><\/b><span data-contrast=\"auto\">En la \u00faltima sesi\u00f3n ordinaria\u00a0del Consejo Universitario General (CUG) de la Universidad Veracruzana\u00a0(UV)\u00a0encabezada por la actual\u00a0administraci\u00f3n,\u00a0la Comisi\u00f3n de Presupuestos\u00a0expuso\u00a0que la Secretar\u00eda de Administraci\u00f3n\u00a0y\u00a0Finanzas (SAF) present\u00f3 la\u00a0informaci\u00f3n\u00a0suficiente\u00a0que permiti\u00f3, como representante de este \u00f3rgano, analizar la cifras a\u00a0un\u00a0mayor detalle\u00a0y sustentar\u00a0el dictamen favorable\u00a0que\u00a0expusieron al pleno,\u00a0correspondiente\u00a0a\u00a0los\u00a0presupuestos modificados al cierre del ejercicio 2020 y\u00a0a marzo 2021.<\/span><span data-ccp-props=\"{}\">\u00a0<\/span><\/p>\n<p><span data-contrast=\"auto\">Cabe recordar que el viernes\u00a028 de mayo se desarroll\u00f3 la citada sesi\u00f3n ordinaria\u00a0y como parte del orden del d\u00eda\u00a0participaron representantes de la Comisi\u00f3n de Presupuestos del CUG.\u00a0Al t\u00e9rmino de las intervenciones y la votaci\u00f3n\u00a0aprobatoria, la rectora Sara Ladr\u00f3n de Guevara\u00a0manifest\u00f3 su satisfacci\u00f3n por haber informado en ambos presupuestos modificados las ampliaciones presupuestales que significaron el concluir este a\u00f1o el adeudo con el Servicio de Administraci\u00f3n Tributaria\u00a0(SAT)\u00a0y con ello sanear las finanzas institucionales.<\/span><span data-ccp-props=\"{}\">\u00a0<\/span><\/p>\n<p><span data-contrast=\"auto\">\u201cEste es un gran logro,\u00a0me da mucho gusto que lo hemos expresado y damos con esto una rendici\u00f3n de cuentas y de transparencia ante el Consejo Universitario General. Muchas felicidades a\u00a0la\u00a0comunidad universitaria porque tenemos ahora unas finanzas sanas\u201d,\u00a0se\u00f1al\u00f3 la Rectora de la UV.<\/span><span data-ccp-props=\"{&quot;335559731&quot;:708}\">\u00a0<\/span><\/p>\n<p><span data-contrast=\"auto\">Por parte\u00a0de\u00a0la Comisi\u00f3n de Presupuestos,\u00a0M\u00f3nica Karina Gonz\u00e1lez Rojas, acad\u00e9mica de la Facultad de Negocios y Tecnolog\u00edas\u00a0de la regi\u00f3n Orizaba-C\u00f3rdoba,\u00a0present\u00f3 el presupuesto modificado al cierre del ejercicio 2020, por\u00a0nueve\u00a0mil 222 millones 352 mil pesos.<\/span><span data-ccp-props=\"{&quot;335559731&quot;:708}\">\u00a0<\/span><\/p>\n<p><span data-contrast=\"auto\">En la\u00a0clasificaci\u00f3n administrativa detall\u00f3 que de\u00a0tal cantidad\u00a0el 40.6 por ciento se gast\u00f3 en la regi\u00f3n de Xalapa,\u00a0el 5.2 en Poza Rica-Tuxpan,\u00a0el 13.3\u00a0por ciento\u00a0en Veracruz, el 4.0 en Coatzacoalcos-Minatitl\u00e1n y el 5.7 en Orizaba-C\u00f3rdoba. Mientras el 31.2 por ciento fue para la gesti\u00f3n administrativa, lo cual incluye a 101 dependencias\u00a0que dan soporte a las funciones sustantivas, entre ellas\u00a0las\u00a0direcciones\u00a0generales\u00a0de\u00a0Administraci\u00f3n Escolar, de Desarrollo Acad\u00e9mico e Innovaci\u00f3n Educativa, de Tecnolog\u00edas de la Informaci\u00f3n,\u00a0de\u00a0Comunicaci\u00f3n Universitaria, as\u00ed como\u00a0Direcci\u00f3n de\u00a0Proyectos, Construcciones y Mantenimiento.<\/span><span data-ccp-props=\"{&quot;335559731&quot;:708}\">\u00a0<\/span><\/p>\n<p>&nbsp;<\/p>\n<div id=\"attachment_98462\" style=\"width: 732px\" class=\"wp-caption aligncenter\"><img loading=\"lazy\" decoding=\"async\" aria-describedby=\"caption-attachment-98462\" class=\"size-full wp-image-98462\" src=\"https:\/\/www.uv.mx\/prensa\/files\/2021\/06\/040621-Finanzas-CUG-2.jpg\" alt=\"\" width=\"722\" height=\"481\" srcset=\"https:\/\/www.uv.mx\/prensa\/files\/2021\/06\/040621-Finanzas-CUG-2.jpg 722w, https:\/\/www.uv.mx\/prensa\/files\/2021\/06\/040621-Finanzas-CUG-2-300x200.jpg 300w\" sizes=\"auto, (max-width: 722px) 100vw, 722px\" \/><p id=\"caption-attachment-98462\" class=\"wp-caption-text\">La Rectora manifest\u00f3 su satisfacci\u00f3n por concluir el adeudo con el Servicio de Administraci\u00f3n Tributaria, gracias a las ampliaciones presupuestales<\/p><\/div>\n<p>&nbsp;<\/p>\n<p><span data-contrast=\"auto\">\u201cCabe destacar que en esta clasificaci\u00f3n se encuentran reflejados, presupuestalmente, los mil 76 millones\u00a0361 mil pesos que otorg\u00f3 el Gobierno del Estado para pagar los recargos y accesorios fiscales al SAT, por el adeudo del periodo junio 2015-noviembre 2016, respecto a la retenci\u00f3n de\u00a0impuesto sobre la renta (ISR)\u00a0por sueldos y salarios, derivado de la falta de ministraci\u00f3n de recursos por parte de pasadas administraciones\u00a0estatales\u201d,\u00a0fue parte de lo\u00a0que especific\u00f3\u00a0la acad\u00e9mica\u00a0en su exposici\u00f3n.<\/span><span data-ccp-props=\"{}\">\u00a0<\/span><\/p>\n<p><span data-contrast=\"auto\">Para dar respuesta a la clasificaci\u00f3n funcional program\u00e1tica\u00a0\u00bfPara qu\u00e9 se gasta?,\u00a0M\u00f3nica Karina Gonz\u00e1lez\u00a0especific\u00f3 que\u00a0del total del presupuesto de la instituci\u00f3n,\u00a0por\u00a0nueve\u00a0mil 222 millones 352 mil pesos, el\u00a076.7 por ciento\u00a0se asign\u00f3 a\u00a0las funciones sustantivas\u00a0normadas por la Ley Org\u00e1nica\u00a0(que a su vez se\u00a0integran por:\u00a046.2 en docencia, 8.7 a investigaci\u00f3n,\u00a07.2 por ciento a\u00a0difusi\u00f3n\u00a0de la cultura y extensi\u00f3n de los servicios\u00a0y\u00a037.9 por ciento a apoyo acad\u00e9mico);\u00a0el\u00a020.3 por ciento\u00a0a apoyo institucional\u00a0(en esta clasificaci\u00f3n se aplic\u00f3 el pago al SAT de los recargos y accesorios fiscales),\u00a0y el\u00a03.0 por ciento a\u00a0operaciones y mantenimiento de la planta f\u00edsica.<\/span><span data-ccp-props=\"{}\">\u00a0<\/span><\/p>\n<p><span data-contrast=\"auto\">Asimismo,\u00a0se aprob\u00f3 el presupuesto modificado a marzo del ejercicio 2021, por\u00a0ocho\u00a0mil 714 millones 628 mil pesos, el cual fue presentado por Wilberth\u00a0Emmanuel Quintanilla Herrera, consejero Alumno de la Facultad de Ingenier\u00eda Civil y Mec\u00e1nica El\u00e9ctrica, regi\u00f3n Coatzacoalcos-Minatitl\u00e1n.<\/span><span data-ccp-props=\"{&quot;335559731&quot;:708}\">\u00a0<\/span><\/p>\n<p><span data-contrast=\"auto\">Del monto, el 75 por ciento corresponde a subsidios ordinarios, el 10.9 a subsidios extraordinarios y 14.1 por ciento a ingresos propios.<\/span><span data-ccp-props=\"{&quot;335559731&quot;:708}\">\u00a0<\/span><\/p>\n<p><span data-contrast=\"auto\">El\u00a0estudiante detall\u00f3 que el\u00a0presupuesto al mes de marzo\u00a0increment\u00f3 en 10.3 por ciento (815 millones 596 mil pesos), debido a que los subsidios ordinarios se modificaron\u00a0al alza\u00a0en 41 millones 57 mil pesos; las asignaciones federales fueron menores\u00a0a las estimadas en\u00a0cuatro\u00a0millones\u00a0390 mil pesos y las estatales\u00a0por 179 millones 82 mil pesos.<\/span><span data-ccp-props=\"{&quot;335559731&quot;:708}\">\u00a0<\/span><\/p>\n<p>&nbsp;<\/p>\n<div id=\"attachment_98463\" style=\"width: 732px\" class=\"wp-caption aligncenter\"><img loading=\"lazy\" decoding=\"async\" aria-describedby=\"caption-attachment-98463\" class=\"size-full wp-image-98463\" src=\"https:\/\/www.uv.mx\/prensa\/files\/2021\/06\/040621-Finanzas-CUG-3.jpg\" alt=\"\" width=\"722\" height=\"417\" srcset=\"https:\/\/www.uv.mx\/prensa\/files\/2021\/06\/040621-Finanzas-CUG-3.jpg 722w, https:\/\/www.uv.mx\/prensa\/files\/2021\/06\/040621-Finanzas-CUG-3-300x173.jpg 300w\" sizes=\"auto, (max-width: 722px) 100vw, 722px\" \/><p id=\"caption-attachment-98463\" class=\"wp-caption-text\">El estudiante Emmanuel Quintanilla Herrera present\u00f3 el presupuesto modificado del ejercicio marzo 2021<\/p><\/div>\n<p>&nbsp;<\/p>\n<p><span data-contrast=\"auto\">En este caso,\u00a0al\u00a0responder\u00a0a la\u00a0clasificaci\u00f3n administrativa \u00bfQui\u00e9n gasta?,\u00a0de\u00a0los\u00a0ocho\u00a0mil 714 millones 628 mil pesos,\u00a0el 48.3 por ciento fue para la regi\u00f3n Xalapa, 4.6 por ciento para Poza Rica-Tuxpan,\u00a012.1 por ciento para Veracruz, 3.7 para Coatzacoalcos-Minatitl\u00e1n\u00a0y\u00a05.1 por ciento para Orizaba-C\u00f3rdoba.\u00a0Asimismo, el 26.2 por ciento para la gesti\u00f3n administrativa.<\/span><span data-ccp-props=\"{&quot;335559731&quot;:708}\">\u00a0<\/span><\/p>\n<p><span data-contrast=\"auto\">Mientras\u00a0que en la clasificaci\u00f3n funcional program\u00e1tica \u00bfPara qu\u00e9 se gasta?, tal\u00a0monto se divide en 81.8 por ciento para funciones sustantivas, 17.2 por ciento\u00a0para apoyo institucional y 1.0 por ciento a\u00a0operaci\u00f3n y mantenimiento\u00a0de la planta f\u00edsica.<\/span><span data-ccp-props=\"{}\">\u00a0<\/span><\/p>\n<p><span data-contrast=\"auto\">En el\u00a0caso de\u00a0funciones sustantivas, ese 81.8 por ciento (siete\u00a0mil 129 millones 633 mil pesos)\u00a0se distribuye a su vez en: 60.7 por ciento a docencia, 8.9 por ciento a\u00a0investigaci\u00f3n,\u00a06.8 por ciento a\u00a0difusi\u00f3n y\u00a0extensi\u00f3n y 23.6 por ciento a\u00a0apoyo\u00a0acad\u00e9mico.<\/span><span data-ccp-props=\"{&quot;335559731&quot;:708}\">\u00a0<\/span><\/p>\n<p><span data-contrast=\"auto\">El estudiante tambi\u00e9n especific\u00f3\u00a0que\u00a0en la clasificaci\u00f3n\u00a0apoyo institucional se aplic\u00f3 el pago de los recargos y accesorios fiscales\u00a0al SAT.<\/span><span data-ccp-props=\"{&quot;335559731&quot;:708}\">\u00a0<\/span><\/p>\n<p><span data-contrast=\"auto\">Los integrantes\u00a0titulares\u00a0de la Comisi\u00f3n de Presupuestos\u00a0del CUG, en el caso de los acad\u00e9micos, son: Luis H\u00e9ctor\u00a0Porragas\u00a0Beltr\u00e1n, de la regi\u00f3n Veracruz; Victoria Amador Rodr\u00edguez, de Poza Rica-Tuxpan; Jos\u00e9 Antonio Vergara Camacho, de Coatzacoalcos-Minatitl\u00e1n;\u00a0Ma\u00a0Guadalupe\u00a0Noemi\u00a0Uehara\u00a0Guerrero\u00a0y Arturo Bocardo Valle,\u00a0ambos\u00a0de la\u00a0regi\u00f3n\u00a0de Xalapa.<\/span><span data-ccp-props=\"{&quot;335559731&quot;:708}\">\u00a0<\/span><\/p>\n<p><span data-contrast=\"auto\">Mientras los alumnos son\u00a0el ya citado\u00a0Wilberth\u00a0Emmanuel Quintanilla;\u00a0Alondra de Jes\u00fas Reyes Cerecedo, de la regi\u00f3n Poza Rica-Tuxpan,\u00a0y\u00a0Lesly\u00a0Garc\u00eda\u00a0Baizabal, de Veracruz.<\/span><span data-ccp-props=\"{&quot;335559731&quot;:708}\">\u00a0<\/span><\/p>\n<p><span data-ccp-props=\"{}\">\u00a0<\/span><\/p>\n<div id=\"attachment_98464\" style=\"width: 732px\" class=\"wp-caption aligncenter\"><img loading=\"lazy\" decoding=\"async\" aria-describedby=\"caption-attachment-98464\" class=\"size-full wp-image-98464\" src=\"https:\/\/www.uv.mx\/prensa\/files\/2021\/06\/040621-Finanzas-CUG-4.jpg\" alt=\"\" width=\"722\" height=\"423\" srcset=\"https:\/\/www.uv.mx\/prensa\/files\/2021\/06\/040621-Finanzas-CUG-4.jpg 722w, https:\/\/www.uv.mx\/prensa\/files\/2021\/06\/040621-Finanzas-CUG-4-300x176.jpg 300w\" sizes=\"auto, (max-width: 722px) 100vw, 722px\" \/><p id=\"caption-attachment-98464\" class=\"wp-caption-text\">M\u00f3nica Gonz\u00e1lez Rojas present\u00f3 el presupuesto modificado al cierre del ejercicio 2020<\/p><\/div>\n","protected":false},"excerpt":{"rendered":"<p>Los recargos y accesorios fiscales al SAT, por el adeudo del periodo junio 2015-noviembre 2016, fueron\u00a0liquidados\u00a0<\/p>\n","protected":false},"author":1869,"featured_media":98469,"comment_status":"closed","ping_status":"closed","sticky":false,"template":"","format":"standard","meta":{"footnotes":""},"categories":[61],"tags":[],"class_list":["post-98455","post","type-post","status-publish","format-standard","has-post-thumbnail","hentry","category-banner"],"_links":{"self":[{"href":"https:\/\/www.uv.mx\/prensa\/wp-json\/wp\/v2\/posts\/98455","targetHints":{"allow":["GET"]}}],"collection":[{"href":"https:\/\/www.uv.mx\/prensa\/wp-json\/wp\/v2\/posts"}],"about":[{"href":"https:\/\/www.uv.mx\/prensa\/wp-json\/wp\/v2\/types\/post"}],"author":[{"embeddable":true,"href":"https:\/\/www.uv.mx\/prensa\/wp-json\/wp\/v2\/users\/1869"}],"replies":[{"embeddable":true,"href":"https:\/\/www.uv.mx\/prensa\/wp-json\/wp\/v2\/comments?post=98455"}],"version-history":[{"count":1,"href":"https:\/\/www.uv.mx\/prensa\/wp-json\/wp\/v2\/posts\/98455\/revisions"}],"predecessor-version":[{"id":98470,"href":"https:\/\/www.uv.mx\/prensa\/wp-json\/wp\/v2\/posts\/98455\/revisions\/98470"}],"wp:featuredmedia":[{"embeddable":true,"href":"https:\/\/www.uv.mx\/prensa\/wp-json\/wp\/v2\/media\/98469"}],"wp:attachment":[{"href":"https:\/\/www.uv.mx\/prensa\/wp-json\/wp\/v2\/media?parent=98455"}],"wp:term":[{"taxonomy":"category","embeddable":true,"href":"https:\/\/www.uv.mx\/prensa\/wp-json\/wp\/v2\/categories?post=98455"},{"taxonomy":"post_tag","embeddable":true,"href":"https:\/\/www.uv.mx\/prensa\/wp-json\/wp\/v2\/tags?post=98455"}],"curies":[{"name":"wp","href":"https:\/\/api.w.org\/{rel}","templated":true}]}}