{"id":98445,"date":"2021-06-04T11:15:36","date_gmt":"2021-06-04T16:15:36","guid":{"rendered":"https:\/\/www.uv.mx\/prensa\/?p=98445"},"modified":"2021-06-04T11:54:42","modified_gmt":"2021-06-04T16:54:42","slug":"proyecto-del-ceicah-uv-y-ucn-reconocido-por-asociacion-internacional","status":"publish","type":"post","link":"https:\/\/www.uv.mx\/prensa\/ciencia\/proyecto-del-ceicah-uv-y-ucn-reconocido-por-asociacion-internacional\/","title":{"rendered":"Proyecto\u00a0del CEICAH-UV\u00a0y UCN,\u00a0reconocido por asociaci\u00f3n internacional\u00a0"},"content":{"rendered":"<ul>\n<li data-leveltext=\"\uf0b7\" data-font=\"Symbol\" data-listid=\"1\" data-aria-posinset=\"1\" data-aria-level=\"1\"><i><span data-contrast=\"auto\">La\u00a0Society\u00a0for\u00a0the\u00a0Advancement\u00a0of\u00a0Behavior\u00a0Analysis\u00a0(SABA) les otorg\u00f3 el\u00a0Public\u00a0Awareness\u00a0Grant<\/span><\/i><span data-ccp-props=\"{&quot;134233279&quot;:true,&quot;201341983&quot;:0,&quot;335559739&quot;:160,&quot;335559740&quot;:240}\">\u00a0<\/span><\/li>\n<li data-leveltext=\"\uf0b7\" data-font=\"Symbol\" data-listid=\"1\" data-aria-posinset=\"2\" data-aria-level=\"1\"><i><span data-contrast=\"auto\">El proyecto, en beneficio de poblaci\u00f3n con problemas de desarrollo,\u00a0es coordinado por\u00a0Varsovia Hern\u00e1ndez Eslava<\/span><\/i><span data-ccp-props=\"{&quot;134233279&quot;:true,&quot;201341983&quot;:0,&quot;335559739&quot;:160,&quot;335559740&quot;:240}\">\u00a0<\/span><\/li>\n<li data-leveltext=\"\uf0b7\" data-font=\"Symbol\" data-listid=\"1\" data-aria-posinset=\"3\" data-aria-level=\"1\"><i><span data-contrast=\"auto\">Tambi\u00e9n participa Janet Enr\u00edquez,\u00a0de la Universidad de\u00a0Carolina del\u00a0Norte,\u00a0y\u00a0el Laboratorio X-Balam\u00a0de la\u00a0UV, bajo la coordinaci\u00f3n de\u00a0Nancy Dom\u00ednguez<\/span><\/i><span data-ccp-props=\"{&quot;134233279&quot;:true,&quot;201341983&quot;:0,&quot;335559739&quot;:160,&quot;335559740&quot;:240}\">\u00a0<\/span><\/li>\n<\/ul>\n<p><span data-ccp-props=\"{&quot;201341983&quot;:0,&quot;335559739&quot;:160,&quot;335559740&quot;:240}\">\u00a0<\/span><\/p>\n<div id=\"attachment_98447\" style=\"width: 513px\" class=\"wp-caption aligncenter\"><img aria-describedby=\"caption-attachment-98447\" decoding=\"async\" loading=\"lazy\" class=\"size-full wp-image-98447\" src=\"https:\/\/www.uv.mx\/prensa\/files\/2021\/06\/020621-RECONOCIMIENTO-CEICAH-1.jpg\" alt=\"\" width=\"503\" height=\"286\" srcset=\"https:\/\/www.uv.mx\/prensa\/files\/2021\/06\/020621-RECONOCIMIENTO-CEICAH-1.jpg 503w, https:\/\/www.uv.mx\/prensa\/files\/2021\/06\/020621-RECONOCIMIENTO-CEICAH-1-300x171.jpg 300w\" sizes=\"(max-width: 503px) 100vw, 503px\" \/><p id=\"caption-attachment-98447\" class=\"wp-caption-text\">Ara\u00a0Varsovia Hern\u00e1ndez Eslava, investigadora del CEICAH-UV<\/p><\/div>\n<p><span data-ccp-props=\"{&quot;201341983&quot;:0,&quot;335559739&quot;:160,&quot;335559740&quot;:240}\">\u00a0<\/span><\/p>\n<p><b><i><span data-contrast=\"auto\">Claudia Peralta V\u00e1zquez<\/span><\/i><\/b><span data-ccp-props=\"{&quot;201341983&quot;:0,&quot;335559739&quot;:160,&quot;335559740&quot;:240}\">\u00a0<\/span><\/p>\n<p><b><i><span data-contrast=\"auto\">04\/06\/2021, Xalapa, Ver.-\u00a0<\/span><\/i><\/b><span data-contrast=\"auto\">Un proyecto desarrollado por\u00a0Ara\u00a0Varsovia Hern\u00e1ndez Eslava, investigadora del <a href=\"https:\/\/www.uv.mx\/ceicah\/\" target=\"_blank\" rel=\"noopener\">Centro de Estudios e Investigaciones en Conocimiento y Aprendizaje Humano<\/a> (CEICAH)\u00a0de la Universidad Veracruzana (UV), en colaboraci\u00f3n con la\u00a0Universidad de Carolina del Norte\u00a0(UCN),\u00a0y el\u00a0Laboratorio\u00a0Multimedia X-Balam,\u00a0recibi\u00f3 el\u00a0<\/span><span data-contrast=\"auto\">Public\u00a0Awareness\u00a0Grant<\/span><span data-contrast=\"auto\">\u00a0(Beca de sensibilizaci\u00f3n p\u00fablica)\u00a0por parte de la\u00a0<\/span><span data-contrast=\"auto\">Society\u00a0for\u00a0the\u00a0Advancement\u00a0of\u00a0Behavior\u00a0Analysis\u00a0<\/span><span data-contrast=\"auto\">(SABA), con sede en Michigan, Estados Unidos.<\/span><span data-ccp-props=\"{&quot;201341983&quot;:0,&quot;335559739&quot;:160,&quot;335559740&quot;:240}\">\u00a0<\/span><\/p>\n<p><span data-contrast=\"auto\">La investigadora y responsable del\u00a0proyecto\u00a0centrado en el an\u00e1lisis\u00a0conductual\u00a0aplicado (ACA) para la\u00a0atenci\u00f3n y mejora\u00a0de\u00a0la calidad de vida de ni\u00f1os con trastorno del espectro autista,\u00a0coment\u00f3 que es la primera vez que el SABA entrega este apoyo a una universidad mexicana en conjunto con una estadounidense.<\/span><span data-ccp-props=\"{&quot;201341983&quot;:0,&quot;335559731&quot;:708,&quot;335559739&quot;:160,&quot;335559740&quot;:240}\">\u00a0<\/span><\/p>\n<p><span data-contrast=\"auto\">Dicho organismo generalmente otorga financiamiento a\u00a0personas e instituciones que desarrollan\u00a0proyectos enfocados en diseminar informaci\u00f3n\u00a0acerca del an\u00e1lisis de la conducta y\u00a0la ciencia del comportamiento, as\u00ed como\u00a0soluciones basadas en problem\u00e1ticas de relevancia social.<\/span><span data-ccp-props=\"{&quot;201341983&quot;:0,&quot;335559731&quot;:708,&quot;335559739&quot;:160,&quot;335559740&quot;:240}\">\u00a0<\/span><\/p>\n<p><span data-contrast=\"auto\">Por este motivo,\u00a0Hern\u00e1ndez Eslava\u00a0expres\u00f3 su benepl\u00e1cito por el logro obtenido, mismo que comparte con Janet Enr\u00edquez, de la UCN, y el\u00a0Laboratorio\u00a0Multimedia\u00a0X-Balam UV.<\/span><span data-ccp-props=\"{&quot;201341983&quot;:0,&quot;335559731&quot;:708,&quot;335559739&quot;:160,&quot;335559740&quot;:240}\">\u00a0<\/span><\/p>\n<p><span data-contrast=\"auto\">La relaci\u00f3n entre\u00a0las\u00a0investigadoras\u00a0del CEICAH y la UCN\u00a0inici\u00f3 en agosto\u00a0de 2020,\u00a0cuando ambas especialistas\u00a0ya hab\u00edan detectado\u00a0la necesidad de contar con recursos digitales y visuales en idioma espa\u00f1ol\u00a0sobre t\u00e9cnicas y procedimientos\u00a0del\u00a0ACA, dirigidos a\u00a0profesionales, cuidadores y padres de familia de ni\u00f1os\u00a0con diagn\u00f3stico de autismo\u00a0y problemas de desarrollo.<\/span><span data-ccp-props=\"{&quot;201341983&quot;:0,&quot;335559731&quot;:708,&quot;335559739&quot;:160,&quot;335559740&quot;:240}\">\u00a0<\/span><\/p>\n<p><span data-contrast=\"auto\">Los tratamientos basados en ACA son altamente efectivos y permiten generar\u00a0cambios\u00a0en el comportamiento y aptitudes sociales\u00a0del infante, mejorando\u00a0su\u00a0calidad de vida\u00a0y la de sus\u00a0familias.<\/span><span data-ccp-props=\"{&quot;201341983&quot;:0,&quot;335559731&quot;:708,&quot;335559739&quot;:160,&quot;335559740&quot;:240}\">\u00a0<\/span><\/p>\n<p><span data-contrast=\"auto\">Lamentablemente,\u00a0la mayor parte del material al que se tiene acceso\u00a0s\u00f3lo est\u00e1 disponible en\u00a0ingl\u00e9s, situaci\u00f3n por la cual proponen el dise\u00f1o y desarrollo de recursos en espa\u00f1ol que podr\u00edan emplearse en diversos formatos.<\/span><span data-ccp-props=\"{&quot;201341983&quot;:0,&quot;335559731&quot;:708,&quot;335559739&quot;:160,&quot;335559740&quot;:240}\">\u00a0<\/span><\/p>\n<p><span data-contrast=\"auto\">De ah\u00ed la importancia de brindar este beneficio\u00a0e informaci\u00f3n\u00a0a familias mexicanas o de lengua castellana en cuanto al tratamiento basado en evidencias, el cual\u00a0ya\u00a0se emplea en\u00a0Estados Unidos y en otros pa\u00edses.<\/span><span data-ccp-props=\"{&quot;201341983&quot;:0,&quot;335559731&quot;:708,&quot;335559739&quot;:160,&quot;335559740&quot;:240}\">\u00a0<\/span><\/p>\n<p><span data-contrast=\"auto\">Por lo anterior,\u00a0vieron viable someter el\u00a0proyecto a la convocatoria anual del SABA, dentro de la cual detallaron los\u00a0objetivos, alcances, relevancia social, productos y de qu\u00e9 manera se obtendr\u00e1n resultados tangibles.<\/span><span data-ccp-props=\"{&quot;201341983&quot;:0,&quot;335559731&quot;:708,&quot;335559739&quot;:160,&quot;335559740&quot;:240}\">\u00a0<\/span><\/p>\n<p>&nbsp;<\/p>\n<div id=\"attachment_98448\" style=\"width: 522px\" class=\"wp-caption aligncenter\"><img aria-describedby=\"caption-attachment-98448\" decoding=\"async\" loading=\"lazy\" class=\"size-full wp-image-98448\" src=\"https:\/\/www.uv.mx\/prensa\/files\/2021\/06\/020621-RECONOCIMIENTO-CEICAH-2.jpg\" alt=\"\" width=\"512\" height=\"288\" srcset=\"https:\/\/www.uv.mx\/prensa\/files\/2021\/06\/020621-RECONOCIMIENTO-CEICAH-2.jpg 512w, https:\/\/www.uv.mx\/prensa\/files\/2021\/06\/020621-RECONOCIMIENTO-CEICAH-2-300x169.jpg 300w\" sizes=\"(max-width: 512px) 100vw, 512px\" \/><p id=\"caption-attachment-98448\" class=\"wp-caption-text\">Janet Enr\u00edquez, de la Universidad de Carolina del Norte<\/p><\/div>\n<p>&nbsp;<\/p>\n<p><span data-contrast=\"auto\">Sobre su\u00a0impacto,\u00a0Hern\u00e1ndez Eslava precis\u00f3 que\u00a0el material que se genere ser\u00e1 promovido y difundido\u00a0dentro de un taller\u00a0virtual\u00a0sobre ACA, el cual\u00a0iniciar\u00e1\u00a0en agosto, y\u00a0est\u00e1\u00a0dirigido a 20 personas, entre cuidadores,\u00a0profesores,\u00a0especialistas y padres de familia.\u00a0<\/span><span data-ccp-props=\"{&quot;201341983&quot;:0,&quot;335559731&quot;:708,&quot;335559739&quot;:160,&quot;335559740&quot;:240}\">\u00a0<\/span><\/p>\n<p><span data-contrast=\"auto\">Asimismo, todos los recursos audiovisuales tambi\u00e9n estar\u00e1n disponibles\u00a0en una p\u00e1gina o sitio\u00a0<\/span><i><span data-contrast=\"auto\">web<\/span><\/i><span data-contrast=\"auto\">\u00a0para usuarios y personas\u00a0interesadas.<\/span><span data-ccp-props=\"{&quot;201341983&quot;:0,&quot;335559731&quot;:708,&quot;335559739&quot;:160,&quot;335559740&quot;:240}\">\u00a0<\/span><\/p>\n<p><span data-contrast=\"auto\">\u201cQueremos\u00a0tener en la\u00a0p\u00e1gina informaci\u00f3n cient\u00edfica basada\u00a0en evidencias,\u00a0de material de los talleres para\u00a0poblaci\u00f3n de habla hispana que busque estos servicios.\u201d<\/span><span data-ccp-props=\"{&quot;201341983&quot;:0,&quot;335559731&quot;:708,&quot;335559739&quot;:160,&quot;335559740&quot;:240}\">\u00a0<\/span><\/p>\n<p><span data-contrast=\"auto\">La\u00a0investigadora\u00a0del CEICAH\u00a0destac\u00f3 los alcances de esta vinculaci\u00f3n con una\u00a0instituci\u00f3n\u00a0extranjera, pues posiciona a la UV\u00a0dentro del campo del ACA.<\/span><span data-ccp-props=\"{&quot;201341983&quot;:0,&quot;335559731&quot;:708,&quot;335559739&quot;:160,&quot;335559740&quot;:240}\">\u00a0<\/span><\/p>\n<p><span data-contrast=\"auto\">\u00a0\u201cEspero que\u00a0\u00e9ste sea el inicio de\u00a0una colaboraci\u00f3n mutua y amplia,\u00a0creo que\u00a0la UV\u00a0proporciona muchas oportunidades\u00a0de vinculaci\u00f3n y colaboraci\u00f3n.\u201d<\/span><span data-ccp-props=\"{&quot;201341983&quot;:0,&quot;335559731&quot;:708,&quot;335559739&quot;:160,&quot;335559740&quot;:240}\">\u00a0<\/span><\/p>\n<p><span data-contrast=\"auto\">Por su parte, Janet Enr\u00edquez manifest\u00f3 estar agradecida por la oportunidad de trabajar en equipo con la UV, y as\u00ed\u00a0garantizar que\u00a0el conocimiento y recursos sobre el ACA\u00a0lleguen\u00a0a\u00a0familias y profesionales.<\/span><span data-ccp-props=\"{&quot;201341983&quot;:0,&quot;335559731&quot;:708,&quot;335559739&quot;:160,&quot;335559740&quot;:240}\">\u00a0<\/span><\/p>\n<p><span data-contrast=\"auto\">\u201cCreemos que es una colaboraci\u00f3n que continuar\u00e1, esperamos que este modelo propicie otro tipo de vinculaciones\u00a0en otros lugares y con otras organizaciones.\u201d<\/span><span data-ccp-props=\"{&quot;201341983&quot;:0,&quot;335559731&quot;:708,&quot;335559739&quot;:160,&quot;335559740&quot;:240}\">\u00a0<\/span><\/p>\n<p><span data-contrast=\"auto\">En tanto,\u00a0Nancy Dom\u00ednguez Hern\u00e1ndez,\u00a0coordinadora del\u00a0Laboratorio\u00a0Multimedia\u00a0X-Balam UV, subray\u00f3 que con el \u00e9nfasis de dar a conocer el trabajo que se realiza al interior de esta casa de estudios se sumaron a este proyecto de\u00a0gran pertinencia social, al igual que lo hacen con otras entidades de diversas \u00e1reas del conocimiento.<\/span><span data-ccp-props=\"{&quot;201341983&quot;:0,&quot;335559739&quot;:160,&quot;335559740&quot;:240}\">\u00a0<\/span><\/p>\n<p><span data-contrast=\"auto\">Se\u00f1al\u00f3 que la participaci\u00f3n del laboratorio consiste en la producci\u00f3n del material dirigido a poblaci\u00f3n de habla hispana, pues como ya se hab\u00eda comentado,\u00a0s\u00f3lo est\u00e1 disponible\u00a0en ingl\u00e9s.<\/span><span data-ccp-props=\"{&quot;201341983&quot;:0,&quot;335559731&quot;:708,&quot;335559739&quot;:160,&quot;335559740&quot;:240}\">\u00a0<\/span><\/p>\n<p><span data-contrast=\"auto\">Por ejemplo, dijo, es complicado para muchas familias y cuidadores de ni\u00f1os con autismo que emigran hacia Estados Unidos y no tienen dominio del idioma.<\/span><span data-ccp-props=\"{&quot;201341983&quot;:0,&quot;335559731&quot;:708,&quot;335559739&quot;:160,&quot;335559740&quot;:240}\">\u00a0<\/span><\/p>\n<p><span data-contrast=\"auto\">En este contexto, el equipo de creadores de X-Balam trabaja desde hace varios meses en la\u00a0pre-producci\u00f3n,\u00a0elaboraci\u00f3n de guiones y\u00a0<\/span><i><span data-contrast=\"auto\">set<\/span><\/i><span data-contrast=\"auto\">\u00a0de grabaci\u00f3n. En breve, esperan iniciar la\u00a0producci\u00f3n\u00a0para concluirla antes de agosto, mes en que se realizar\u00e1 el taller.<\/span><span data-ccp-props=\"{&quot;201341983&quot;:0,&quot;335559731&quot;:708,&quot;335559739&quot;:160,&quot;335559740&quot;:240}\">\u00a0<\/span><\/p>\n<p><span data-contrast=\"auto\">Cabe precisar que\u00a0en este proyecto tambi\u00e9n participan: Teresa Contreras,\u00a0doctorante\u00a0del CEICAH; Gabriela M\u00e9ndez, practicante,\u00a0e\u00a0Idzin\u00a0Xaca\u00a0Avenda\u00f1o, realizador audiovisual del Laboratorio\u00a0Multimedia.<\/span><span data-ccp-props=\"{&quot;201341983&quot;:0,&quot;335559731&quot;:708,&quot;335559739&quot;:160,&quot;335559740&quot;:240}\">\u00a0<\/span><\/p>\n<p><span data-ccp-props=\"{&quot;201341983&quot;:0,&quot;335559739&quot;:160,&quot;335559740&quot;:240}\">\u00a0<\/span><\/p>\n<div id=\"attachment_98449\" style=\"width: 515px\" class=\"wp-caption aligncenter\"><img aria-describedby=\"caption-attachment-98449\" decoding=\"async\" loading=\"lazy\" class=\"size-full wp-image-98449\" src=\"https:\/\/www.uv.mx\/prensa\/files\/2021\/06\/020621-RECONOCIMIENTO-CEICAH-3.jpg\" alt=\"\" width=\"505\" height=\"284\" srcset=\"https:\/\/www.uv.mx\/prensa\/files\/2021\/06\/020621-RECONOCIMIENTO-CEICAH-3.jpg 505w, https:\/\/www.uv.mx\/prensa\/files\/2021\/06\/020621-RECONOCIMIENTO-CEICAH-3-300x169.jpg 300w\" sizes=\"(max-width: 505px) 100vw, 505px\" \/><p id=\"caption-attachment-98449\" class=\"wp-caption-text\">Nancy Dom\u00ednguez Hern\u00e1ndez, coordinadora del Laboratorio Multimedia X-Balam UV<\/p><\/div>\n","protected":false},"excerpt":{"rendered":"<p>La\u00a0Society\u00a0for\u00a0the\u00a0Advancement\u00a0of\u00a0Behavior\u00a0Analysis\u00a0les\u00a0otorg\u00f3 el\u00a0Public\u00a0Awareness\u00a0Grant; el proyecto consiste en\u00a0el an\u00e1lisis conductual aplicado\u00a0para la atenci\u00f3n de ni\u00f1os con trastorno del espectro autista\u00a0<\/p>\n","protected":false},"author":1869,"featured_media":98446,"comment_status":"closed","ping_status":"closed","sticky":false,"template":"","format":"standard","meta":[],"categories":[45,61],"tags":[],"_links":{"self":[{"href":"https:\/\/www.uv.mx\/prensa\/wp-json\/wp\/v2\/posts\/98445"}],"collection":[{"href":"https:\/\/www.uv.mx\/prensa\/wp-json\/wp\/v2\/posts"}],"about":[{"href":"https:\/\/www.uv.mx\/prensa\/wp-json\/wp\/v2\/types\/post"}],"author":[{"embeddable":true,"href":"https:\/\/www.uv.mx\/prensa\/wp-json\/wp\/v2\/users\/1869"}],"replies":[{"embeddable":true,"href":"https:\/\/www.uv.mx\/prensa\/wp-json\/wp\/v2\/comments?post=98445"}],"version-history":[{"count":1,"href":"https:\/\/www.uv.mx\/prensa\/wp-json\/wp\/v2\/posts\/98445\/revisions"}],"predecessor-version":[{"id":98467,"href":"https:\/\/www.uv.mx\/prensa\/wp-json\/wp\/v2\/posts\/98445\/revisions\/98467"}],"wp:featuredmedia":[{"embeddable":true,"href":"https:\/\/www.uv.mx\/prensa\/wp-json\/wp\/v2\/media\/98446"}],"wp:attachment":[{"href":"https:\/\/www.uv.mx\/prensa\/wp-json\/wp\/v2\/media?parent=98445"}],"wp:term":[{"taxonomy":"category","embeddable":true,"href":"https:\/\/www.uv.mx\/prensa\/wp-json\/wp\/v2\/categories?post=98445"},{"taxonomy":"post_tag","embeddable":true,"href":"https:\/\/www.uv.mx\/prensa\/wp-json\/wp\/v2\/tags?post=98445"}],"curies":[{"name":"wp","href":"https:\/\/api.w.org\/{rel}","templated":true}]}}