{"id":98338,"date":"2021-06-02T17:46:55","date_gmt":"2021-06-02T22:46:55","guid":{"rendered":"https:\/\/www.uv.mx\/prensa\/?p=98338"},"modified":"2021-06-03T10:55:16","modified_gmt":"2021-06-03T15:55:16","slug":"ingenieria-y-odontologia-region-coatzacoalcos-tienen-nuevas-secretarias","status":"publish","type":"post","link":"https:\/\/www.uv.mx\/prensa\/regiones\/ingenieria-y-odontologia-region-coatzacoalcos-tienen-nuevas-secretarias\/","title":{"rendered":"Ingenier\u00eda y Odontolog\u00eda, regi\u00f3n Coatzacoalcos, tienen nuevas secretarias"},"content":{"rendered":"<div id=\"attachment_98339\" style=\"width: 732px\" class=\"wp-caption aligncenter\"><a href=\"https:\/\/www.uv.mx\/prensa\/files\/2021\/06\/02062021-CECILIA-Protesta01-100k.jpg\"><img loading=\"lazy\" decoding=\"async\" aria-describedby=\"caption-attachment-98339\" class=\"size-full wp-image-98339\" src=\"https:\/\/www.uv.mx\/prensa\/files\/2021\/06\/02062021-CECILIA-Protesta01-100k.jpg\" alt=\"Gabriela Hern\u00e1ndez G\u00f3mez, nueva secretaria de la Facultad de Ingenier\u00eda \" width=\"722\" height=\"481\" srcset=\"https:\/\/www.uv.mx\/prensa\/files\/2021\/06\/02062021-CECILIA-Protesta01-100k.jpg 722w, https:\/\/www.uv.mx\/prensa\/files\/2021\/06\/02062021-CECILIA-Protesta01-100k-300x200.jpg 300w\" sizes=\"auto, (max-width: 722px) 100vw, 722px\" \/><\/a><p id=\"caption-attachment-98339\" class=\"wp-caption-text\">Gabriela Hern\u00e1ndez G\u00f3mez, nueva secretaria de la Facultad de Ingenier\u00eda<\/p><\/div>\n<p>&nbsp;<\/p>\n<p><b><i><span data-contrast=\"auto\">Cecilia Escribano\u00a0Reyes<\/span><\/i><\/b><span data-ccp-props=\"{&quot;201341983&quot;:0,&quot;335559739&quot;:160,&quot;335559740&quot;:240}\">\u00a0<\/span><\/p>\n<p><b><i><span data-contrast=\"auto\">02\/06\/2021, Coatzacoalcos,\u00a0Ver.-\u00a0<\/span><\/i><\/b><span data-contrast=\"auto\">Gabriela Hern\u00e1ndez G\u00f3mez\u00a0y Luc\u00eda del Carmen Matus S\u00e1nchez\u00a0fueron nombradas nuevas\u00a0secretarias de\u00a0las\u00a0facultades de Ingenier\u00eda y Odontolog\u00eda de la <a href=\"https:\/\/www.uv.mx\/coatza\/\" target=\"_blank\" rel=\"noopener\">regi\u00f3n Coatzacoalcos-Minatitl\u00e1n<\/a> de la Universidad Veracruzana\u00a0(UV), respectivamente, en evento realizado\u00a0a trav\u00e9s de la plataforma\u00a0<\/span><i><span data-contrast=\"auto\">UV-Zoom<\/span><\/i><span data-contrast=\"auto\">, el\u00a0martes\u00a01 de junio.<\/span><span data-ccp-props=\"{&quot;201341983&quot;:0,&quot;335559739&quot;:160,&quot;335559740&quot;:240}\">\u00a0<\/span><\/p>\n<p><span data-contrast=\"auto\">Ellas sustituyen en los cargos a\u00a0Jes\u00fas Jim\u00e9nez Rivera\u00a0y\u00a0V\u00edctor Manuel\u00a0Quirarte\u00a0Echavarr\u00eda, \u00e9ste ahora es director de la\u00a0Facultad de Odontolog\u00eda.<\/span><span data-ccp-props=\"{&quot;201341983&quot;:0,&quot;335559739&quot;:160,&quot;335559740&quot;:240}\">\u00a0<\/span><\/p>\n<p><span data-contrast=\"auto\">A la ceremonia se dieron cita:\u00a0Carlos\u00a0Lamothe\u00a0Zavaleta, vicerrector;\u00a0Pedro Guti\u00e9rrez Aguilar, director general del\u00a0\u00c1rea\u00a0Acad\u00e9mica de\u00a0Ciencias de la Salud;\u00a0Yanet Antonio Z\u00e1rate, directora de la Facultad de Ingenier\u00eda; V\u00edctor Manuel\u00a0Quirarte, director de Odontolog\u00eda; Isidro Vicencio Delgadillo,\u00a0coordinador\u00a0Acad\u00e9mico del \u00c1rea Acad\u00e9mica T\u00e9cnica;\u00a0as\u00ed como directores\u00a0y comunidad universitaria.<\/span><span data-ccp-props=\"{&quot;201341983&quot;:0,&quot;335559731&quot;:720,&quot;335559739&quot;:160,&quot;335559740&quot;:240}\">\u00a0<\/span><\/p>\n<p><span data-contrast=\"auto\">El vicerrector\u00a0Lamothe\u00a0Zavaleta agradeci\u00f3\u00a0a Jes\u00fas Jim\u00e9nez\u00a0Rivera\u00a0por dedicar su esfuerzo y compromiso institucional para favorecer a la\u00a0Facultad\u00a0de Ingenier\u00eda,\u00a0as\u00ed\u00a0como\u00a0a\u00a0V\u00edctor\u00a0Manuel\u00a0Quirarte.<\/span><span data-ccp-props=\"{&quot;201341983&quot;:0,&quot;335559731&quot;:720,&quot;335559739&quot;:160,&quot;335559740&quot;:240}\">\u00a0<\/span><\/p>\n<p><span data-contrast=\"auto\">A\u00a0Luc\u00eda y Gabriela les expres\u00f3 que en la Vicerrector\u00eda siempre tendr\u00e1n apoyo\u00a0y\u00a0les dese\u00f3\u00a0que su gesti\u00f3n sea exitosa.<\/span><\/p>\n<div id=\"attachment_98340\" style=\"width: 732px\" class=\"wp-caption aligncenter\"><a href=\"https:\/\/www.uv.mx\/prensa\/files\/2021\/06\/02062021-CECILIA-Protesta02-100k.jpg\"><img loading=\"lazy\" decoding=\"async\" aria-describedby=\"caption-attachment-98340\" class=\"size-full wp-image-98340\" src=\"https:\/\/www.uv.mx\/prensa\/files\/2021\/06\/02062021-CECILIA-Protesta02-100k.jpg\" alt=\"Luc\u00eda del Carmen Matus S\u00e1nchez, secretaria de la Facultad de Odontolog\u00eda \" width=\"722\" height=\"481\" srcset=\"https:\/\/www.uv.mx\/prensa\/files\/2021\/06\/02062021-CECILIA-Protesta02-100k.jpg 722w, https:\/\/www.uv.mx\/prensa\/files\/2021\/06\/02062021-CECILIA-Protesta02-100k-300x200.jpg 300w\" sizes=\"auto, (max-width: 722px) 100vw, 722px\" \/><\/a><p id=\"caption-attachment-98340\" class=\"wp-caption-text\">Luc\u00eda del Carmen Matus S\u00e1nchez, secretaria de la Facultad de Odontolog\u00eda<\/p><\/div>\n<p><span data-contrast=\"auto\">Por su parte,\u00a0Isidro Vicencio\u00a0se\u00f1al\u00f3 que\u00a0Jes\u00fas Jim\u00e9nez\u00a0en todo momento\u00a0colabor\u00f3\u00a0para que se\u00a0cumplieran\u00a0de manera\u00a0satisfactoria\u00a0los indicadores de la\u00a0Facultad de\u00a0Ingenier\u00eda;\u00a0a\u00a0Gabriela Hern\u00e1ndez\u00a0le\u00a0deseo \u00e9xito en los\u00a0proyectos futuros\u00a0y\u00a0expres\u00f3 que el\u00a0\u00c1rea\u00a0T\u00e9cnica siempre brindar\u00e1 el apoyo\u00a0a la Facultad.<\/span><span data-ccp-props=\"{&quot;201341983&quot;:0,&quot;335559731&quot;:720,&quot;335559739&quot;:160,&quot;335559740&quot;:240}\">\u00a0<\/span><\/p>\n<p><span data-contrast=\"auto\">En\u00a0tanto,\u00a0Pedro Guti\u00e9rrez dijo que\u00a0el puesto de secretario no es f\u00e1cil,\u00a0tiene\u00a0sus\u00a0retos y\u00a0tambi\u00e9n da satisfacci\u00f3n;\u00a0\u201clas autoridades\u00a0salientes\u00a0lo hicieron con gran dignidad\u00a0mostrando una gran responsabilidad y poniendo en alto a los programas educativos de la regi\u00f3n Coatzacoalcos-Minatitl\u00e1n\u201d.<\/span><span data-ccp-props=\"{&quot;201341983&quot;:0,&quot;335559731&quot;:720,&quot;335559739&quot;:160,&quot;335559740&quot;:240}\">\u00a0<\/span><\/p>\n<p><span data-contrast=\"auto\">Ambas secretarias recibieron el nombramiento con fundamento\u00a0a lo dispuesto en el\u00a0Art\u00edculo\u00a038,\u00a0Fracci\u00f3n\u00a0IX,\u00a0de la\u00a0Ley\u00a0Org\u00e1nica de la\u00a0UV, y tomando en consideraci\u00f3n las cualidades que en ellas concurren.\u00a0Ambas\u00a0se comprometieron a cumplir y hacer cumplir\u00a0las distintas constituciones y leyes que rigen a la Universidad Veracruzana.<\/span><span data-ccp-props=\"{&quot;201341983&quot;:0,&quot;335559731&quot;:720,&quot;335559739&quot;:160,&quot;335559740&quot;:240}\">\u00a0<\/span><\/p>\n<p><span data-contrast=\"auto\">Gabriela Hern\u00e1ndez\u00a0agradeci\u00f3 la oportunidad de servir y\u00a0se comprometi\u00f3 con la Facultad\u00a0de\u00a0Ingenier\u00eda en la\u00a0b\u00fasqueda\u00a0de la mejora continua; mientras que\u00a0Luc\u00eda del Carmen Matus\u00a0agradeci\u00f3 la oportunidad y se\u00a0comprometi\u00f3 a trabajar por la Universidad,\u00a0la\u00a0Facultad\u00a0de\u00a0Odontolog\u00eda\u00a0y los estudiantes.<\/span><\/p>\n<div id=\"attachment_98341\" style=\"width: 732px\" class=\"wp-caption aligncenter\"><a href=\"https:\/\/www.uv.mx\/prensa\/files\/2021\/06\/02062021-CECILIA-Protesta03-100k.jpg\"><img loading=\"lazy\" decoding=\"async\" aria-describedby=\"caption-attachment-98341\" class=\"size-full wp-image-98341\" src=\"https:\/\/www.uv.mx\/prensa\/files\/2021\/06\/02062021-CECILIA-Protesta03-100k.jpg\" alt=\"El vicerrector Carlos Lamothe Zavaleta, acompa\u00f1ado de directores y secretarias de las facultades de Ingenier\u00eda y Odontolog\u00eda \" width=\"722\" height=\"406\" srcset=\"https:\/\/www.uv.mx\/prensa\/files\/2021\/06\/02062021-CECILIA-Protesta03-100k.jpg 722w, https:\/\/www.uv.mx\/prensa\/files\/2021\/06\/02062021-CECILIA-Protesta03-100k-300x169.jpg 300w\" sizes=\"auto, (max-width: 722px) 100vw, 722px\" \/><\/a><p id=\"caption-attachment-98341\" class=\"wp-caption-text\">El vicerrector Carlos Lamothe Zavaleta, acompa\u00f1ado de directores y secretarias de las facultades de Ingenier\u00eda y Odontolog\u00eda<\/p><\/div>\n","protected":false},"excerpt":{"rendered":"<p>Se trata de Gabriela Hern\u00e1ndez y Luc\u00eda del Carmen Matus, respectivamente <\/p>\n","protected":false},"author":1775,"featured_media":98341,"comment_status":"closed","ping_status":"closed","sticky":false,"template":"","format":"standard","meta":{"footnotes":""},"categories":[52,32],"tags":[3092,125,3093,619,2798,3094],"class_list":["post-98338","post","type-post","status-publish","format-standard","has-post-thumbnail","hentry","category-coatzacoalcos","category-regiones","tag-gabriela-hernandez-gomez","tag-ingenieria","tag-lucia-del-carmen-matus-sanchez","tag-odontologia","tag-region-coatzacoalcos-minatitlan","tag-secretarias"],"_links":{"self":[{"href":"https:\/\/www.uv.mx\/prensa\/wp-json\/wp\/v2\/posts\/98338","targetHints":{"allow":["GET"]}}],"collection":[{"href":"https:\/\/www.uv.mx\/prensa\/wp-json\/wp\/v2\/posts"}],"about":[{"href":"https:\/\/www.uv.mx\/prensa\/wp-json\/wp\/v2\/types\/post"}],"author":[{"embeddable":true,"href":"https:\/\/www.uv.mx\/prensa\/wp-json\/wp\/v2\/users\/1775"}],"replies":[{"embeddable":true,"href":"https:\/\/www.uv.mx\/prensa\/wp-json\/wp\/v2\/comments?post=98338"}],"version-history":[{"count":1,"href":"https:\/\/www.uv.mx\/prensa\/wp-json\/wp\/v2\/posts\/98338\/revisions"}],"predecessor-version":[{"id":98397,"href":"https:\/\/www.uv.mx\/prensa\/wp-json\/wp\/v2\/posts\/98338\/revisions\/98397"}],"wp:featuredmedia":[{"embeddable":true,"href":"https:\/\/www.uv.mx\/prensa\/wp-json\/wp\/v2\/media\/98341"}],"wp:attachment":[{"href":"https:\/\/www.uv.mx\/prensa\/wp-json\/wp\/v2\/media?parent=98338"}],"wp:term":[{"taxonomy":"category","embeddable":true,"href":"https:\/\/www.uv.mx\/prensa\/wp-json\/wp\/v2\/categories?post=98338"},{"taxonomy":"post_tag","embeddable":true,"href":"https:\/\/www.uv.mx\/prensa\/wp-json\/wp\/v2\/tags?post=98338"}],"curies":[{"name":"wp","href":"https:\/\/api.w.org\/{rel}","templated":true}]}}