{"id":9829,"date":"2016-04-22T20:04:32","date_gmt":"2016-04-23T01:04:32","guid":{"rendered":"https:\/\/www.uv.mx\/prensa\/?p=9829"},"modified":"2017-10-30T10:23:21","modified_gmt":"2017-10-30T16:23:21","slug":"con-imposicion-de-medalla-al-merito-uv-a-jean-meyer-inicio-la-filu-2016","status":"publish","type":"post","link":"https:\/\/www.uv.mx\/prensa\/general\/con-imposicion-de-medalla-al-merito-uv-a-jean-meyer-inicio-la-filu-2016\/","title":{"rendered":"Con imposici\u00f3n de Medalla al M\u00e9rito UV a Jean Meyer inici\u00f3 la FILU 2016"},"content":{"rendered":"<p>&nbsp;<\/p>\n<ul>\n<li><em>Sara Ladr\u00f3n de Guevara destac\u00f3 que esta edici\u00f3n se dedica a Francia por la hermandad que une a este pa\u00eds con M\u00e9xico<\/em><\/li>\n<li><em>Meyer Barth mostr\u00f3 su apoyo a la Universidad Veracruzana al expresar: \u201cEsperamos que el gobierno estatal le d\u00e9 lo que se merece y lo que le toca\u201d<\/em><\/li>\n<\/ul>\n<p>&nbsp;<\/p>\n<p><strong><em>Paola Cort\u00e9s, Claudia Peralta y David Sandoval<\/em><\/strong><\/p>\n<p>Con la entrega de la Medalla al M\u00e9rito Universidad Veracruzana (UV) al ge\u00f3grafo e historiador Jean Meyer Barth; del Premio Latinoamericano de Primera Novela \u201cSergio Galindo\u201d a Alejandro Arteaga y Alfonso Nava; y el Premio FILU Arquitectura 2016 a \u00c1ngel Hern\u00e1ndez y Adolfo Murillo Ch\u00e1vez; fue inaugurada la vig\u00e9sima tercera edici\u00f3n de la Feria Internacional del Libro Universitario (FILU), la tarde de este viernes 22 de abril, en el Complejo Deportivo Omega, en Xalapa.<\/p>\n<div id=\"attachment_9831\" style=\"width: 310px\" class=\"wp-caption aligncenter\"><a href=\"https:\/\/www.uv.mx\/prensa\/files\/2016\/04\/Inauguracion-FILU-1.jpg\"><img loading=\"lazy\" decoding=\"async\" aria-describedby=\"caption-attachment-9831\" class=\"size-medium wp-image-9831\" src=\"https:\/\/www.uv.mx\/prensa\/files\/2016\/04\/Inauguracion-FILU-1-300x200.jpg\" alt=\"Autoridades, galardonados e invitados especiales inauguraron la FILU 2016\" width=\"300\" height=\"200\" srcset=\"https:\/\/www.uv.mx\/prensa\/files\/2016\/04\/Inauguracion-FILU-1-300x200.jpg 300w, https:\/\/www.uv.mx\/prensa\/files\/2016\/04\/Inauguracion-FILU-1-1024x684.jpg 1024w, https:\/\/www.uv.mx\/prensa\/files\/2016\/04\/Inauguracion-FILU-1.jpg 1200w\" sizes=\"auto, (max-width: 300px) 100vw, 300px\" \/><\/a><p id=\"caption-attachment-9831\" class=\"wp-caption-text\">Autoridades, galardonados e invitados especiales inauguraron la FILU 2016<\/p><\/div>\n<p>&nbsp;<\/p>\n<p>Ante la presencia de Rapha\u00ebl Meltz, escritor y agregado cultural de la Embajada Francesa; X\u00f3chitl Adela Osorio Mart\u00ednez, titular de la Secretar\u00eda de Educaci\u00f3n de Veracruz (SEV), quien asisti\u00f3 como representante del Gobierno Estatal, entre otras personalidades y autoridades universitarias, la rectora Sara Ladr\u00f3n de Guevara resalt\u00f3 la hermandad que une a Francia y M\u00e9xico desde tiempos remotos.<\/p>\n<p>\u201cEntre ambos pa\u00edses ha habido una solidaria, generosa, fruct\u00edfera y ejemplar historia de amistad, que ha permitido hermanar a sus pueblos y compartir destinos, los de dos pueblos humanistas y amantes de la cultura y el arte\u201d.<\/p>\n<p>Incluso, mencion\u00f3, durante la Segunda Guerra Mundial e invasi\u00f3n nazi, la comunidad mexicana se pronunci\u00f3 por una Francia libre. En 1945, el escritor Octavio Paz ocup\u00f3 el cargo de tercer Secretario de la Embajada mexicana en el pa\u00eds galo, momento que enriqueci\u00f3 su formaci\u00f3n profesional.<\/p>\n<div id=\"attachment_9832\" style=\"width: 310px\" class=\"wp-caption aligncenter\"><a href=\"https:\/\/www.uv.mx\/prensa\/files\/2016\/04\/Inauguracion-FILU-2.jpg\"><img loading=\"lazy\" decoding=\"async\" aria-describedby=\"caption-attachment-9832\" class=\"wp-image-9832 size-medium\" src=\"https:\/\/www.uv.mx\/prensa\/files\/2016\/04\/Inauguracion-FILU-2-300x200.jpg\" alt=\"La Rectora destac\u00f3 la hermandad que une a M\u00e9xico y Francia\" width=\"300\" height=\"200\" srcset=\"https:\/\/www.uv.mx\/prensa\/files\/2016\/04\/Inauguracion-FILU-2-300x200.jpg 300w, https:\/\/www.uv.mx\/prensa\/files\/2016\/04\/Inauguracion-FILU-2-1024x684.jpg 1024w\" sizes=\"auto, (max-width: 300px) 100vw, 300px\" \/><\/a><p id=\"caption-attachment-9832\" class=\"wp-caption-text\">La Rectora destac\u00f3 la hermandad que une a M\u00e9xico y Francia<\/p><\/div>\n<p>&nbsp;<\/p>\n<p>\u201cAqu\u00ed est\u00e1n las razones que han llevado a nuestra Feria Internacional del Libro Universitario a concederle a Francia la condici\u00f3n de pa\u00eds invitado\u201d.<\/p>\n<p>Por su parte Magali Velasco Vargas, coordinadora de la FILU, se\u00f1al\u00f3 que se cre\u00f3 un espacio integral que conjunta varios mensajes y uno solo a la vez: la invitaci\u00f3n a la lectura y para este fin se cont\u00f3 con el apoyo de varios integrantes de la comunidad universitaria y sus egresados.<\/p>\n<p>De acuerdo al programa, se impuso la Medalla al M\u00e9rito Universidad Veracruzana al historiador y ge\u00f3grafo Jean Meyer Barth, quien mostr\u00f3 su apoyo a la m\u00e1xima casa de estudios del estado, a la que consider\u00f3 una de las instituciones con mayor prestigio y trayectoria del pa\u00eds: \u201cEsperamos que el gobierno estatal le d\u00e9 a la Universidad lo que se merece y lo que le toca\u201d.<\/p>\n<div id=\"attachment_9833\" style=\"width: 310px\" class=\"wp-caption aligncenter\"><a href=\"https:\/\/www.uv.mx\/prensa\/files\/2016\/04\/Inauguracion-FILU-3.jpg\"><img loading=\"lazy\" decoding=\"async\" aria-describedby=\"caption-attachment-9833\" class=\"size-medium wp-image-9833\" src=\"https:\/\/www.uv.mx\/prensa\/files\/2016\/04\/Inauguracion-FILU-3-300x200.jpg\" alt=\"Jean Meyer Barth, recibi\u00f3 la Medalla al M\u00e9rito Universidad Veracruzana\" width=\"300\" height=\"200\" srcset=\"https:\/\/www.uv.mx\/prensa\/files\/2016\/04\/Inauguracion-FILU-3-300x200.jpg 300w, https:\/\/www.uv.mx\/prensa\/files\/2016\/04\/Inauguracion-FILU-3-1024x684.jpg 1024w, https:\/\/www.uv.mx\/prensa\/files\/2016\/04\/Inauguracion-FILU-3.jpg 1200w\" sizes=\"auto, (max-width: 300px) 100vw, 300px\" \/><\/a><p id=\"caption-attachment-9833\" class=\"wp-caption-text\">Jean Meyer Barth, recibi\u00f3 la Medalla al M\u00e9rito Universidad Veracruzana<\/p><\/div>\n<p>&nbsp;<\/p>\n<p>El galardonado hizo un breve recorrido hist\u00f3rico sobre la relaci\u00f3n M\u00e9xico-Francia y record\u00f3 la importancia que jugaron el puerto de Veracruz y la ciudad de Xalapa durante la primera migraci\u00f3n francesa.<\/p>\n<p>Asimismo, el escritor Jaime Mu\u00f1oz Vargas, integrante del jurado del Premio Latinoamericano de Primera Novela \u201cSergio Galindo\u201d junto a Ave Barrera y David Miklos, explic\u00f3 que eligieron a <em>Sick &amp; McFarland. Una novela pretenciosa<\/em> porque posee \u201cuna alta calidad literaria, un agudo y sostenido manejo de la iron\u00eda y una cr\u00edtica puntual a los manejos del mundo editorial\u201d, dijo respecto de la obra escrita por Alejandro Arteaga y Alfonso Nava, quienes firmaron bajo el seud\u00f3nimo \u201cMarlowe-Kurtz\u201d.<\/p>\n<div id=\"attachment_9834\" style=\"width: 310px\" class=\"wp-caption aligncenter\"><a href=\"https:\/\/www.uv.mx\/prensa\/files\/2016\/04\/Inauguracion-FILU-4.jpg\"><img loading=\"lazy\" decoding=\"async\" aria-describedby=\"caption-attachment-9834\" class=\"size-medium wp-image-9834\" src=\"https:\/\/www.uv.mx\/prensa\/files\/2016\/04\/Inauguracion-FILU-4-300x200.jpg\" alt=\"Alejandro Arteaga y Alfonso Nava, ganadores del Premio Latinoamericano de Primera Novela Sergio Galindo\" width=\"300\" height=\"200\" srcset=\"https:\/\/www.uv.mx\/prensa\/files\/2016\/04\/Inauguracion-FILU-4-300x200.jpg 300w, https:\/\/www.uv.mx\/prensa\/files\/2016\/04\/Inauguracion-FILU-4-1024x684.jpg 1024w, https:\/\/www.uv.mx\/prensa\/files\/2016\/04\/Inauguracion-FILU-4.jpg 1200w\" sizes=\"auto, (max-width: 300px) 100vw, 300px\" \/><\/a><p id=\"caption-attachment-9834\" class=\"wp-caption-text\">Alejandro Arteaga y Alfonso Nava, ganadores del Premio Latinoamericano de Primera Novela Sergio Galindo<\/p><\/div>\n<p>&nbsp;<\/p>\n<p>Por su parte, a nombre de los autores, Arteaga explic\u00f3 el origen de la obra que cre\u00f3con Nava, a quien conoci\u00f3 hace 13 a\u00f1os en un taller impartido por la escritora Beatriz Espejo. \u201cPlane\u00e1bamos como una broma escribir una novela a cuatro manos, recuerdo dos o tres intentos fallidos\u201d, dijo.<\/p>\n<p>Para definir la ideolog\u00eda de la novela ley\u00f3 uno de sus p\u00e1rrafos: \u201cLa literatura, como un demonio que de todo se vale y todo lo mancha, se halla en los libros y en la calle, en los hombres, en su estupidez y en su genio, en lo muerto y en lo vivo, pero sobre todo, la literatura se transmina en algo inasible e ingobernable, la literatura se halla en su lengua\u201d.<\/p>\n<div id=\"attachment_9835\" style=\"width: 310px\" class=\"wp-caption aligncenter\"><a href=\"https:\/\/www.uv.mx\/prensa\/files\/2016\/04\/Inauguracion-FILU-5.jpg\"><img loading=\"lazy\" decoding=\"async\" aria-describedby=\"caption-attachment-9835\" class=\"size-medium wp-image-9835\" src=\"https:\/\/www.uv.mx\/prensa\/files\/2016\/04\/Inauguracion-FILU-5-300x200.jpg\" alt=\"\u00c1ngel Hern\u00e1ndez y Adolfo Murillo Ch\u00e1vez, ganadores del Premio FILU Arquitectura 2016\" width=\"300\" height=\"200\" srcset=\"https:\/\/www.uv.mx\/prensa\/files\/2016\/04\/Inauguracion-FILU-5-300x200.jpg 300w, https:\/\/www.uv.mx\/prensa\/files\/2016\/04\/Inauguracion-FILU-5-1024x684.jpg 1024w, https:\/\/www.uv.mx\/prensa\/files\/2016\/04\/Inauguracion-FILU-5.jpg 1200w\" sizes=\"auto, (max-width: 300px) 100vw, 300px\" \/><\/a><p id=\"caption-attachment-9835\" class=\"wp-caption-text\">\u00c1ngel Hern\u00e1ndez y Adolfo Murillo Ch\u00e1vez, ganadores del Premio FILU Arquitectura 2016<\/p><\/div>\n<p>&nbsp;<\/p>\n<p>Tambi\u00e9n se entreg\u00f3 el Premio FILU Arquitectura a \u00c1ngel Hern\u00e1ndez y Adolfo Murillo Ch\u00e1vez, estudiantes de la Facultad de Arquitectura regi\u00f3n Orizaba-C\u00f3rdoba, por sus aportaciones al mejoramiento de las condiciones f\u00edsicas de la sede del Compleo Deportivo Omega.<\/p>\n<p>Minutos despu\u00e9s la Rectora, acompa\u00f1ada de la titular de la SEV y el caricaturista Patricio, inaugur\u00f3 la exposici\u00f3n \u201cLos Moneros\u201d, integrada por 23 cartones, la cual est\u00e1 ubicada a un costado del Foro \u201cSergio Galindo\u201d.<\/p>\n<p>&nbsp;<\/p>\n<div id=\"attachment_9836\" style=\"width: 310px\" class=\"wp-caption aligncenter\"><a href=\"https:\/\/www.uv.mx\/prensa\/files\/2016\/04\/Inauguracion-FILU-6.jpg\"><img loading=\"lazy\" decoding=\"async\" aria-describedby=\"caption-attachment-9836\" class=\"size-medium wp-image-9836\" src=\"https:\/\/www.uv.mx\/prensa\/files\/2016\/04\/Inauguracion-FILU-6-300x200.jpg\" alt=\"Comunidad universitaria y p\u00fablico en general en el inicio de las actividades\" width=\"300\" height=\"200\" srcset=\"https:\/\/www.uv.mx\/prensa\/files\/2016\/04\/Inauguracion-FILU-6-300x200.jpg 300w, https:\/\/www.uv.mx\/prensa\/files\/2016\/04\/Inauguracion-FILU-6-1024x683.jpg 1024w, https:\/\/www.uv.mx\/prensa\/files\/2016\/04\/Inauguracion-FILU-6.jpg 1200w\" sizes=\"auto, (max-width: 300px) 100vw, 300px\" \/><\/a><p id=\"caption-attachment-9836\" class=\"wp-caption-text\">Comunidad universitaria y p\u00fablico en general en el inicio de las actividades<\/p><\/div>\n<p>&nbsp;<\/p>\n<p>&nbsp;<\/p>\n","protected":false},"excerpt":{"rendered":"<p><strong><em>Paola Cort\u00e9s, Claudia Peralta y David Sandoval.-<\/em><\/strong>Con la entrega de la Medalla al M\u00e9rito Universidad Veracruzana (UV) al ge\u00f3grafo e historiador Jean Meyer Barth; del Premio Latinoamericano de Primera Novela \u201cSergio Galindo\u201d a Alejandro Arteaga y Alfonso Nava; y el Premio FILU Arquitectura 2016 a \u00c1ngel Hern\u00e1ndez y Adolfo Murillo Ch\u00e1vez; fue inaugurada la vig\u00e9sima tercera edici\u00f3n de la Feria Internacional del Libro Universitario (FILU), la tarde de este viernes 22 de abril, en el Complejo Deportivo Omega, en Xalapa.<\/p>\n","protected":false},"author":1777,"featured_media":25158,"comment_status":"closed","ping_status":"closed","sticky":false,"template":"","format":"standard","meta":{"footnotes":""},"categories":[1],"tags":[2],"class_list":["post-9829","post","type-post","status-publish","format-standard","has-post-thumbnail","hentry","category-general","tag-principal"],"_links":{"self":[{"href":"https:\/\/www.uv.mx\/prensa\/wp-json\/wp\/v2\/posts\/9829","targetHints":{"allow":["GET"]}}],"collection":[{"href":"https:\/\/www.uv.mx\/prensa\/wp-json\/wp\/v2\/posts"}],"about":[{"href":"https:\/\/www.uv.mx\/prensa\/wp-json\/wp\/v2\/types\/post"}],"author":[{"embeddable":true,"href":"https:\/\/www.uv.mx\/prensa\/wp-json\/wp\/v2\/users\/1777"}],"replies":[{"embeddable":true,"href":"https:\/\/www.uv.mx\/prensa\/wp-json\/wp\/v2\/comments?post=9829"}],"version-history":[{"count":0,"href":"https:\/\/www.uv.mx\/prensa\/wp-json\/wp\/v2\/posts\/9829\/revisions"}],"wp:featuredmedia":[{"embeddable":true,"href":"https:\/\/www.uv.mx\/prensa\/wp-json\/wp\/v2\/media\/25158"}],"wp:attachment":[{"href":"https:\/\/www.uv.mx\/prensa\/wp-json\/wp\/v2\/media?parent=9829"}],"wp:term":[{"taxonomy":"category","embeddable":true,"href":"https:\/\/www.uv.mx\/prensa\/wp-json\/wp\/v2\/categories?post=9829"},{"taxonomy":"post_tag","embeddable":true,"href":"https:\/\/www.uv.mx\/prensa\/wp-json\/wp\/v2\/tags?post=9829"}],"curies":[{"name":"wp","href":"https:\/\/api.w.org\/{rel}","templated":true}]}}