{"id":98246,"date":"2021-06-01T18:59:05","date_gmt":"2021-06-01T23:59:05","guid":{"rendered":"https:\/\/www.uv.mx\/prensa\/?p=98246"},"modified":"2021-06-02T16:27:46","modified_gmt":"2021-06-02T21:27:46","slug":"uv-realizara-1er-encuentro-nacional-de-ensambles-de-guitarras-online","status":"publish","type":"post","link":"https:\/\/www.uv.mx\/prensa\/cultura\/uv-realizara-1er-encuentro-nacional-de-ensambles-de-guitarras-online\/","title":{"rendered":"UV realizar\u00e1 1er Encuentro Nacional de Ensambles de Guitarras <em>Online<\/em>"},"content":{"rendered":"<ul>\n<li data-leveltext=\"\uf0b7\" data-font=\"Symbol\" data-listid=\"5\" data-aria-posinset=\"1\" data-aria-level=\"1\"><i><span data-contrast=\"auto\">Cinco\u00a0agrupaciones art\u00edsticas de Veracruz, Nuevo Le\u00f3n y Zacatecas se presentar\u00e1n los mi\u00e9rcoles de junio a las 20:00 horas a trav\u00e9s de\u00a0<\/span><\/i><span data-contrast=\"auto\">Facebook<\/span><span data-ccp-props=\"{}\">\u00a0<\/span><\/li>\n<\/ul>\n<p><span data-ccp-props=\"{}\">\u00a0<\/span><\/p>\n<div id=\"attachment_98247\" style=\"width: 347px\" class=\"wp-caption aligncenter\"><a href=\"https:\/\/www.uv.mx\/prensa\/files\/2021\/06\/010621-Encuentro-ensamble-de-guitarras-1-100k.jpg\"><img loading=\"lazy\" decoding=\"async\" aria-describedby=\"caption-attachment-98247\" class=\"size-full wp-image-98247\" src=\"https:\/\/www.uv.mx\/prensa\/files\/2021\/06\/010621-Encuentro-ensamble-de-guitarras-1-100k.jpg\" alt=\"En el evento participar\u00e1n grupos art\u00edsticos de Veracruz, Nuevo Le\u00f3n y Zacatecas \" width=\"337\" height=\"480\" srcset=\"https:\/\/www.uv.mx\/prensa\/files\/2021\/06\/010621-Encuentro-ensamble-de-guitarras-1-100k.jpg 337w, https:\/\/www.uv.mx\/prensa\/files\/2021\/06\/010621-Encuentro-ensamble-de-guitarras-1-100k-211x300.jpg 211w\" sizes=\"auto, (max-width: 337px) 100vw, 337px\" \/><\/a><p id=\"caption-attachment-98247\" class=\"wp-caption-text\">En el evento participar\u00e1n grupos art\u00edsticos de Veracruz, Nuevo Le\u00f3n y Zacatecas<\/p><\/div>\n<p>&nbsp;<\/p>\n<p><b><i><span data-contrast=\"auto\">Carlos Hugo Hermida Rosales<\/span><\/i><\/b><span data-ccp-props=\"{}\">\u00a0<\/span><\/p>\n<p><b><i><span data-contrast=\"auto\">01\/06\/2021,\u00a0Xalapa,\u00a0Ver.-\u00a0<\/span><\/i><\/b><span data-contrast=\"auto\">La Universidad Veracruzana (UV),\u00a0por medio\u00a0de la <a href=\"https:\/\/www.uv.mx\/difusioncultural\/\" target=\"_blank\" rel=\"noopener\">Direcci\u00f3n General de Difusi\u00f3n Cultural<\/a> (DGDC), realizar\u00e1\u00a0los mi\u00e9rcoles de junio el\u00a01er Encuentro\u00a0Nacional\u00a0de Ensambles de Guitarras\u00a0<\/span><i><span data-contrast=\"auto\">Online<\/span><\/i><span data-contrast=\"auto\">,\u00a0en\u00a0el\u00a0que cinco agrupaciones art\u00edsticas de Veracruz, Nuevo Le\u00f3n y Zacatecas\u00a0se presentar\u00e1n a las 20:00 horas a trav\u00e9s de\u00a0<\/span><i><span data-contrast=\"auto\">Facebook<\/span><\/i><span data-contrast=\"auto\">.\u00a0<\/span><span data-ccp-props=\"{}\">\u00a0<\/span><\/p>\n<p><span data-contrast=\"auto\">El 2 de junio se presentar\u00e1\u00a0el Ensamble de Guitarras de la Universidad Aut\u00f3noma de Nuevo Le\u00f3n,\u202fel\u00a09 el Cuarteto de la MAZA\u00a0de la Facultad\u00a0de M\u00fasica, el 16 el Ensamble Cl\u00e1sico de Guitarras de la UV, el 23 el Ensamble KAO de la Secretar\u00eda de Educaci\u00f3n de Veracruz, y el 30 el Ensamble KANARI de la Universidad Aut\u00f3noma de Zacatecas.<\/span><span data-ccp-props=\"{&quot;335559731&quot;:708}\">\u00a0<\/span><\/p>\n<p><span data-contrast=\"auto\">Roberto Aguirre\u00a0Guioch\u00edn, director del\u00a0Ensamble Cl\u00e1sico de Guitarras\u00a0de la UV\u00a0y organizador del evento, mencion\u00f3 que los grupos art\u00edsticos que participar\u00e1n en este encuentro\u00a0interpretar\u00e1n su repertorio particular con las caracter\u00edsticas que los identifican a cada uno.\u00a0<\/span><\/p>\n<div id=\"attachment_98248\" style=\"width: 732px\" class=\"wp-caption aligncenter\"><a href=\"https:\/\/www.uv.mx\/prensa\/files\/2021\/06\/010621-Encuentro-ensamble-de-guitarras-2-100k.jpg\"><img loading=\"lazy\" decoding=\"async\" aria-describedby=\"caption-attachment-98248\" class=\"size-full wp-image-98248\" src=\"https:\/\/www.uv.mx\/prensa\/files\/2021\/06\/010621-Encuentro-ensamble-de-guitarras-2-100k.jpg\" alt=\"Roberto Aguirre Guioch\u00edn \" width=\"722\" height=\"481\" srcset=\"https:\/\/www.uv.mx\/prensa\/files\/2021\/06\/010621-Encuentro-ensamble-de-guitarras-2-100k.jpg 722w, https:\/\/www.uv.mx\/prensa\/files\/2021\/06\/010621-Encuentro-ensamble-de-guitarras-2-100k-300x200.jpg 300w\" sizes=\"auto, (max-width: 722px) 100vw, 722px\" \/><\/a><p id=\"caption-attachment-98248\" class=\"wp-caption-text\">Roberto Aguirre Guioch\u00edn<\/p><\/div>\n<p><span data-contrast=\"auto\">Afirm\u00f3 que todos cuentan con una gran calidad y que se encuentran muy entusiasmados por participar debido a la camarader\u00eda y aprecio que existe entre las agrupaciones, y al prestigio que la UV tiene a nivel nacional.<\/span><span data-ccp-props=\"{&quot;335559731&quot;:708}\">\u00a0<\/span><\/p>\n<p><span data-contrast=\"auto\">El m\u00fasico coment\u00f3\u00a0que\u00a0aunque ya se ten\u00edan planes de organizar un evento similar en forma presencial, \u00e9stos se complicaron debido a la pandemia de Covid-19, pero asegur\u00f3 que\u00a0este encuentro virtual sentar\u00e1 precedentes para realizarlo\u00a0f\u00edsicamente\u00a0en el futuro.\u00a0<\/span><span data-ccp-props=\"{&quot;335559731&quot;:708}\">\u00a0<\/span><\/p>\n<p><span data-contrast=\"auto\">Las presentaciones del 1er Encuentro\u00a0Nacional\u00a0de Ensambles de Guitarras\u00a0<\/span><i><span data-contrast=\"auto\">Online<\/span><\/i><span data-contrast=\"auto\">\u00a0se transmitir\u00e1n los mi\u00e9rcoles de junio a las 20:00 horas, a trav\u00e9s de las p\u00e1ginas de\u00a0<\/span><i><span data-contrast=\"auto\">Facebook<\/span><\/i><span data-contrast=\"auto\">\u00a0de la\u00a0<\/span><a href=\"https:\/\/www.facebook.com\/DifusionCulturalUV\"><span data-contrast=\"none\">DGDC<\/span><\/a><span data-contrast=\"auto\">\u00a0y del\u00a0<\/span><a href=\"https:\/\/www.facebook.com\/ECGUV\"><span data-contrast=\"none\">Ensamble Cl\u00e1sico de Guitarras<\/span><\/a><span data-contrast=\"auto\">\u00a0de la UV.<\/span><span data-ccp-props=\"{&quot;335559731&quot;:708}\">\u00a0<\/span><\/p>\n","protected":false},"excerpt":{"rendered":"<p>Las sesiones ser\u00e1n todos los mi\u00e9rcoles de junio, a trav\u00e9s de las p\u00e1ginas de <em>Facebook<\/em> de la DGDC y del Ensamble Cl\u00e1sico de Guitarras <\/p>\n","protected":false},"author":1775,"featured_media":98251,"comment_status":"closed","ping_status":"closed","sticky":false,"template":"","format":"standard","meta":{"footnotes":""},"categories":[11,61],"tags":[3074,744,743,2652,63,3075],"class_list":["post-98246","post","type-post","status-publish","format-standard","has-post-thumbnail","hentry","category-cultura","category-banner","tag-1er-encuentro-nacional-de-ensambles-de-guitarras-online","tag-dgdc","tag-direccion-general-de-difusion-cultural","tag-nuevo-leon","tag-veracruz","tag-zacatecas"],"_links":{"self":[{"href":"https:\/\/www.uv.mx\/prensa\/wp-json\/wp\/v2\/posts\/98246","targetHints":{"allow":["GET"]}}],"collection":[{"href":"https:\/\/www.uv.mx\/prensa\/wp-json\/wp\/v2\/posts"}],"about":[{"href":"https:\/\/www.uv.mx\/prensa\/wp-json\/wp\/v2\/types\/post"}],"author":[{"embeddable":true,"href":"https:\/\/www.uv.mx\/prensa\/wp-json\/wp\/v2\/users\/1775"}],"replies":[{"embeddable":true,"href":"https:\/\/www.uv.mx\/prensa\/wp-json\/wp\/v2\/comments?post=98246"}],"version-history":[{"count":1,"href":"https:\/\/www.uv.mx\/prensa\/wp-json\/wp\/v2\/posts\/98246\/revisions"}],"predecessor-version":[{"id":98300,"href":"https:\/\/www.uv.mx\/prensa\/wp-json\/wp\/v2\/posts\/98246\/revisions\/98300"}],"wp:featuredmedia":[{"embeddable":true,"href":"https:\/\/www.uv.mx\/prensa\/wp-json\/wp\/v2\/media\/98251"}],"wp:attachment":[{"href":"https:\/\/www.uv.mx\/prensa\/wp-json\/wp\/v2\/media?parent=98246"}],"wp:term":[{"taxonomy":"category","embeddable":true,"href":"https:\/\/www.uv.mx\/prensa\/wp-json\/wp\/v2\/categories?post=98246"},{"taxonomy":"post_tag","embeddable":true,"href":"https:\/\/www.uv.mx\/prensa\/wp-json\/wp\/v2\/tags?post=98246"}],"curies":[{"name":"wp","href":"https:\/\/api.w.org\/{rel}","templated":true}]}}