{"id":98176,"date":"2021-05-31T16:04:56","date_gmt":"2021-05-31T21:04:56","guid":{"rendered":"https:\/\/www.uv.mx\/prensa\/?p=98176"},"modified":"2021-06-02T16:42:45","modified_gmt":"2021-06-02T21:42:45","slug":"examen-de-ingreso-a-la-uv-ordenado-y-transparente-ceneval","status":"publish","type":"post","link":"https:\/\/www.uv.mx\/prensa\/banner\/examen-de-ingreso-a-la-uv-ordenado-y-transparente-ceneval\/","title":{"rendered":"Examen de ingreso a la UV, ordenado y transparente: <em>Ceneval<\/em>"},"content":{"rendered":"<ul>\n<li><em>\u201cTiene un sistema muy organizado\u201d, <\/em><em>afirm\u00f3 <\/em><em>Luis Manuel Cort\u00e9s, representante del organismo evaluador en la sede de la Facultad de Contadur\u00eda<\/em><\/li>\n<\/ul>\n<p>&nbsp;<\/p>\n<div id=\"attachment_98180\" style=\"width: 732px\" class=\"wp-caption aligncenter\"><a href=\"https:\/\/www.uv.mx\/prensa\/files\/2021\/05\/310521-Examen-UV-Ceneval.jpg\"><img loading=\"lazy\" decoding=\"async\" aria-describedby=\"caption-attachment-98180\" class=\"size-full wp-image-98180\" src=\"https:\/\/www.uv.mx\/prensa\/files\/2021\/05\/310521-Examen-UV-Ceneval.jpg\" alt=\"\" width=\"722\" height=\"482\" srcset=\"https:\/\/www.uv.mx\/prensa\/files\/2021\/05\/310521-Examen-UV-Ceneval.jpg 722w, https:\/\/www.uv.mx\/prensa\/files\/2021\/05\/310521-Examen-UV-Ceneval-300x200.jpg 300w\" sizes=\"auto, (max-width: 722px) 100vw, 722px\" \/><\/a><p id=\"caption-attachment-98180\" class=\"wp-caption-text\">El proceso fue transparente y equitativo, lo que garantiza que no haya ning\u00fan tipo de discriminaci\u00f3n ni favoritismo: Luis Manuel Cort\u00e9s, representante del <em>Ceneval<\/em><\/p><\/div>\n<p>&nbsp;<\/p>\n<p><strong><em>Karina de la Paz Reyes D\u00edaz<\/em><\/strong><\/p>\n<p><strong><em>31\/05\/2021, Xalapa, Ver.-<\/em><\/strong> Personal del Centro Nacional de Evaluaci\u00f3n para la Educaci\u00f3n Superior (<em>Ceneval<\/em>) reconoci\u00f3 la organizaci\u00f3n, orden, cuidado y transparencia con que la <a href=\"https:\/\/www.uv.mx\/\" target=\"_blank\" rel=\"noopener\">Universidad Veracruzana<\/a> (UV) aplic\u00f3 el examen de ingreso 2021.<\/p>\n<p>Luis Manuel Cort\u00e9s, representante del <em>Ceneval<\/em> y coordinador del proceso en la sede de la Facultad de Contadur\u00eda, destac\u00f3 la labor de esta casa de estudios: \u201cLa UV tiene un control muy estricto de todos los aspectos\u201d, dijo durante la tercera jornada presencial de aplicaci\u00f3n del examen, efectuada el 29 de mayo.<\/p>\n<p>Cort\u00e9s agreg\u00f3 que la m\u00e1xima casa de estudios de la entidad \u201ctiene un sistema muy organizado en cuanto al registro de los sustentantes, el ingreso, la hora de aplicaci\u00f3n y entrega de los materiales. A grandes rasgos, el proceso es muy transparente, muy cuidado y controlado\u201d.<\/p>\n<p>Finalmente, se\u00f1al\u00f3 que la aplicaci\u00f3n del examen fue totalmente transparente y equitativa, lo que garantiza que no haya ning\u00fan tipo de discriminaci\u00f3n ni favoritismo.<\/p>\n<p>&nbsp;<\/p>\n","protected":false},"excerpt":{"rendered":"<p>Ello garantiza que no haya ning\u00fan tipo de discriminaci\u00f3n ni favoritismo en el proceso de admisi\u00f3n: Luis Manuel Cort\u00e9s, representante del organismo evaluador en la sede de la Facultad de Contadur\u00eda<\/p>\n","protected":false},"author":1508,"featured_media":98181,"comment_status":"closed","ping_status":"closed","sticky":false,"template":"","format":"standard","meta":{"footnotes":""},"categories":[61],"tags":[],"class_list":["post-98176","post","type-post","status-publish","format-standard","has-post-thumbnail","hentry","category-banner"],"_links":{"self":[{"href":"https:\/\/www.uv.mx\/prensa\/wp-json\/wp\/v2\/posts\/98176","targetHints":{"allow":["GET"]}}],"collection":[{"href":"https:\/\/www.uv.mx\/prensa\/wp-json\/wp\/v2\/posts"}],"about":[{"href":"https:\/\/www.uv.mx\/prensa\/wp-json\/wp\/v2\/types\/post"}],"author":[{"embeddable":true,"href":"https:\/\/www.uv.mx\/prensa\/wp-json\/wp\/v2\/users\/1508"}],"replies":[{"embeddable":true,"href":"https:\/\/www.uv.mx\/prensa\/wp-json\/wp\/v2\/comments?post=98176"}],"version-history":[{"count":1,"href":"https:\/\/www.uv.mx\/prensa\/wp-json\/wp\/v2\/posts\/98176\/revisions"}],"predecessor-version":[{"id":98308,"href":"https:\/\/www.uv.mx\/prensa\/wp-json\/wp\/v2\/posts\/98176\/revisions\/98308"}],"wp:featuredmedia":[{"embeddable":true,"href":"https:\/\/www.uv.mx\/prensa\/wp-json\/wp\/v2\/media\/98181"}],"wp:attachment":[{"href":"https:\/\/www.uv.mx\/prensa\/wp-json\/wp\/v2\/media?parent=98176"}],"wp:term":[{"taxonomy":"category","embeddable":true,"href":"https:\/\/www.uv.mx\/prensa\/wp-json\/wp\/v2\/categories?post=98176"},{"taxonomy":"post_tag","embeddable":true,"href":"https:\/\/www.uv.mx\/prensa\/wp-json\/wp\/v2\/tags?post=98176"}],"curies":[{"name":"wp","href":"https:\/\/api.w.org\/{rel}","templated":true}]}}