{"id":98140,"date":"2021-05-30T08:15:08","date_gmt":"2021-05-30T13:15:08","guid":{"rendered":"https:\/\/www.uv.mx\/prensa\/?p=98140"},"modified":"2021-06-02T16:52:07","modified_gmt":"2021-06-02T21:52:07","slug":"covid-19-evidencio-que-sistema-educativo-requiere-de-cambios-profundos","status":"publish","type":"post","link":"https:\/\/www.uv.mx\/prensa\/general\/covid-19-evidencio-que-sistema-educativo-requiere-de-cambios-profundos\/","title":{"rendered":"Covid-19 evidenci\u00f3 que sistema educativo requiere cambios profundos"},"content":{"rendered":"<ul>\n<li data-leveltext=\"\uf0b7\" data-font=\"Symbol\" data-listid=\"5\" data-aria-posinset=\"1\" data-aria-level=\"1\"><i><span data-contrast=\"auto\">Para llevarlos a cabo se deben desarrollar la imaginaci\u00f3n y creatividad, y reflexionar en torno al quehacer docente<\/span><\/i><span data-ccp-props=\"{}\">\u00a0<\/span><\/li>\n<li data-leveltext=\"\uf0b7\" data-font=\"Symbol\" data-listid=\"5\" data-aria-posinset=\"2\" data-aria-level=\"1\"><i><span data-contrast=\"auto\">Es fundamental generar modelos educativos que vayan acorde a cada contexto particular<\/span><\/i><span data-ccp-props=\"{}\">\u00a0<\/span><\/li>\n<\/ul>\n<p>&nbsp;<\/p>\n<div id=\"attachment_98142\" style=\"width: 1031px\" class=\"wp-caption aligncenter\"><a href=\"https:\/\/www.uv.mx\/prensa\/files\/2021\/05\/300521-fortalezas-2.jpg\"><img loading=\"lazy\" decoding=\"async\" aria-describedby=\"caption-attachment-98142\" class=\"size-full wp-image-98142\" src=\"https:\/\/www.uv.mx\/prensa\/files\/2021\/05\/300521-fortalezas-2.jpg\" alt=\"\" width=\"1021\" height=\"481\" srcset=\"https:\/\/www.uv.mx\/prensa\/files\/2021\/05\/300521-fortalezas-2.jpg 1021w, https:\/\/www.uv.mx\/prensa\/files\/2021\/05\/300521-fortalezas-2-300x141.jpg 300w, https:\/\/www.uv.mx\/prensa\/files\/2021\/05\/300521-fortalezas-2-768x362.jpg 768w\" sizes=\"auto, (max-width: 1021px) 100vw, 1021px\" \/><\/a><p id=\"caption-attachment-98142\" class=\"wp-caption-text\">Las fallas tecnol\u00f3gicas, la falta de espacios y la inadecuada gesti\u00f3n del tiempo son algunas limitantes para la educaci\u00f3n virtual<\/p><\/div>\n<p>&nbsp;<\/p>\n<p><b><i><span data-contrast=\"auto\">Carlos Hugo Hermida Rosales<\/span><\/i><\/b><span data-ccp-props=\"{}\">\u00a0<\/span><\/p>\n<p><b><i><span data-contrast=\"auto\">30\/05\/2021,\u00a0Xalapa, Ver.- <\/span><\/i><\/b><span data-contrast=\"auto\">Mercy\u202fLil\u00ed\u202fPe\u00f1a Morales, acad\u00e9mica de la Universidad Surcolombiana, declar\u00f3 que la pandemia de Covid-19 evidenci\u00f3 que el sistema educativo requiere de profundos cambios que deben realizar los catedr\u00e1ticos que est\u00e1n inmersos en \u00e9l, para lo que requieren de un replanteamiento interno.\u00a0<\/span><span data-ccp-props=\"{}\">\u00a0<\/span><\/p>\n<p><span data-contrast=\"auto\">\u201cPara llevarlos a cabo se deben desarrollar la imaginaci\u00f3n y creatividad, y reflexionar en torno al quehacer docente\u201d, enfatiz\u00f3.\u00a0<\/span><span data-ccp-props=\"{&quot;335559731&quot;:708}\">\u00a0<\/span><\/p>\n<p><span data-contrast=\"auto\">La catedr\u00e1tica imparti\u00f3 el 27 de mayo la conferencia \u201cFortalezas, limitantes y oportunidades de la\u202feducaci\u00f3n v\u00eda remota en pandemia por Covid-19\u201d, dentro de la 2\u00aa Jornada Acad\u00e9mica por la Sustentabilidad \u201cEstrategias comunitarias de retorno al trabajo presencial en pandemia por Covid-19\u201d, realizada por la <a href=\"https:\/\/www.uv.mx\/pedagogia\/\" target=\"_blank\" rel=\"noopener\">Facultad de Pedagog\u00eda<\/a> de la Universidad Veracruzana (UV).\u00a0<\/span><span data-ccp-props=\"{&quot;335559731&quot;:708}\">\u00a0<\/span><\/p>\n<p><span data-contrast=\"auto\">Mercy\u202fPe\u00f1a mencion\u00f3 que el Covid-19 oblig\u00f3 a docentes y estudiantes a enfrentarse a las pantallas y a la distancia, y les ense\u00f1\u00f3 que viven en un mundo flexible en el que lo que se planea un d\u00eda puede no servir para el siguiente.\u00a0<\/span><span data-ccp-props=\"{&quot;335559731&quot;:708}\">\u00a0<\/span><\/p>\n<p><span data-contrast=\"auto\">\u201cLa nueva normalidad del entorno educativo requiere de paciencia y trabajo, pero sobre todo de un alto grado de aceptaci\u00f3n\u201d, enunci\u00f3.\u00a0<\/span><span data-ccp-props=\"{&quot;335559731&quot;:708}\">\u00a0<\/span><\/p>\n<p><span data-contrast=\"auto\">Coment\u00f3 que la pandemia tambi\u00e9n sensibiliz\u00f3 tanto a alumnos como a maestros, al mostrarles que en muchas ocasiones requieren del acompa\u00f1amiento del pr\u00f3jimo para continuar, ante lo cual las redes de apoyo son una excelente ayuda.\u00a0<\/span><span data-ccp-props=\"{&quot;335559731&quot;:708}\">\u00a0<\/span><\/p>\n<p>&nbsp;<\/p>\n<div id=\"attachment_98141\" style=\"width: 732px\" class=\"wp-caption aligncenter\"><a href=\"https:\/\/www.uv.mx\/prensa\/files\/2021\/05\/300521-fortalezas-1.jpg\"><img loading=\"lazy\" decoding=\"async\" aria-describedby=\"caption-attachment-98141\" class=\"size-full wp-image-98141\" src=\"https:\/\/www.uv.mx\/prensa\/files\/2021\/05\/300521-fortalezas-1.jpg\" alt=\"\" width=\"722\" height=\"481\" srcset=\"https:\/\/www.uv.mx\/prensa\/files\/2021\/05\/300521-fortalezas-1.jpg 722w, https:\/\/www.uv.mx\/prensa\/files\/2021\/05\/300521-fortalezas-1-300x200.jpg 300w\" sizes=\"auto, (max-width: 722px) 100vw, 722px\" \/><\/a><p id=\"caption-attachment-98141\" class=\"wp-caption-text\">Mercy\u202fLil\u00ed\u202fPe\u00f1a Morales<\/p><\/div>\n<p>&nbsp;<\/p>\n<p><span data-contrast=\"auto\">Declar\u00f3 que esta enfermedad tambi\u00e9n puso al descubierto muchas limitaciones en la educaci\u00f3n v\u00eda remota, como la disponibilidad de recursos, la gran disparidad de que impera en Latinoam\u00e9rica, y la falta de acompa\u00f1amiento para los estudiantes.\u00a0<\/span><span data-ccp-props=\"{&quot;335559731&quot;:708}\">\u00a0<\/span><\/p>\n<p><span data-contrast=\"auto\">Explic\u00f3 que muchos alumnos no cuentan con la compa\u00f1\u00eda de sus familiares al momento de tomar sus clases, y quienes s<\/span><span data-contrast=\"auto\">\u00ed<\/span><span data-contrast=\"auto\">, en la mayor\u00eda de los casos no pueden apoyarse en ellos cuando no comprenden un tema.<\/span><span data-ccp-props=\"{&quot;335559731&quot;:708}\">\u00a0<\/span><\/p>\n<p><span data-contrast=\"auto\">A\u00f1adi\u00f3 que otras limitaciones importantes para la educaci\u00f3n virtual son las fallas tecnol\u00f3gicas, la falta de espacios adecuados, y la ausencia de una correcta gesti\u00f3n del tiempo.\u00a0<\/span><span data-ccp-props=\"{&quot;335559731&quot;:708}\">\u00a0<\/span><\/p>\n<p><span data-contrast=\"auto\">La acad\u00e9mica manifest\u00f3 que ante situaciones adversas como \u00e9sta es fundamental generar modelos educativos que vayan acorde a cada contexto particular, para lo que se requiere analizarlo previamente.\u00a0<\/span><span data-ccp-props=\"{&quot;335559731&quot;:708}\">\u00a0<\/span><\/p>\n<p><span data-contrast=\"auto\">Enfatiz\u00f3 que tambi\u00e9n es indispensable que se fomente y fortalezca entre los estudiantes el desarrollo de habilidades blandas como el trabajo en equipo, la adecuada comunicaci\u00f3n, el manejo del tiempo y el inter\u00e9s por aprender.\u00a0<\/span><span data-ccp-props=\"{&quot;335559731&quot;:708}\">\u00a0<\/span><\/p>\n<p><span data-contrast=\"auto\">Mencion\u00f3 que aunque las herramientas tecnol\u00f3gicas han sido unas excelentes aliadas para el sector educativo en el contexto actual, \u00e9stas no le solucionaron los problemas al ser humano, ya que fue \u00e9l quien los resolvi\u00f3 con su ayuda.<\/span><span data-ccp-props=\"{&quot;335559731&quot;:708}\">\u00a0<\/span><\/p>\n","protected":false},"excerpt":{"rendered":"<p>Las fallas tecnol\u00f3gicas, falta de espacios e inadecuada gesti\u00f3n del tiempo son algunas limitantes para la educaci\u00f3n virtual  <\/p>\n","protected":false},"author":1508,"featured_media":98142,"comment_status":"closed","ping_status":"closed","sticky":false,"template":"","format":"standard","meta":{"footnotes":""},"categories":[1],"tags":[],"class_list":["post-98140","post","type-post","status-publish","format-standard","has-post-thumbnail","hentry","category-general"],"_links":{"self":[{"href":"https:\/\/www.uv.mx\/prensa\/wp-json\/wp\/v2\/posts\/98140","targetHints":{"allow":["GET"]}}],"collection":[{"href":"https:\/\/www.uv.mx\/prensa\/wp-json\/wp\/v2\/posts"}],"about":[{"href":"https:\/\/www.uv.mx\/prensa\/wp-json\/wp\/v2\/types\/post"}],"author":[{"embeddable":true,"href":"https:\/\/www.uv.mx\/prensa\/wp-json\/wp\/v2\/users\/1508"}],"replies":[{"embeddable":true,"href":"https:\/\/www.uv.mx\/prensa\/wp-json\/wp\/v2\/comments?post=98140"}],"version-history":[{"count":1,"href":"https:\/\/www.uv.mx\/prensa\/wp-json\/wp\/v2\/posts\/98140\/revisions"}],"predecessor-version":[{"id":98315,"href":"https:\/\/www.uv.mx\/prensa\/wp-json\/wp\/v2\/posts\/98140\/revisions\/98315"}],"wp:featuredmedia":[{"embeddable":true,"href":"https:\/\/www.uv.mx\/prensa\/wp-json\/wp\/v2\/media\/98142"}],"wp:attachment":[{"href":"https:\/\/www.uv.mx\/prensa\/wp-json\/wp\/v2\/media?parent=98140"}],"wp:term":[{"taxonomy":"category","embeddable":true,"href":"https:\/\/www.uv.mx\/prensa\/wp-json\/wp\/v2\/categories?post=98140"},{"taxonomy":"post_tag","embeddable":true,"href":"https:\/\/www.uv.mx\/prensa\/wp-json\/wp\/v2\/tags?post=98140"}],"curies":[{"name":"wp","href":"https:\/\/api.w.org\/{rel}","templated":true}]}}