{"id":98091,"date":"2021-05-29T15:03:25","date_gmt":"2021-05-29T20:03:25","guid":{"rendered":"https:\/\/www.uv.mx\/prensa\/?p=98091"},"modified":"2021-06-02T16:54:06","modified_gmt":"2021-06-02T21:54:06","slug":"automatizacion-y-transparencia-caracterizan-al-examen-de-ingreso-a-la-uv-2021","status":"publish","type":"post","link":"https:\/\/www.uv.mx\/prensa\/banner\/automatizacion-y-transparencia-caracterizan-al-examen-de-ingreso-a-la-uv-2021\/","title":{"rendered":"Automatizaci\u00f3n y transparencia caracterizan al examen de ingreso a la UV 2021"},"content":{"rendered":"<ul>\n<li><em>Por segunda ocasi\u00f3n consecutiva<\/em><em>,<\/em><em> en el proceso de examen de ingreso se maneja un sistema de identificaci\u00f3n mediante c\u00f3digo QR<\/em><\/li>\n<li><em>Se realiz<\/em><em>\u00f3 b<\/em><em>ajo estrictas medidas sanitarias, de sustentabilidad, inclusi\u00f3n y transparencia<\/em><\/li>\n<li><em>La Veracruzana<\/em><em> es la mejor de la regi\u00f3n, destacaron aspirantes <\/em><\/li>\n<\/ul>\n<p>&nbsp;<\/p>\n<div id=\"attachment_98099\" style=\"width: 732px\" class=\"wp-caption aligncenter\"><a href=\"https:\/\/www.uv.mx\/prensa\/files\/2021\/05\/290521-Examen-1.jpg\"><img loading=\"lazy\" decoding=\"async\" aria-describedby=\"caption-attachment-98099\" class=\"size-full wp-image-98099\" src=\"https:\/\/www.uv.mx\/prensa\/files\/2021\/05\/290521-Examen-1.jpg\" alt=\"\" width=\"722\" height=\"482\" srcset=\"https:\/\/www.uv.mx\/prensa\/files\/2021\/05\/290521-Examen-1.jpg 722w, https:\/\/www.uv.mx\/prensa\/files\/2021\/05\/290521-Examen-1-300x200.jpg 300w\" sizes=\"auto, (max-width: 722px) 100vw, 722px\" \/><\/a><p id=\"caption-attachment-98099\" class=\"wp-caption-text\">Este s\u00e1bado se aplicaron nueve mil 433 ex\u00e1menes en las cinco regiones<\/p><\/div>\n<p>&nbsp;<\/p>\n<p><strong><em>Karina de la Paz Reyes D\u00edaz<\/em><\/strong><\/p>\n<p><strong><em>29\/05\/2021, Xalapa, Ver.-<\/em><\/strong> La<a href=\"https:\/\/www.uv.mx\/\" target=\"_blank\" rel=\"noopener\"> Universidad Veracruzana<\/a> (UV) desarroll\u00f3 la tercera jornada de aplicaci\u00f3n presencial del examen de ingreso, correspondiente al ciclo escolar 2021. Se trat\u00f3 de un proceso cuidado, bajo estrictas medidas sanitarias a causa de la pandemia de Covid-19; automatizado \u2013dado el eficiente uso de tecnolog\u00edas de la Informaci\u00f3n y la Comunicaci\u00f3n\u2013, as\u00ed como transparente, sustentable e incluyente.<\/p>\n<p>Este s\u00e1bado, nueve mil 433 aspirantes presentaron examen en las cinco regiones: tres mil 542 en Xalapa, dos mil 115 en Veracruz, mil 494 en Orizaba-C\u00f3rdoba, mil 91 en Poza Rica-Tuxpan y mil 191 en Coatzacoalcos-Minatitl\u00e1n.<\/p>\n<p>Cabe se\u00f1alar que del 24 al 27 de mayo se aplicaron ocho mil 465 ex\u00e1menes en l\u00ednea, tambi\u00e9n sin complicaciones. Asimismo, en las cuatro jornadas (incluida la del domingo 30) se atender\u00e1 a 23 aspirantes con discapacidad (visual, auditiva, intelectual y f\u00edsica).<\/p>\n<p>Es preciso recordar que, por segunda ocasi\u00f3n consecutiva, en el proceso de examen de ingreso se maneja un sistema de identificaci\u00f3n mediante c\u00f3digo QR, desarrollado por el \u00c1rea de Ingreso Escolar y Sistemas Inform\u00e1ticos, que en este a\u00f1o se implement\u00f3 tambi\u00e9n para el personal UV que colabora en este ejercicio, con el fin de reducir al m\u00e1ximo el uso de papel, as\u00ed como el riesgo de contagio de Covid-19.<\/p>\n<p>&nbsp;<\/p>\n<p><a href=\"https:\/\/www.uv.mx\/prensa\/files\/2021\/05\/290521-Examen-2.jpg\"><img loading=\"lazy\" decoding=\"async\" class=\"wp-image-98100 size-full aligncenter\" src=\"https:\/\/www.uv.mx\/prensa\/files\/2021\/05\/290521-Examen-2.jpg\" alt=\"\" width=\"722\" height=\"482\" srcset=\"https:\/\/www.uv.mx\/prensa\/files\/2021\/05\/290521-Examen-2.jpg 722w, https:\/\/www.uv.mx\/prensa\/files\/2021\/05\/290521-Examen-2-300x200.jpg 300w\" sizes=\"auto, (max-width: 722px) 100vw, 722px\" \/><\/a><\/p>\n<p>&nbsp;<\/p>\n<p><strong>UV es la mejor: aspirantes de la regi\u00f3n Xalapa<\/strong><\/p>\n<p>En la regi\u00f3n Xalapa, los tres mil 542 aspirantes se distribuyeron en cuatro sedes: 718 en las facultades de Econom\u00eda y Estad\u00edstica e Inform\u00e1tica; mil 117 en la Unidad Ciencias de la Salud; mil 306 en la Unidad Humanidades y 401 en la Facultad de Contadur\u00eda y Administraci\u00f3n.<\/p>\n<p>Aspirantes de esta \u00faltima sede coincidieron en que la UV es la mejor instituci\u00f3n de educaci\u00f3n superior en la regi\u00f3n, dados su calidad y su car\u00e1cter p\u00fablico y, por ende, accesible econ\u00f3micamente.<\/p>\n<p>Janet Trinidad Capistr\u00e1n, originaria de esta ciudad capital, present\u00f3 examen para la Licenciatura en Odontolog\u00eda, pues en esta regi\u00f3n \u201cla UV es la mejor\u201d; Alda\u00edr Fontes, tambi\u00e9n de Xalapa, quien busca un lugar en Medicina, destac\u00f3 que la Veracruzana est\u00e1 entre <a href=\"https:\/\/www.uv.mx\/prensa\/banner\/actualizacion-de-unirank-coloco-a-la-uv-en-el-sexto-lugar-nacional\/\" target=\"_blank\" rel=\"noopener\">las diez mejores universidades de M\u00e9xico<\/a> y eso lo motiv\u00f3 a elegirla.<\/p>\n<p>Marlen Guadalupe Hern\u00e1ndez \u00c1vila, originaria de Xalapa, intentar\u00e1 ingresar a Derecho. Hace dos a\u00f1os dej\u00f3 sus estudios de nivel superior y pretendi\u00f3 retomarlos el a\u00f1o pasado, pero la contingencia sanitaria a causa de la pandemia de Covid-19 no se lo permiti\u00f3; no obstante, este a\u00f1o lo logr\u00f3: \u201cInvestigu\u00e9 sobre varias escuelas y \u00e9sta me pareci\u00f3 muy importante, tiene acad\u00e9micos con muchos conocimientos y me result\u00f3 mejor que otras. Quiero salir adelante por m\u00ed y por mis hijos\u201d.<\/p>\n<p>&nbsp;<\/p>\n<div id='gallery-1' class='gallery galleryid-98091 gallery-columns-3 gallery-size-full'><dl class='gallery-item'>\n\t\t\t<dt class='gallery-icon landscape'>\n\t\t\t\t<a href='https:\/\/www.uv.mx\/prensa\/files\/2021\/05\/290521-Examen-3.jpg'><img loading=\"lazy\" decoding=\"async\" width=\"722\" height=\"482\" src=\"https:\/\/www.uv.mx\/prensa\/files\/2021\/05\/290521-Examen-3.jpg\" class=\"attachment-full size-full\" alt=\"\" aria-describedby=\"gallery-1-98101\" srcset=\"https:\/\/www.uv.mx\/prensa\/files\/2021\/05\/290521-Examen-3.jpg 722w, https:\/\/www.uv.mx\/prensa\/files\/2021\/05\/290521-Examen-3-300x200.jpg 300w\" sizes=\"auto, (max-width: 722px) 100vw, 722px\" \/><\/a>\n\t\t\t<\/dt>\n\t\t\t\t<dd class='wp-caption-text gallery-caption' id='gallery-1-98101'>\n\t\t\t\tJanet Trinidad Capistr\u00e1n present\u00f3 examen para la Licenciatura en Odontolog\u00eda\n\t\t\t\t<\/dd><\/dl><dl class='gallery-item'>\n\t\t\t<dt class='gallery-icon landscape'>\n\t\t\t\t<a href='https:\/\/www.uv.mx\/prensa\/files\/2021\/05\/290521-Examen-4.jpg'><img loading=\"lazy\" decoding=\"async\" width=\"722\" height=\"482\" src=\"https:\/\/www.uv.mx\/prensa\/files\/2021\/05\/290521-Examen-4.jpg\" class=\"attachment-full size-full\" alt=\"\" aria-describedby=\"gallery-1-98102\" srcset=\"https:\/\/www.uv.mx\/prensa\/files\/2021\/05\/290521-Examen-4.jpg 722w, https:\/\/www.uv.mx\/prensa\/files\/2021\/05\/290521-Examen-4-300x200.jpg 300w\" sizes=\"auto, (max-width: 722px) 100vw, 722px\" \/><\/a>\n\t\t\t<\/dt>\n\t\t\t\t<dd class='wp-caption-text gallery-caption' id='gallery-1-98102'>\n\t\t\t\tAlda\u00edr Fontes busca un lugar en Medicina\n\t\t\t\t<\/dd><\/dl><dl class='gallery-item'>\n\t\t\t<dt class='gallery-icon landscape'>\n\t\t\t\t<a href='https:\/\/www.uv.mx\/prensa\/files\/2021\/05\/290521-Examen-5.jpg'><img loading=\"lazy\" decoding=\"async\" width=\"722\" height=\"482\" src=\"https:\/\/www.uv.mx\/prensa\/files\/2021\/05\/290521-Examen-5.jpg\" class=\"attachment-full size-full\" alt=\"\" aria-describedby=\"gallery-1-98095\" srcset=\"https:\/\/www.uv.mx\/prensa\/files\/2021\/05\/290521-Examen-5.jpg 722w, https:\/\/www.uv.mx\/prensa\/files\/2021\/05\/290521-Examen-5-300x200.jpg 300w\" sizes=\"auto, (max-width: 722px) 100vw, 722px\" \/><\/a>\n\t\t\t<\/dt>\n\t\t\t\t<dd class='wp-caption-text gallery-caption' id='gallery-1-98095'>\n\t\t\t\tMarlen Guadalupe Hern\u00e1ndez desea estudiar para sacar adelante a sus hijos\n\t\t\t\t<\/dd><\/dl><br style=\"clear: both\" \/>\n\t\t<\/div>\n\n<p>&nbsp;<\/p>\n<p>Por su parte, Fernando Colorado L\u00f3pez, de 54 a\u00f1os de edad, present\u00f3 examen para Econom\u00eda. De lograr un lugar, ser\u00eda la tercera licenciatura que cursa en esta casa de estudios, pues ya lo hizo en Contadur\u00eda, del Sistema de Ense\u00f1anza Abierta, y Derecho.<\/p>\n<p>En su opini\u00f3n, \u201cla UV es la m\u00e1xima casa de estudios de Veracruz y una de las mejores del pa\u00eds, tiene buenos catedr\u00e1ticos y planteles; para m\u00ed, est\u00e1 solamente detr\u00e1s de la Universidad Nacional Aut\u00f3noma de M\u00e9xico\u201d.<\/p>\n<p>Tambi\u00e9n envi\u00f3 un mensaje a la juventud veracruzana: \u201cRealmente pueden lograr lo que se propongan y nunca es tarde para iniciar, eso lo digo pensando en mi hijos y sobrinos. \u00a1S\u00ed se puede y voy por la tercera!\u201d.<\/p>\n<p>Durante las tres horas de aplicaci\u00f3n del examen, padres y madres de familia esperaron al exterior de las sedes. Tal es el caso de \u00c9rika Fabiola Cruz Santos y Gabriel Rafael Ram\u00edrez V\u00e1zquez, de la colonia Campo de Tiro de esta ciudad, cuyo hijo mayor, Erik Javier, se postul\u00f3 para Contadur\u00eda.<\/p>\n<p>\u201cSiento mucha alegr\u00eda y emoci\u00f3n. Le comento a mi esposo que me siento como el primer d\u00eda que los llevamos al k\u00ednder y s\u00ed, en alg\u00fan momento me sali\u00f3 una l\u00e1grima de felicidad, por ver a mi hijo llegando hasta esta meta\u201d, comparti\u00f3 \u00c9rika Fabiola Cruz.<\/p>\n<p>&nbsp;<\/p>\n<div id='gallery-2' class='gallery galleryid-98091 gallery-columns-2 gallery-size-full'><dl class='gallery-item'>\n\t\t\t<dt class='gallery-icon landscape'>\n\t\t\t\t<a href='https:\/\/www.uv.mx\/prensa\/files\/2021\/05\/290521-Examen-6.jpg'><img loading=\"lazy\" decoding=\"async\" width=\"722\" height=\"482\" src=\"https:\/\/www.uv.mx\/prensa\/files\/2021\/05\/290521-Examen-6.jpg\" class=\"attachment-full size-full\" alt=\"\" aria-describedby=\"gallery-2-98096\" srcset=\"https:\/\/www.uv.mx\/prensa\/files\/2021\/05\/290521-Examen-6.jpg 722w, https:\/\/www.uv.mx\/prensa\/files\/2021\/05\/290521-Examen-6-300x200.jpg 300w\" sizes=\"auto, (max-width: 722px) 100vw, 722px\" \/><\/a>\n\t\t\t<\/dt>\n\t\t\t\t<dd class='wp-caption-text gallery-caption' id='gallery-2-98096'>\n\t\t\t\tFernando Colorado L\u00f3pez present\u00f3 examen para ingresar a Econom\u00eda\n\t\t\t\t<\/dd><\/dl><dl class='gallery-item'>\n\t\t\t<dt class='gallery-icon landscape'>\n\t\t\t\t<a href='https:\/\/www.uv.mx\/prensa\/files\/2021\/05\/290521-Examen-7.jpg'><img loading=\"lazy\" decoding=\"async\" width=\"722\" height=\"482\" src=\"https:\/\/www.uv.mx\/prensa\/files\/2021\/05\/290521-Examen-7.jpg\" class=\"attachment-full size-full\" alt=\"\" aria-describedby=\"gallery-2-98097\" srcset=\"https:\/\/www.uv.mx\/prensa\/files\/2021\/05\/290521-Examen-7.jpg 722w, https:\/\/www.uv.mx\/prensa\/files\/2021\/05\/290521-Examen-7-300x200.jpg 300w\" sizes=\"auto, (max-width: 722px) 100vw, 722px\" \/><\/a>\n\t\t\t<\/dt>\n\t\t\t\t<dd class='wp-caption-text gallery-caption' id='gallery-2-98097'>\n\t\t\t\tGabriel Rafael Ram\u00edrez y \u00c9rika Fabiola Cruz acompa\u00f1aron a su hijo Erik Javier \n\t\t\t\t<\/dd><\/dl><br style=\"clear: both\" \/>\n\t\t<\/div>\n\n","protected":false},"excerpt":{"rendered":"<p>Es un proceso cuidado, bajo estrictas medidas sanitarias, automatizado, transparente, sustentable e incluyente<\/p>\n","protected":false},"author":1508,"featured_media":98098,"comment_status":"closed","ping_status":"closed","sticky":false,"template":"","format":"standard","meta":{"footnotes":""},"categories":[61],"tags":[],"class_list":["post-98091","post","type-post","status-publish","format-standard","has-post-thumbnail","hentry","category-banner"],"_links":{"self":[{"href":"https:\/\/www.uv.mx\/prensa\/wp-json\/wp\/v2\/posts\/98091","targetHints":{"allow":["GET"]}}],"collection":[{"href":"https:\/\/www.uv.mx\/prensa\/wp-json\/wp\/v2\/posts"}],"about":[{"href":"https:\/\/www.uv.mx\/prensa\/wp-json\/wp\/v2\/types\/post"}],"author":[{"embeddable":true,"href":"https:\/\/www.uv.mx\/prensa\/wp-json\/wp\/v2\/users\/1508"}],"replies":[{"embeddable":true,"href":"https:\/\/www.uv.mx\/prensa\/wp-json\/wp\/v2\/comments?post=98091"}],"version-history":[{"count":1,"href":"https:\/\/www.uv.mx\/prensa\/wp-json\/wp\/v2\/posts\/98091\/revisions"}],"predecessor-version":[{"id":98318,"href":"https:\/\/www.uv.mx\/prensa\/wp-json\/wp\/v2\/posts\/98091\/revisions\/98318"}],"wp:featuredmedia":[{"embeddable":true,"href":"https:\/\/www.uv.mx\/prensa\/wp-json\/wp\/v2\/media\/98098"}],"wp:attachment":[{"href":"https:\/\/www.uv.mx\/prensa\/wp-json\/wp\/v2\/media?parent=98091"}],"wp:term":[{"taxonomy":"category","embeddable":true,"href":"https:\/\/www.uv.mx\/prensa\/wp-json\/wp\/v2\/categories?post=98091"},{"taxonomy":"post_tag","embeddable":true,"href":"https:\/\/www.uv.mx\/prensa\/wp-json\/wp\/v2\/tags?post=98091"}],"curies":[{"name":"wp","href":"https:\/\/api.w.org\/{rel}","templated":true}]}}