{"id":98085,"date":"2021-05-29T13:00:35","date_gmt":"2021-05-29T18:00:35","guid":{"rendered":"https:\/\/www.uv.mx\/prensa\/?p=98085"},"modified":"2021-06-02T16:55:11","modified_gmt":"2021-06-02T21:55:11","slug":"fcba-de-tuxpan-realiza-seminarios-y-ciclo-de-conferencias","status":"publish","type":"post","link":"https:\/\/www.uv.mx\/prensa\/regiones\/poza-rica\/fcba-de-tuxpan-realiza-seminarios-y-ciclo-de-conferencias\/","title":{"rendered":"FCBA de Tuxpan realiza seminarios y ciclo de conferencias"},"content":{"rendered":"<ul>\n<li data-leveltext=\"\uf0b7\" data-font=\"Symbol\" data-listid=\"1\" data-aria-posinset=\"1\" data-aria-level=\"1\"><i><span data-contrast=\"auto\">Del 28 de mayo al 3 de junio se llevan a cabo los Seminarios de Biolog\u00eda Marina 2021-1<\/span><\/i><span data-ccp-props=\"{&quot;134233279&quot;:true,&quot;201341983&quot;:0,&quot;335559739&quot;:160,&quot;335559740&quot;:240}\">\u00a0<\/span><\/li>\n<li data-leveltext=\"\uf0b7\" data-font=\"Symbol\" data-listid=\"1\" data-aria-posinset=\"2\" data-aria-level=\"1\"><i><span data-contrast=\"auto\">Del 14 al 17 de junio se realizar\u00e1 el Ciclo de Conferencias Internacionales \u201cSeguridad alimentaria y productos pecuarios\u201d<\/span><\/i><span data-ccp-props=\"{&quot;134233279&quot;:true,&quot;201341983&quot;:0,&quot;335559739&quot;:160,&quot;335559740&quot;:240}\">\u00a0<\/span><\/li>\n<\/ul>\n<p>&nbsp;<\/p>\n<div id=\"attachment_98087\" style=\"width: 370px\" class=\"wp-caption aligncenter\"><a href=\"https:\/\/www.uv.mx\/prensa\/files\/2021\/05\/280521-FCBA-1.jpg\"><img loading=\"lazy\" decoding=\"async\" aria-describedby=\"caption-attachment-98087\" class=\"size-full wp-image-98087\" src=\"https:\/\/www.uv.mx\/prensa\/files\/2021\/05\/280521-FCBA-1.jpg\" alt=\"\" width=\"360\" height=\"481\" srcset=\"https:\/\/www.uv.mx\/prensa\/files\/2021\/05\/280521-FCBA-1.jpg 360w, https:\/\/www.uv.mx\/prensa\/files\/2021\/05\/280521-FCBA-1-225x300.jpg 225w\" sizes=\"auto, (max-width: 360px) 100vw, 360px\" \/><\/a><p id=\"caption-attachment-98087\" class=\"wp-caption-text\"><span data-contrast=\"auto\">Las charlas de los Seminarios de Biolog\u00eda Marina sse transmiten en la plataforma <\/span><i><span data-contrast=\"auto\">Teams<\/span><\/i><\/p><\/div>\n<p>&nbsp;<\/p>\n<p><b><i><span data-contrast=\"auto\">Alma Celia San Mart\u00edn Cruz<\/span><\/i><\/b><span data-ccp-props=\"{&quot;201341983&quot;:0,&quot;335559739&quot;:160,&quot;335559740&quot;:240}\">\u00a0<\/span><\/p>\n<p><b><i><span data-contrast=\"auto\">29\/05\/2021, Tuxpan, Ver.- <\/span><\/i><\/b><span data-contrast=\"auto\">La <a href=\"https:\/\/www.uv.mx\/pozarica\/cba\/\" target=\"_blank\" rel=\"noopener\">Facultad de Ciencias Biol\u00f3gicas y Agropecuarias<\/a> (FCBA) de la Universidad Veracruzana (UV), a trav\u00e9s de la Licenciatura en Biolog\u00eda Marina y el <\/span><span data-contrast=\"none\">cuerpo acad\u00e9mico (CA) Interacci\u00f3n de Sistemas Productivos y Ecosistemas,<\/span><span data-contrast=\"auto\"> llevar\u00e1 a cabo los Seminarios de Biolog\u00eda Marina 2021-1 y el Ciclo de Conferencias Internacionales \u201cSeguridad alimentaria y productos pecuarios\u201d<\/span><span data-contrast=\"none\">.<\/span><span data-ccp-props=\"{&quot;134233279&quot;:true,&quot;201341983&quot;:0,&quot;335559685&quot;:720,&quot;335559739&quot;:160,&quot;335559740&quot;:240}\">\u00a0<\/span><\/p>\n<p><span data-contrast=\"auto\">Las actividades inician con los Seminarios de Biolog\u00eda Marina 2021-1 \u201cConociendo un poco m\u00e1s del ecosistema marino\u201d, del 28 de mayo al 3 de junio, organizados por el programa educativo (PE) Biolog\u00eda Marina, que se contar\u00e1 con la participaci\u00f3n de investigadores de El Colegio de la Frontera Sur Chetumal (<\/span><i><span data-contrast=\"auto\">Ecosur<\/span><\/i><span data-contrast=\"auto\">-Chetumal), la Universidad Aut\u00f3noma de Nuevo Le\u00f3n (UANL) y el Instituto de Ecolog\u00eda (<\/span><i><span data-contrast=\"auto\">Inecol<\/span><\/i><span data-contrast=\"auto\">).<\/span><span data-ccp-props=\"{&quot;134233279&quot;:true,&quot;201341983&quot;:0,&quot;335559685&quot;:720,&quot;335559731&quot;:708,&quot;335559739&quot;:160,&quot;335559740&quot;:240}\">\u00a0<\/span><\/p>\n<p><span data-contrast=\"auto\">El objetivo de estas actividades es ofrecer a los estudiantes informaci\u00f3n relativa a la ecolog\u00eda marina, ya sea art\u00edculos, investigaciones y tesis que se encuentran en las instituciones mencionadas.<\/span><span data-ccp-props=\"{&quot;134233279&quot;:true,&quot;201341983&quot;:0,&quot;335559685&quot;:720,&quot;335559731&quot;:708,&quot;335559739&quot;:160,&quot;335559740&quot;:240}\">\u00a0<\/span><\/p>\n<p><span data-contrast=\"auto\">El primer seminario se realiza el viernes 28 de mayo, a cargo de Arely Mart\u00ednez Arce, investigadora de <\/span><i><span data-contrast=\"auto\">Ecosur<\/span><\/i><span data-contrast=\"auto\">-Chetumal, con el tema \u201cEl estudio de la meiofauna desde un enfoque taxon\u00f3mico y molecular\u201d. El segundo, se realizar\u00e1 el martes 1 de junio a partir de las 8:00 horas, impartido por Erick O\u00f1ate Gonz\u00e1lez, acad\u00e9mico de la Facultad de Ciencias Biol\u00f3gicas de la UANL, quien abordar\u00e1 el tema \u201cInteracciones interespec\u00edficas: \u00bflos cuidamos a ellos o a vecindarios?\u201d.<\/span><span data-ccp-props=\"{&quot;134233279&quot;:true,&quot;201341983&quot;:0,&quot;335559685&quot;:720,&quot;335559731&quot;:708,&quot;335559739&quot;:160,&quot;335559740&quot;:240}\">\u00a0<\/span><\/p>\n<p><span data-contrast=\"auto\">El jueves 3 de junio se contar\u00e1 con la participaci\u00f3n de Ismael Guzm\u00e1n Valdivieso, de <\/span><i><span data-contrast=\"auto\">Inecol<\/span><\/i><span data-contrast=\"auto\">, quien ofrecer\u00e1 \u201cLas comunidades de peces marinos\u201d, a las 9:00 horas.<\/span><span data-ccp-props=\"{&quot;134233279&quot;:true,&quot;201341983&quot;:0,&quot;335559685&quot;:720,&quot;335559731&quot;:708,&quot;335559739&quot;:160,&quot;335559740&quot;:240}\">\u00a0<\/span><\/p>\n<p><span data-contrast=\"auto\">Las charlas son de libre acceso desde la plataforma <\/span><i><span data-contrast=\"auto\">Teams<\/span><\/i><span data-contrast=\"auto\">. Para informaci\u00f3n dirigirse al correo <\/span><a href=\"mailto:lauralvarez@uv.mx\"><span data-contrast=\"none\">lauralvarez@uv.mx<\/span><\/a><span data-contrast=\"none\">.<\/span><span data-ccp-props=\"{&quot;134233279&quot;:true,&quot;201341983&quot;:0,&quot;335559685&quot;:720,&quot;335559731&quot;:708,&quot;335559739&quot;:160,&quot;335559740&quot;:240}\">\u00a0<\/span><\/p>\n<p><span data-contrast=\"none\">Por otra parte, el Ciclo de Conferencias Internacionales \u201cSeguridad alimentaria y productos pecuarios\u201d ser\u00e1 <\/span><span data-contrast=\"none\">del 14 al 17 de junio. Participar\u00e1n acad\u00e9micos e investigadores de las universidades Benem\u00e9rita Aut\u00f3noma de Puebla, Aut\u00f3noma Metropolitana, de Costa Rica e Instituto Nacional de Tecnolog\u00eda Agropecuaria de Argentina.<\/span><span data-ccp-props=\"{&quot;134233279&quot;:true,&quot;201341983&quot;:0,&quot;335559685&quot;:720,&quot;335559731&quot;:708,&quot;335559739&quot;:160,&quot;335559740&quot;:240}\">\u00a0<\/span><\/p>\n<p><span data-contrast=\"none\">El objetivo de este importante evento es impulsar la formaci\u00f3n integral de los estudiantes de la FCBA, as\u00ed como fortalecer los lazos entre los CA y el sector productivo.<\/span><span data-ccp-props=\"{&quot;134233279&quot;:true,&quot;201341983&quot;:0,&quot;335559685&quot;:720,&quot;335559731&quot;:708,&quot;335559739&quot;:160,&quot;335559740&quot;:240}\">\u00a0<\/span><\/p>\n<p><span data-contrast=\"none\">Los temas de las conferencias son: Migraci\u00f3n contempor\u00e1nea en M\u00e9xico, algunas causas y efectos; Programas de salud del hato y control de la producci\u00f3n desde la perspectiva de una salud; Alimentos funcionales en M\u00e9xico; y Producci\u00f3n de carne y leche con productos y subproductos de agroindustria tropicales y subtropicales.<\/span><span data-ccp-props=\"{&quot;134233279&quot;:true,&quot;201341983&quot;:0,&quot;335559685&quot;:720,&quot;335559731&quot;:708,&quot;335559739&quot;:160,&quot;335559740&quot;:240}\">\u00a0<\/span><\/p>\n<p><span data-contrast=\"none\">Para mayores informes se sugiere escribir al correo <\/span><a href=\"mailto:rebrojas@uv.mx\"><span data-contrast=\"none\">rebrojas@uv.mx<\/span><\/a><span data-contrast=\"none\">.<\/span><span data-ccp-props=\"{&quot;134233279&quot;:true,&quot;201341983&quot;:0,&quot;335559685&quot;:720,&quot;335559731&quot;:708,&quot;335559739&quot;:160,&quot;335559740&quot;:240}\">\u00a0<\/span><\/p>\n<p>&nbsp;<\/p>\n<div id=\"attachment_98088\" style=\"width: 350px\" class=\"wp-caption aligncenter\"><a href=\"https:\/\/www.uv.mx\/prensa\/files\/2021\/05\/280521-FCBA-2.jpg\"><img loading=\"lazy\" decoding=\"async\" aria-describedby=\"caption-attachment-98088\" class=\"size-full wp-image-98088\" src=\"https:\/\/www.uv.mx\/prensa\/files\/2021\/05\/280521-FCBA-2.jpg\" alt=\"\" width=\"340\" height=\"481\" srcset=\"https:\/\/www.uv.mx\/prensa\/files\/2021\/05\/280521-FCBA-2.jpg 340w, https:\/\/www.uv.mx\/prensa\/files\/2021\/05\/280521-FCBA-2-212x300.jpg 212w\" sizes=\"auto, (max-width: 340px) 100vw, 340px\" \/><\/a><p id=\"caption-attachment-98088\" class=\"wp-caption-text\"><span data-contrast=\"none\">Uno de los objetivos del Ciclo \u201cSeguridad alimentaria y productos pecuarios\u201d es <\/span><span data-contrast=\"none\">fortalecer lazos entre los CA y el sector productivo<\/span><\/p><\/div>\n","protected":false},"excerpt":{"rendered":"<p>Las charlas son de libre acceso desde la plataforma <em>Teams<\/em>. Para mayores informes se sugiere escribir al correo rebrojas@uv.mx<\/p>\n","protected":false},"author":1508,"featured_media":0,"comment_status":"closed","ping_status":"closed","sticky":false,"template":"","format":"standard","meta":{"footnotes":""},"categories":[54],"tags":[],"class_list":["post-98085","post","type-post","status-publish","format-standard","hentry","category-poza-rica"],"_links":{"self":[{"href":"https:\/\/www.uv.mx\/prensa\/wp-json\/wp\/v2\/posts\/98085","targetHints":{"allow":["GET"]}}],"collection":[{"href":"https:\/\/www.uv.mx\/prensa\/wp-json\/wp\/v2\/posts"}],"about":[{"href":"https:\/\/www.uv.mx\/prensa\/wp-json\/wp\/v2\/types\/post"}],"author":[{"embeddable":true,"href":"https:\/\/www.uv.mx\/prensa\/wp-json\/wp\/v2\/users\/1508"}],"replies":[{"embeddable":true,"href":"https:\/\/www.uv.mx\/prensa\/wp-json\/wp\/v2\/comments?post=98085"}],"version-history":[{"count":1,"href":"https:\/\/www.uv.mx\/prensa\/wp-json\/wp\/v2\/posts\/98085\/revisions"}],"predecessor-version":[{"id":98319,"href":"https:\/\/www.uv.mx\/prensa\/wp-json\/wp\/v2\/posts\/98085\/revisions\/98319"}],"wp:attachment":[{"href":"https:\/\/www.uv.mx\/prensa\/wp-json\/wp\/v2\/media?parent=98085"}],"wp:term":[{"taxonomy":"category","embeddable":true,"href":"https:\/\/www.uv.mx\/prensa\/wp-json\/wp\/v2\/categories?post=98085"},{"taxonomy":"post_tag","embeddable":true,"href":"https:\/\/www.uv.mx\/prensa\/wp-json\/wp\/v2\/tags?post=98085"}],"curies":[{"name":"wp","href":"https:\/\/api.w.org\/{rel}","templated":true}]}}