{"id":98076,"date":"2021-05-29T11:44:01","date_gmt":"2021-05-29T16:44:01","guid":{"rendered":"https:\/\/www.uv.mx\/prensa\/?p=98076"},"modified":"2021-06-02T16:57:15","modified_gmt":"2021-06-02T21:57:15","slug":"halcones-uv-por-la-corona-en-la-liga-nacional-de-futbol-juvenil","status":"publish","type":"post","link":"https:\/\/www.uv.mx\/prensa\/deportes\/halcones-uv-por-la-corona-en-la-liga-nacional-de-futbol-juvenil\/","title":{"rendered":"<em>Halcones<\/em> UV, por la corona en la Liga Nacional de Futbol Juvenil"},"content":{"rendered":"<ul>\n<li data-leveltext=\"\uf0b7\" data-font=\"Symbol\" data-listid=\"1\" data-aria-posinset=\"1\" data-aria-level=\"1\"><i><span data-contrast=\"auto\">Reciben este domingo a C\u00f3rdoba F.C., en el Campus CAD, dentro de la categor\u00eda Sub-15<\/span><\/i><span data-ccp-props=\"{&quot;201341983&quot;:0,&quot;335559739&quot;:0,&quot;335559740&quot;:240}\">\u00a0<\/span><\/li>\n<\/ul>\n<p>&nbsp;<\/p>\n<div id=\"attachment_98080\" style=\"width: 881px\" class=\"wp-caption aligncenter\"><a href=\"https:\/\/www.uv.mx\/prensa\/files\/2021\/05\/290521-Halcones.jpg\"><img loading=\"lazy\" decoding=\"async\" aria-describedby=\"caption-attachment-98080\" class=\"size-full wp-image-98080\" src=\"https:\/\/www.uv.mx\/prensa\/files\/2021\/05\/290521-Halcones.jpg\" alt=\"\" width=\"871\" height=\"481\" srcset=\"https:\/\/www.uv.mx\/prensa\/files\/2021\/05\/290521-Halcones.jpg 871w, https:\/\/www.uv.mx\/prensa\/files\/2021\/05\/290521-Halcones-300x166.jpg 300w, https:\/\/www.uv.mx\/prensa\/files\/2021\/05\/290521-Halcones-768x424.jpg 768w\" sizes=\"auto, (max-width: 871px) 100vw, 871px\" \/><\/a><p id=\"caption-attachment-98080\" class=\"wp-caption-text\">Equipo de <i><span data-contrast=\"auto\">Halcones<\/span><\/i><span data-contrast=\"auto\"> UV, categor\u00eda Sub-15<\/span><\/p><\/div>\n<p>&nbsp;<\/p>\n<p><b><i><span data-contrast=\"auto\">Santiago Morales Ortiz<\/span><\/i><\/b><span data-ccp-props=\"{&quot;201341983&quot;:0,&quot;335559739&quot;:0,&quot;335559740&quot;:240}\">\u00a0<\/span><\/p>\n<p><b><i><span data-contrast=\"auto\">29\/05\/2021, <\/span><\/i><\/b><b><i><span data-contrast=\"auto\">Xalapa, Ver.-\u00a0<\/span><\/i><\/b><span data-contrast=\"auto\"> El Centro de Formaci\u00f3n (<\/span><i><span data-contrast=\"auto\">Cefor<\/span><\/i><span data-contrast=\"auto\">) de Futbol <\/span><i><span data-contrast=\"auto\">Halcones<\/span><\/i><span data-contrast=\"auto\"> de la <a href=\"https:\/\/www.uv.mx\/\" target=\"_blank\" rel=\"noopener\">Universidad Veracruzana<\/a> (UV) buscar\u00e1 el t\u00edtulo de la Liga Nacional de Futbol, Zona 5, cuando reciba al C\u00f3rdoba F.C., dentro de la categor\u00eda Sub-15, el pr\u00f3ximo domingo 30 de mayo.<\/span><span data-ccp-props=\"{&quot;201341983&quot;:0,&quot;335559739&quot;:0,&quot;335559740&quot;:240}\">\u00a0<\/span><\/p>\n<p><span data-contrast=\"auto\">Los pupilos del entrenador Alejandro Sosa empataron 1-1 ante los cordobeses en el juego de ida, disputado el pasado fin de semana en calidad de visitantes, por lo que todo est\u00e1 listo para que este domingo en punto de las 12:00 horas enfrenten el juego de vuelta en casa, en la Unidad Deportiva de la UV (Campus CAD), con todas las posibilidades de coronarse.<\/span><span data-ccp-props=\"{&quot;201341983&quot;:0,&quot;335559731&quot;:708,&quot;335559739&quot;:0,&quot;335559740&quot;:240}\">\u00a0<\/span><\/p>\n<p><span data-contrast=\"auto\">Se trata de la final de la temporada 2020, que con motivo de la pandemia estaba pendiente, pero ahora todo est\u00e1 listo para cumplir con el objetivo.<\/span><span data-ccp-props=\"{&quot;201341983&quot;:0,&quot;335559731&quot;:708,&quot;335559739&quot;:0,&quot;335559740&quot;:240}\">\u00a0<\/span><\/p>\n<p><span data-contrast=\"auto\">Se espera un encuentro atractivo y de buen nivel, pues estar\u00e1n en la cancha las futuras estrellas del futbol mexicano.<\/span><span data-ccp-props=\"{&quot;201341983&quot;:0,&quot;335559739&quot;:0,&quot;335559740&quot;:240}\">\u00a0<\/span><\/p>\n<p><span data-contrast=\"auto\">Se pide a todos los jugadores y asistentes guardar los protocolos sanitarios: uso de cubrebocas, toma de temperatura, gel antibacterial y la sana distancia para seguridad de todos.<\/span><span data-ccp-props=\"{&quot;201341983&quot;:0,&quot;335559731&quot;:708,&quot;335559739&quot;:0,&quot;335559740&quot;:240}\">\u00a0<\/span><\/p>\n<p><span data-contrast=\"auto\">Al final del encuentro se llevar\u00e1 a cabo la premiaci\u00f3n correspondiente para el campe\u00f3n y subcampe\u00f3n, as\u00ed como a los mejores jugadores, por parte de autoridades de la Liga Nacional de Futbol Juvenil.<\/span><span data-ccp-props=\"{&quot;201341983&quot;:0,&quot;335559731&quot;:708,&quot;335559739&quot;:0,&quot;335559740&quot;:240}\">\u00a0<\/span><\/p>\n","protected":false},"excerpt":{"rendered":"<p>En la final de la categor\u00eda Sub-15, se medir\u00e1n a C\u00f3rdoba F.C., el domingo 30 de mayo n el Campus CAD<\/p>\n","protected":false},"author":1508,"featured_media":98080,"comment_status":"closed","ping_status":"closed","sticky":false,"template":"","format":"standard","meta":{"footnotes":""},"categories":[12],"tags":[],"class_list":["post-98076","post","type-post","status-publish","format-standard","has-post-thumbnail","hentry","category-deportes"],"_links":{"self":[{"href":"https:\/\/www.uv.mx\/prensa\/wp-json\/wp\/v2\/posts\/98076","targetHints":{"allow":["GET"]}}],"collection":[{"href":"https:\/\/www.uv.mx\/prensa\/wp-json\/wp\/v2\/posts"}],"about":[{"href":"https:\/\/www.uv.mx\/prensa\/wp-json\/wp\/v2\/types\/post"}],"author":[{"embeddable":true,"href":"https:\/\/www.uv.mx\/prensa\/wp-json\/wp\/v2\/users\/1508"}],"replies":[{"embeddable":true,"href":"https:\/\/www.uv.mx\/prensa\/wp-json\/wp\/v2\/comments?post=98076"}],"version-history":[{"count":1,"href":"https:\/\/www.uv.mx\/prensa\/wp-json\/wp\/v2\/posts\/98076\/revisions"}],"predecessor-version":[{"id":98320,"href":"https:\/\/www.uv.mx\/prensa\/wp-json\/wp\/v2\/posts\/98076\/revisions\/98320"}],"wp:featuredmedia":[{"embeddable":true,"href":"https:\/\/www.uv.mx\/prensa\/wp-json\/wp\/v2\/media\/98080"}],"wp:attachment":[{"href":"https:\/\/www.uv.mx\/prensa\/wp-json\/wp\/v2\/media?parent=98076"}],"wp:term":[{"taxonomy":"category","embeddable":true,"href":"https:\/\/www.uv.mx\/prensa\/wp-json\/wp\/v2\/categories?post=98076"},{"taxonomy":"post_tag","embeddable":true,"href":"https:\/\/www.uv.mx\/prensa\/wp-json\/wp\/v2\/tags?post=98076"}],"curies":[{"name":"wp","href":"https:\/\/api.w.org\/{rel}","templated":true}]}}