{"id":97909,"date":"2021-05-26T14:51:56","date_gmt":"2021-05-26T19:51:56","guid":{"rendered":"https:\/\/www.uv.mx\/prensa\/?p=97909"},"modified":"2021-05-27T12:31:05","modified_gmt":"2021-05-27T17:31:05","slug":"260521-catedra-gandhi","status":"publish","type":"post","link":"https:\/\/www.uv.mx\/prensa\/regiones\/260521-catedra-gandhi\/","title":{"rendered":"En C\u00e1tedra\u202f\u201cMahatma Gandhi\u201d\u202frefrendan el papel de las IES para recobrar la paz"},"content":{"rendered":"<ul>\n<li data-leveltext=\"\uf0b7\" data-font=\"Symbol\" data-listid=\"5\" data-aria-posinset=\"1\" data-aria-level=\"1\"><i><span data-contrast=\"auto\">Estudiantes y catedr\u00e1ticos presentaron infograf\u00edas, ensayos y fotograf\u00edas que abordan distintas conceptualizaciones de paz<\/span><\/i><span data-ccp-props=\"{}\">\u00a0<\/span><\/li>\n<\/ul>\n<p>&nbsp;<\/p>\n<div id=\"attachment_97915\" style=\"width: 732px\" class=\"wp-caption aligncenter\"><a href=\"https:\/\/www.uv.mx\/prensa\/files\/2021\/05\/260521-CMG-1.jpg\"><img loading=\"lazy\" decoding=\"async\" aria-describedby=\"caption-attachment-97915\" class=\"size-full wp-image-97915\" src=\"https:\/\/www.uv.mx\/prensa\/files\/2021\/05\/260521-CMG-1.jpg\" alt=\"\" width=\"722\" height=\"481\" srcset=\"https:\/\/www.uv.mx\/prensa\/files\/2021\/05\/260521-CMG-1.jpg 722w, https:\/\/www.uv.mx\/prensa\/files\/2021\/05\/260521-CMG-1-300x200.jpg 300w\" sizes=\"auto, (max-width: 722px) 100vw, 722px\" \/><\/a><p id=\"caption-attachment-97915\" class=\"wp-caption-text\">Marisol Luna Leal<\/p><\/div>\n<p>&nbsp;<\/p>\n<p><b><i><span data-contrast=\"auto\">Carlos Hugo Hermida Rosales<\/span><\/i><\/b><span data-ccp-props=\"{}\">\u00a0<\/span><\/p>\n<p><span data-ccp-props=\"{}\">\u00a0<\/span><b><i><span data-contrast=\"auto\">26\/05\/2021, Orizaba, Ver. <\/span><\/i><\/b><span data-contrast=\"auto\">Integrantes de la\u202fcomunidad universitaria de las regiones Orizaba-C\u00f3rdoba y Coatzacoalcos-Minatitl\u00e1n de la Universidad Veracruzana (UV) participaron el 25 de mayo en los\u202fForos Regionales\u202f\u201cEducaci\u00f3n para la paz y la\u202fno\u202fviolencia\u201d,\u202fen modalidad virtual,\u202fde la C\u00e1tedra\u202f\u201cMahatma Gandhi\u201d\u202fde esta casa de estudios.\u202f<\/span><span data-ccp-props=\"{}\">\u00a0<\/span><\/p>\n<p><span data-contrast=\"auto\">La inauguraci\u00f3n del foro fue realizada por Jos\u00e9 Eduardo Mart\u00ednez Canales, vicerrector de la regi\u00f3n Orizaba-C\u00f3rdoba, y Marisol Luna Leal, coordinadora de la <a href=\"https:\/\/www.uv.mx\/mahatmagandhi\/\" target=\"_blank\" rel=\"noopener\">C\u00e1tedra\u202f\u201cMahatma Gandhi\u201d UV.\u00a0<\/a><\/span><span data-ccp-props=\"{&quot;335559731&quot;:708}\">\u00a0<\/span><\/p>\n<p><span data-contrast=\"auto\">Marisol Luna mencion\u00f3 que dentro de este foro docentes y estudiantes comparten con la comunidad universitaria diversas conceptualizaciones de paz y no violencia desde el aula, que es un espacio de suma importancia para la Universidad.\u00a0<\/span><span data-ccp-props=\"{&quot;335559731&quot;:708}\">\u00a0<\/span><\/p>\n<p><span data-contrast=\"auto\">Hizo hincapi\u00e9 en la importancia de la paz individual, al afirmar que a partir de ella se puede cambiar el entorno, las sociedades y el mundo.\u00a0<\/span><span data-ccp-props=\"{&quot;335559731&quot;:708}\">\u00a0<\/span><\/p>\n<p><span data-contrast=\"auto\">Mart\u00ednez Canales declar\u00f3 que la C\u00e1tedra\u202f\u201cMahatma Gandhi\u201d\u202ftiene un gran valor, ya que fomenta la cultura de paz y la no violencia, acci\u00f3n que es pertinente en cualquier momento.<\/span><span data-ccp-props=\"{&quot;335559731&quot;:708}\"><br \/>\n<\/span><\/p>\n<p>&nbsp;<\/p>\n<div id=\"attachment_97914\" style=\"width: 732px\" class=\"wp-caption aligncenter\"><a href=\"https:\/\/www.uv.mx\/prensa\/files\/2021\/05\/260521-CMG-2.jpg\"><img loading=\"lazy\" decoding=\"async\" aria-describedby=\"caption-attachment-97914\" class=\"size-full wp-image-97914\" src=\"https:\/\/www.uv.mx\/prensa\/files\/2021\/05\/260521-CMG-2.jpg\" alt=\"\" width=\"722\" height=\"482\" srcset=\"https:\/\/www.uv.mx\/prensa\/files\/2021\/05\/260521-CMG-2.jpg 722w, https:\/\/www.uv.mx\/prensa\/files\/2021\/05\/260521-CMG-2-300x200.jpg 300w\" sizes=\"auto, (max-width: 722px) 100vw, 722px\" \/><\/a><p id=\"caption-attachment-97914\" class=\"wp-caption-text\">Jos\u00e9 Eduardo Mart\u00ednez Canales<\/p><\/div>\n<p>&nbsp;<\/p>\n<p><span data-contrast=\"auto\">Enfatiz\u00f3 que hoy m\u00e1s que nunca las universidades p\u00fablicas deben refrendar el papel clave que juegan en la orientaci\u00f3n del pa\u00eds, y contribuir a la recuperaci\u00f3n y renovaci\u00f3n de valores que permitan recobrar la paz.\u00a0<\/span><span data-ccp-props=\"{&quot;335559731&quot;:708}\">\u00a0<\/span><\/p>\n<p><span data-contrast=\"auto\">Mar\u00eda Guadalupe Colorado Rend\u00f3n, Ana Karen Alfaro Sosa y Estela Quiahua Romero, estudiantes de la Licenciatura en Derecho del Sistema de Ense\u00f1anza Abierta (SEA) de la regi\u00f3n Orizaba-C\u00f3rdoba, presentaron la infograf\u00eda \u201cPaz en el ambiente escolar\u201d.<\/span><span data-ccp-props=\"{&quot;335559731&quot;:708}\">\u00a0<\/span><\/p>\n<p><span data-contrast=\"auto\">Dentro de este diagrama las j\u00f3venes enfatizaron que para que exista respeto se debe considerar que las personas son valiosas por s\u00ed mismas y merecen un trato digno.\u00a0<\/span><span data-ccp-props=\"{&quot;335559731&quot;:708}\">\u00a0<\/span><\/p>\n<p><span data-contrast=\"auto\">Manifestaron que para que la paz se d\u00e9 es indispensable rechazar la violencia en todas sus formas, ya que <\/span><span data-contrast=\"auto\">\u00e9<\/span><span data-contrast=\"auto\">sta no tan s<\/span><span data-contrast=\"auto\">\u00f3<\/span><span data-contrast=\"auto\">lo ocurre de forma verbal, f\u00edsica y psicol\u00f3gica, tambi\u00e9n sucede en los \u00e1mbitos patrimonial, econ\u00f3mico y social.\u00a0<\/span><span data-ccp-props=\"{&quot;335559731&quot;:708}\">\u00a0<\/span><\/p>\n<p>&nbsp;<\/p>\n<div id=\"attachment_97913\" style=\"width: 731px\" class=\"wp-caption aligncenter\"><a href=\"https:\/\/www.uv.mx\/prensa\/files\/2021\/05\/260521-CMG-3.jpg\"><img loading=\"lazy\" decoding=\"async\" aria-describedby=\"caption-attachment-97913\" class=\"size-full wp-image-97913\" src=\"https:\/\/www.uv.mx\/prensa\/files\/2021\/05\/260521-CMG-3.jpg\" alt=\"\" width=\"721\" height=\"481\" srcset=\"https:\/\/www.uv.mx\/prensa\/files\/2021\/05\/260521-CMG-3.jpg 721w, https:\/\/www.uv.mx\/prensa\/files\/2021\/05\/260521-CMG-3-300x200.jpg 300w\" sizes=\"auto, (max-width: 721px) 100vw, 721px\" \/><\/a><p id=\"caption-attachment-97913\" class=\"wp-caption-text\">Infograf\u00eda \u201cPaz en el ambiente escolar\u201d<\/p><\/div>\n<p>&nbsp;<\/p>\n<p><span data-contrast=\"auto\">Afirmaron que la b\u00fasqueda de la paz escolar requiere de la participaci\u00f3n de alumnos, docentes y personal administrativo, ya que <\/span><span data-contrast=\"auto\">\u00e9<\/span><span data-contrast=\"auto\">sta es muy dif\u00edcil de alcanzar si no se satisfacen las necesidades de todos.\u00a0<\/span><span data-ccp-props=\"{&quot;335559731&quot;:708}\">\u00a0<\/span><\/p>\n<p><span data-contrast=\"auto\">Mar\u00eda Antonia Rodr\u00edguez Mill\u00e1n, docente del \u00c1rea de Formaci\u00f3n B\u00e1sica General de la regi\u00f3n Coatzacoalcos-Minatitl\u00e1n, particip\u00f3 con el ensayo \u201cReflexiones acerca de la importancia de fomentar la metacomunicaci\u00f3n y la comunicaci\u00f3n no violenta en ambientes escolares universitarios\u201d.<\/span><span data-ccp-props=\"{&quot;335559731&quot;:708}\">\u00a0<\/span><\/p>\n<p><span data-contrast=\"auto\">La catedr\u00e1tica asegur\u00f3 que la expresi\u00f3n tr\u00e1gica de necesidades no satisfechas es la manifestaci\u00f3n de la impotencia y de la desesperaci\u00f3n de alguien que se encuentra tan desprotegido que piensa que sus palabras no bastan para hacerse entender, ante lo que ataca, grita o agrede.\u00a0<\/span><span data-ccp-props=\"{&quot;335559731&quot;:708}\">\u00a0<\/span><\/p>\n<p><span data-contrast=\"auto\">Explic\u00f3 que para que se desarrolle una comunicaci\u00f3n no violenta es necesario que entren en juego tanto las emociones como las necesidades y las peticiones.\u00a0<\/span><span data-ccp-props=\"{&quot;335559731&quot;:708}\">\u00a0<\/span><\/p>\n<p><span data-contrast=\"auto\">Mencion\u00f3 que si alguien reconoce su necesidad, puede identificar su emoci\u00f3n o sentimiento y comunicar su petici\u00f3n de una manera adecuada.\u00a0<\/span><span data-ccp-props=\"{&quot;335559731&quot;:708}\">\u00a0<\/span><\/p>\n<p>&nbsp;<\/p>\n<div id=\"attachment_97912\" style=\"width: 732px\" class=\"wp-caption aligncenter\"><a href=\"https:\/\/www.uv.mx\/prensa\/files\/2021\/05\/260521-CMG-4.jpg\"><img loading=\"lazy\" decoding=\"async\" aria-describedby=\"caption-attachment-97912\" class=\"size-full wp-image-97912\" src=\"https:\/\/www.uv.mx\/prensa\/files\/2021\/05\/260521-CMG-4.jpg\" alt=\"\" width=\"722\" height=\"482\" srcset=\"https:\/\/www.uv.mx\/prensa\/files\/2021\/05\/260521-CMG-4.jpg 722w, https:\/\/www.uv.mx\/prensa\/files\/2021\/05\/260521-CMG-4-300x200.jpg 300w\" sizes=\"auto, (max-width: 722px) 100vw, 722px\" \/><\/a><p id=\"caption-attachment-97912\" class=\"wp-caption-text\">Antonia Rodr\u00edguez afirm\u00f3 que las emociones, necesidades y peticiones entran en juego en la comunicaci\u00f3n no violenta<\/p><\/div>\n<p>&nbsp;<\/p>\n<p><span data-contrast=\"auto\">Ranjit Arturo Carrillo Neri, estudiante del SEA en la regi\u00f3n Orizaba-C\u00f3rdoba, colabor\u00f3 con la fotograf\u00eda \u201cEducaci\u00f3n, la mejor arma contra la violencia\u201d.<\/span><span data-ccp-props=\"{&quot;335559731&quot;:708}\">\u00a0<\/span><\/p>\n<p><span data-contrast=\"auto\">El joven declar\u00f3 que las olas de violencia que sacuden a la sociedad son un problema que se debe enfrentar cuanto antes, y asegur\u00f3 que tanto los trabajadores educativos como los padres de familia poseen una posici\u00f3n estrat\u00e9gica para hacerlo.<\/span><span data-ccp-props=\"{&quot;335559731&quot;:708}\">\u00a0<\/span><\/p>\n<p><span data-contrast=\"auto\">Enunci\u00f3 que los pap\u00e1s y maestros tienen la oportunidad de moldear a las nuevas generaciones y forjarles valores respecto a la paz y a la tolerancia.\u00a0<\/span><span data-ccp-props=\"{&quot;335559731&quot;:708}\">\u00a0<\/span><\/p>\n<p><span data-contrast=\"auto\">\u201cLa educaci\u00f3n es fundamental en una sociedad que no siempre manifiesta de una manera clara cu\u00e1les son sus valores\u201d, declar\u00f3.\u00a0<\/span><span data-ccp-props=\"{&quot;335559731&quot;:708}\">\u00a0<\/span><\/p>\n<p>&nbsp;<\/p>\n<div id=\"attachment_97911\" style=\"width: 732px\" class=\"wp-caption aligncenter\"><a href=\"https:\/\/www.uv.mx\/prensa\/files\/2021\/05\/260521-CMG-5.jpg\"><img loading=\"lazy\" decoding=\"async\" aria-describedby=\"caption-attachment-97911\" class=\"size-full wp-image-97911\" src=\"https:\/\/www.uv.mx\/prensa\/files\/2021\/05\/260521-CMG-5.jpg\" alt=\"\" width=\"722\" height=\"482\" srcset=\"https:\/\/www.uv.mx\/prensa\/files\/2021\/05\/260521-CMG-5.jpg 722w, https:\/\/www.uv.mx\/prensa\/files\/2021\/05\/260521-CMG-5-300x200.jpg 300w\" sizes=\"auto, (max-width: 722px) 100vw, 722px\" \/><\/a><p id=\"caption-attachment-97911\" class=\"wp-caption-text\">Fotograf\u00eda \u201cEducaci\u00f3n, la mejor arma contra la violencia\u201d<\/p><\/div>\n","protected":false},"excerpt":{"rendered":"<p>\u201cHoy m\u00e1s que nunca, las universidades p\u00fablicas deben refrendar el papel clave que juegan en la orientaci\u00f3n del pa\u00eds y contribuir a la recuperaci\u00f3n y renovaci\u00f3n de valores que permitan recobrar la paz\u201d: Jos\u00e9 Eduardo Mart\u00ednez Canales, vicerrector de la regi\u00f3n Orizaba-C\u00f3rdoba<\/p>\n","protected":false},"author":1508,"featured_media":95054,"comment_status":"closed","ping_status":"closed","sticky":false,"template":"","format":"standard","meta":{"footnotes":""},"categories":[53,32],"tags":[],"class_list":["post-97909","post","type-post","status-publish","format-standard","has-post-thumbnail","hentry","category-orizaba","category-regiones"],"_links":{"self":[{"href":"https:\/\/www.uv.mx\/prensa\/wp-json\/wp\/v2\/posts\/97909","targetHints":{"allow":["GET"]}}],"collection":[{"href":"https:\/\/www.uv.mx\/prensa\/wp-json\/wp\/v2\/posts"}],"about":[{"href":"https:\/\/www.uv.mx\/prensa\/wp-json\/wp\/v2\/types\/post"}],"author":[{"embeddable":true,"href":"https:\/\/www.uv.mx\/prensa\/wp-json\/wp\/v2\/users\/1508"}],"replies":[{"embeddable":true,"href":"https:\/\/www.uv.mx\/prensa\/wp-json\/wp\/v2\/comments?post=97909"}],"version-history":[{"count":1,"href":"https:\/\/www.uv.mx\/prensa\/wp-json\/wp\/v2\/posts\/97909\/revisions"}],"predecessor-version":[{"id":97958,"href":"https:\/\/www.uv.mx\/prensa\/wp-json\/wp\/v2\/posts\/97909\/revisions\/97958"}],"wp:featuredmedia":[{"embeddable":true,"href":"https:\/\/www.uv.mx\/prensa\/wp-json\/wp\/v2\/media\/95054"}],"wp:attachment":[{"href":"https:\/\/www.uv.mx\/prensa\/wp-json\/wp\/v2\/media?parent=97909"}],"wp:term":[{"taxonomy":"category","embeddable":true,"href":"https:\/\/www.uv.mx\/prensa\/wp-json\/wp\/v2\/categories?post=97909"},{"taxonomy":"post_tag","embeddable":true,"href":"https:\/\/www.uv.mx\/prensa\/wp-json\/wp\/v2\/tags?post=97909"}],"curies":[{"name":"wp","href":"https:\/\/api.w.org\/{rel}","templated":true}]}}