{"id":97895,"date":"2021-05-26T13:37:03","date_gmt":"2021-05-26T18:37:03","guid":{"rendered":"https:\/\/www.uv.mx\/prensa\/?p=97895"},"modified":"2021-05-26T13:37:03","modified_gmt":"2021-05-26T18:37:03","slug":"encuentro-artes-uv-2021-propicia-dialogo-horizontal-y-formativo-rectora","status":"publish","type":"post","link":"https:\/\/www.uv.mx\/prensa\/banner\/encuentro-artes-uv-2021-propicia-dialogo-horizontal-y-formativo-rectora\/","title":{"rendered":"Encuentro Artes UV 2021 propicia di\u00e1logo horizontal y formativo: Rectora\u00a0"},"content":{"rendered":"<ul>\n<li data-leveltext=\"\u25cf\" data-font=\"Arial, Arial_MSFontService, sans-serif\" data-listid=\"1\" data-aria-posinset=\"1\" data-aria-level=\"1\"><i><span data-contrast=\"auto\">Las actividades se realizan d<\/span><\/i><i><span data-contrast=\"auto\">el 26 al 28 de mayo\u00a0<\/span><\/i><i><span data-contrast=\"auto\">y pueden seguirse en la p\u00e1gina de\u00a0<\/span><\/i><i><span data-contrast=\"none\">Facebook @ArtesUV<\/span><\/i><i><span data-contrast=\"auto\">\u00a0<\/span><\/i><span data-ccp-props=\"{&quot;201341983&quot;:0,&quot;335559740&quot;:240}\">\u00a0<\/span><\/li>\n<li data-leveltext=\"\u25cf\" data-font=\"Arial\" data-listid=\"1\" data-aria-posinset=\"2\" data-aria-level=\"1\"><i><span data-contrast=\"auto\">Se consolida como un espacio\u00a0<\/span><\/i><i><span data-contrast=\"auto\">en el que se fortalecen los v\u00ednculos y la comunicaci\u00f3n\u00a0<\/span><\/i><i><span data-contrast=\"auto\">entre los profesionales e interesados en las disciplinas art\u00edsticas<\/span><\/i><i><span data-contrast=\"auto\">\u00a0<\/span><\/i><span data-ccp-props=\"{&quot;201341983&quot;:0,&quot;335559740&quot;:240}\">\u00a0<\/span><\/li>\n<\/ul>\n<p>&nbsp;<\/p>\n<div id=\"attachment_97898\" style=\"width: 732px\" class=\"wp-caption aligncenter\"><img aria-describedby=\"caption-attachment-97898\" decoding=\"async\" loading=\"lazy\" class=\"size-full wp-image-97898\" src=\"https:\/\/www.uv.mx\/prensa\/files\/2021\/05\/260521-DAVID-inauguracion-Encuentro-Artes-UV-2021-1.png\" alt=\"\" width=\"722\" height=\"482\" srcset=\"https:\/\/www.uv.mx\/prensa\/files\/2021\/05\/260521-DAVID-inauguracion-Encuentro-Artes-UV-2021-1.png 722w, https:\/\/www.uv.mx\/prensa\/files\/2021\/05\/260521-DAVID-inauguracion-Encuentro-Artes-UV-2021-1-300x200.png 300w\" sizes=\"(max-width: 722px) 100vw, 722px\" \/><p id=\"caption-attachment-97898\" class=\"wp-caption-text\">Sara Ladr\u00f3n de Guevara, rectora de la UV, inaugur\u00f3 formalmente el Encuentro Artes UV 2021<\/p><\/div>\n<p><span data-ccp-props=\"{&quot;201341983&quot;:0,&quot;335559740&quot;:240}\">\u00a0<\/span><\/p>\n<p><b><i><span data-contrast=\"auto\">David Sandoval Rodr\u00edguez<\/span><\/i><\/b><span data-ccp-props=\"{&quot;201341983&quot;:0,&quot;335559740&quot;:240}\">\u00a0<\/span><\/p>\n<p><b><i><span data-contrast=\"auto\">26\/05\/<\/span><\/i><\/b><b><i><span data-contrast=\"auto\">20<\/span><\/i><\/b><b><i><span data-contrast=\"auto\">21<\/span><\/i><\/b><b><i><span data-contrast=\"auto\">,<\/span><\/i><\/b><b><i><span data-contrast=\"auto\">\u00a0Xalapa, Ver.-<\/span><\/i><\/b><span data-contrast=\"auto\">\u00a0La Universidad Veracruzana (UV), a trav\u00e9s de la Dir<\/span><span data-contrast=\"auto\">ecci\u00f3n General del \u00c1rea Acad\u00e9mica de Artes,\u00a0<\/span><span data-contrast=\"auto\">r<\/span><span data-contrast=\"auto\">e<\/span><span data-contrast=\"auto\">aliza<\/span><span data-contrast=\"auto\">\u00a0<\/span><span data-contrast=\"auto\">el\u00a0<\/span><a href=\"https:\/\/www.uv.mx\/artes\/encuentro-artes-uv-2021\/\"><span data-contrast=\"none\">Encuentro Artes UV 2021<\/span><\/a><span data-contrast=\"auto\">\u00a0para fortalecer los v\u00ednculos y la comunicaci\u00f3n entre los profesionales e interesados en las disciplinas art\u00edsticas, destac\u00f3 la\u00a0<\/span><span data-contrast=\"auto\">rectora Sara Ladr\u00f3n de Guevara<\/span><span data-contrast=\"auto\">\u00a0en la inauguraci\u00f3n de este evento, realizada en la Sala de Juntas de Rector\u00eda y a trav\u00e9s de la plataforma\u00a0<\/span><i><span data-contrast=\"auto\">UVZoom<\/span><\/i><span data-ccp-props=\"{&quot;201341983&quot;:0,&quot;335559740&quot;:240}\">\u00a0<\/span><\/p>\n<p><span data-contrast=\"auto\">Ante<\/span><span data-contrast=\"auto\">\u00a0<\/span><span data-contrast=\"auto\">autoridades de las cinco regiones universitarias<\/span><span data-contrast=\"auto\">,\u00a0<\/span><span data-contrast=\"auto\">la Rectora de la UV celebr\u00f3<\/span><span data-contrast=\"auto\">\u00a0<\/span><span data-contrast=\"auto\">la\u00a0<\/span><span data-contrast=\"auto\">realizaci\u00f3n<\/span><span data-contrast=\"auto\">\u00a0de este e<\/span><span data-contrast=\"auto\">ncuentro\u00a0<\/span><span data-contrast=\"auto\">que trasciende lo virtual<\/span><span data-contrast=\"auto\">\u00a0<\/span><span data-contrast=\"auto\">y brinda\u00a0<\/span><span data-contrast=\"auto\">un espacio de participaci\u00f3n a toda la comunidad<\/span><span data-contrast=\"auto\">,<\/span><span data-contrast=\"auto\">\u00a0al entablar un di\u00e1logo horizontal y formativo en beneficio de las disciplinas art\u00edsticas y sus practicantes.<\/span><span data-ccp-props=\"{&quot;201341983&quot;:0,&quot;335559740&quot;:240}\">\u00a0<\/span><\/p>\n<p><span data-contrast=\"auto\">E<\/span><span data-contrast=\"auto\">nfatiz\u00f3 que \u201cel arte puede cumplir un<\/span><span data-contrast=\"auto\">a funci\u00f3n redentora, remediadora, sanadora, y la cumple de entrada ofreciendo una resistencia a la realidad, una realidad que<\/span><span data-contrast=\"auto\">,<\/span><span data-contrast=\"auto\">\u00a0como en esta ocasi\u00f3n nos ataca, nos afecta, nos da\u00f1a\u201d, ello con referencia a las secuelas que ha dejado la pandemia\u00a0<\/span><span data-contrast=\"auto\">por Covid-19\u00a0<\/span><span data-contrast=\"auto\">en la sociedad<\/span><span data-contrast=\"auto\">.<\/span><span data-ccp-props=\"{&quot;201341983&quot;:0,&quot;335559731&quot;:720,&quot;335559740&quot;:240}\">\u00a0<\/span><\/p>\n<p><span data-contrast=\"auto\">Subray\u00f3 adem\u00e1s que en su condici\u00f3n de expresi\u00f3n creadora y vital, \u201cel arte es una de las respuestas m\u00e1s importantes y trascendentes a todo lo que est\u00e1 vivo, al tiempo que las culturas se desarrollan y relacionan unas con otras; el arte puede educar y ej<\/span><span data-contrast=\"auto\">ercitar nuestra capacidad de respuesta a la realidad, puede legarnos profundos conocimientos acerca de nosotros mismos y ofrecernos modelos acerca de las formas como nos gustar\u00eda pensar y vivir el mundo y en el mundo que en el d\u00eda de hoy se nos muestra ace<\/span><span data-contrast=\"auto\">chante y amenazante\u201d.<\/span><span data-ccp-props=\"{&quot;201341983&quot;:0,&quot;335559740&quot;:240}\">\u00a0<\/span><\/p>\n<p><span data-contrast=\"auto\">Miguel Flores Covarrubias, director general del \u00c1rea A<\/span><span data-contrast=\"auto\">cad\u00e9mica de Artes, expres\u00f3 que\u00a0<\/span><span data-contrast=\"auto\">Artes UV<\/span><span data-contrast=\"auto\">, como es conocida popularmente el \u00e1rea acad\u00e9mica, se ha posicionado como un\u00a0<\/span><span data-contrast=\"auto\">espacio de reflexi\u00f3n y discusi\u00f3n que complementa lo que se ha\u00a0<\/span><span data-contrast=\"auto\">logrado institucionalmente, como la acreditaci\u00f3n del\u00a0<\/span><span data-contrast=\"auto\">100<\/span><span data-contrast=\"auto\">\u00a0por ciento de sus programas educativos, el incremento del n\u00famero de cuerpos acad\u00e9micos y la ampliaci\u00f3n de los programas del \u00e1rea en las regiones universitarias.<\/span><span data-ccp-props=\"{&quot;201341983&quot;:0,&quot;335559731&quot;:720,&quot;335559740&quot;:240}\">\u00a0<\/span><\/p>\n<p><span data-contrast=\"auto\">\u201cEs m\u00e1s satisfactorio cerrar esta adm<\/span><span data-contrast=\"auto\">inistraci\u00f3n con discusiones muy pertinentes y actuales, que enriquecen la visi\u00f3n que se tiene desde Artes UV, que siempre ha buscado trascender la importante discusi\u00f3n disciplinar y llevarla a otros \u00e1mbitos, a una discusi\u00f3n inter y\u00a0<\/span><span data-contrast=\"auto\">trans<\/span><span data-contrast=\"auto\">disciplinaria<\/span><span data-contrast=\"auto\">, busc<\/span><span data-contrast=\"auto\">ando la pertinencia social\u201d, precis\u00f3 Flores Covarrubias.<\/span><span data-ccp-props=\"{&quot;201341983&quot;:0,&quot;335559731&quot;:720,&quot;335559740&quot;:240}\">\u00a0<\/span><\/p>\n<p>&nbsp;<\/p>\n<div id=\"attachment_97897\" style=\"width: 732px\" class=\"wp-caption aligncenter\"><img aria-describedby=\"caption-attachment-97897\" decoding=\"async\" loading=\"lazy\" class=\"size-full wp-image-97897\" src=\"https:\/\/www.uv.mx\/prensa\/files\/2021\/05\/260521-DAVID-inauguracion-Encuentro-Artes-UV-2021-2.png\" alt=\"\" width=\"722\" height=\"482\" srcset=\"https:\/\/www.uv.mx\/prensa\/files\/2021\/05\/260521-DAVID-inauguracion-Encuentro-Artes-UV-2021-2.png 722w, https:\/\/www.uv.mx\/prensa\/files\/2021\/05\/260521-DAVID-inauguracion-Encuentro-Artes-UV-2021-2-300x200.png 300w\" sizes=\"(max-width: 722px) 100vw, 722px\" \/><p id=\"caption-attachment-97897\" class=\"wp-caption-text\">Miguel Flores Covarrubias, director general del\u00a0\u00c1rea Acad\u00e9mica de Artes, agradeci\u00f3 a las facultades por facilitar el di\u00e1logo interdisciplinar<\/p><\/div>\n<p>&nbsp;<\/p>\n<p><span data-contrast=\"auto\">Finalmente, el\u00a0<\/span><span data-contrast=\"auto\">funcionario\u00a0<\/span><span data-contrast=\"auto\">agradeci\u00f3 a las facultades que integran a la Direcci\u00f3n General del \u00c1rea Acad\u00e9mica de Artes\u00a0<\/span><span data-contrast=\"auto\">porque este crecimiento\u00a0<\/span><span data-contrast=\"auto\">y este di\u00e1logo tan rico entre p<\/span><span data-contrast=\"auto\">rogramas<\/span><span data-contrast=\"auto\">\u00a0<\/span><span data-contrast=\"auto\">no ser\u00eda posible sin ellos<\/span><span data-contrast=\"auto\">, adem\u00e1s de la creaci\u00f3n de programas\u00a0<\/span><span data-contrast=\"auto\">como la Maestr\u00eda en Mediaci\u00f3n Art\u00edstica con un enfoque interdisciplinar, la Maestr\u00eda en Pedagog\u00eda de las Artes y el Doctorado en M\u00fasica<\/span><span data-contrast=\"auto\">,\u00a0<\/span><span data-contrast=\"auto\">derivados de este tipo de eventos<\/span><span data-contrast=\"auto\">.<\/span><span data-ccp-props=\"{&quot;201341983&quot;:0,&quot;335559731&quot;:720,&quot;335559740&quot;:240}\">\u00a0<\/span><\/p>\n<p><span data-contrast=\"auto\">\u201c<\/span><span data-contrast=\"auto\">T<\/span><span data-contrast=\"auto\">odo esto ha sido producto del di\u00e1logo q<\/span><span data-contrast=\"auto\">ue se ha generado entre facultades, que aportan y enriquecen\u00a0<\/span><span data-contrast=\"auto\">a<\/span><span data-contrast=\"auto\">\u00a0la Unidad de Artes<\/span><span data-contrast=\"auto\">,<\/span><span data-contrast=\"auto\">\u00a0<\/span><span data-contrast=\"auto\">donde\u00a0<\/span><span data-contrast=\"auto\">inclusive en sus futuros planes de estudio se est\u00e1 contemplando un tronco com\u00fan par<\/span><span data-contrast=\"auto\">a fortalecer este di\u00e1logo.\u201d<\/span><span data-ccp-props=\"{&quot;201341983&quot;:0,&quot;335559731&quot;:720,&quot;335559740&quot;:240}\">\u00a0<\/span><\/p>\n<p><span data-contrast=\"auto\">E<\/span><span data-contrast=\"auto\">n<\/span><span data-contrast=\"auto\">\u00a0la\u00a0<\/span><span data-contrast=\"auto\">S<\/span><span data-contrast=\"auto\">ala de\u00a0<\/span><span data-contrast=\"auto\">J<\/span><span data-contrast=\"auto\">untas de\u00a0<\/span><span data-contrast=\"auto\">Rector\u00eda estuvieron\u00a0<\/span><span data-contrast=\"auto\">presentes\u00a0<\/span><span data-contrast=\"auto\">Magdalena Hern\u00e1ndez Alarc\u00f3n, secretaria Acad\u00e9mica<\/span><span data-contrast=\"auto\">;<\/span><span data-contrast=\"auto\">\u00a0<\/span><span data-contrast=\"auto\">Raciel<\/span><span data-contrast=\"auto\">\u00a0Mart\u00ednez G\u00f3mez, director general de Comunicaci\u00f3n Universitaria<\/span><span data-contrast=\"auto\">,<\/span><span data-contrast=\"auto\">\u00a0y Deyanira Guzm\u00e1n Moreno, coordinadora<\/span><span data-contrast=\"auto\">\u00a0de Docencia e Investigaci\u00f3n del \u00c1rea Acad\u00e9mica de Artes.<\/span><span data-ccp-props=\"{&quot;201341983&quot;:0,&quot;335559731&quot;:720,&quot;335559740&quot;:240}\">\u00a0<\/span><\/p>\n<p><span data-contrast=\"auto\">Mediante la plataforma\u00a0<\/span><i><span data-contrast=\"auto\">UVZoom<\/span><\/i><span data-contrast=\"auto\">\u00a0atendieron al evento los vicerrectores Carlos\u00a0<\/span><span data-contrast=\"auto\">Lamothe<\/span><span data-contrast=\"auto\">\u00a0Zavaleta\u00a0<\/span><span data-contrast=\"auto\">y\u00a0<\/span><span data-contrast=\"auto\">Jos\u00e9 Luis Alan\u00eds M\u00e9ndez<\/span><span data-contrast=\"auto\">,<\/span><span data-contrast=\"auto\">\u00a0<\/span><span data-contrast=\"auto\">de la<\/span><span data-contrast=\"auto\">s<\/span><span data-contrast=\"auto\">\u00a0regi<\/span><span data-contrast=\"auto\">ones\u00a0<\/span><span data-contrast=\"auto\">Coatzacoalcos-Minatitl\u00e1n<\/span><span data-contrast=\"auto\">\u00a0y\u00a0<\/span><span data-contrast=\"auto\">Poza Rica-Tuxpan<\/span><span data-contrast=\"auto\">;<\/span><span data-contrast=\"auto\">\u00a0<\/span><span data-contrast=\"auto\">Jua<\/span><span data-contrast=\"auto\">n Rafael Alcal\u00e1 Hinojosa, director general de Difusi\u00f3n Cultural<\/span><span data-contrast=\"auto\">.<\/span><span data-ccp-props=\"{&quot;201341983&quot;:0,&quot;335559731&quot;:720,&quot;335559740&quot;:240}\">\u00a0<\/span><\/p>\n<p><span data-contrast=\"auto\">Adem\u00e1s,\u00a0<\/span><span data-contrast=\"auto\">los directores de las facultades de Artes Pl\u00e1sticas<\/span><span data-contrast=\"auto\">,<\/span><span data-contrast=\"auto\">\u00a0Ana Gabriela Ram\u00edrez Liz\u00e1rraga;\u00a0<\/span><span data-contrast=\"auto\">de Danza<\/span><span data-contrast=\"auto\">,<\/span><span data-contrast=\"auto\">\u00a0<\/span><span data-contrast=\"auto\">Nahomi<\/span><span data-contrast=\"auto\">\u00a0Bonilla Sainz<\/span><span data-contrast=\"auto\">;\u00a0<\/span><span data-contrast=\"auto\">de Teatro,\u00a0<\/span><span data-contrast=\"auto\">Nerio<\/span><span data-contrast=\"auto\">\u00a0Gonz\u00e1lez Morales<\/span><span data-contrast=\"auto\">,<\/span><span data-contrast=\"auto\">\u00a0<\/span><span data-contrast=\"auto\">y\u00a0<\/span><span data-contrast=\"auto\">de M\u00fasica,\u00a0<\/span><span data-contrast=\"auto\">\u00c1lvaro Hern\u00e1ndez Jarqu\u00edn<\/span><span data-contrast=\"auto\">,<\/span><span data-contrast=\"auto\">\u00a0<\/span><span data-contrast=\"auto\">as\u00ed\u00a0<\/span><span data-contrast=\"auto\">com<\/span><span data-contrast=\"auto\">o tambi\u00e9n Jes\u00fas Alonso Rodr\u00edguez Alarc\u00f3n, coordinador del Centro de Estudios de Jazz.<\/span><span data-ccp-props=\"{&quot;201341983&quot;:0,&quot;335559731&quot;:720,&quot;335559740&quot;:240}\">\u00a0<\/span><\/p>\n<p><span data-contrast=\"auto\">El programa completo de las actividades que se efectuar\u00e1n del 26 al 28 de mayo se puede consultar en<\/span><span data-contrast=\"auto\">:<\/span><span data-ccp-props=\"{&quot;201341983&quot;:0,&quot;335559731&quot;:720,&quot;335559740&quot;:240}\">\u00a0<\/span><\/p>\n<p><a href=\"https:\/\/www.uv.mx\/artes\/files\/2021\/05\/Programa-Encuentro-Artes-UV-PDF.pdf\"><span data-contrast=\"none\">www.uv.mx\/artes\/files\/2021\/05\/Programa-Encuentro-Artes-UV-PDF.pdf<\/span><\/a><span data-contrast=\"auto\">.<\/span><span data-ccp-props=\"{&quot;201341983&quot;:0,&quot;335559740&quot;:240}\">\u00a0<\/span><\/p>\n<p>&nbsp;<\/p>\n<div id=\"attachment_97896\" style=\"width: 732px\" class=\"wp-caption aligncenter\"><img aria-describedby=\"caption-attachment-97896\" decoding=\"async\" loading=\"lazy\" class=\"size-full wp-image-97896\" src=\"https:\/\/www.uv.mx\/prensa\/files\/2021\/05\/260521-DAVID-inauguracion-Encuentro-Artes-UV-2021-3.png\" alt=\"\" width=\"722\" height=\"482\" srcset=\"https:\/\/www.uv.mx\/prensa\/files\/2021\/05\/260521-DAVID-inauguracion-Encuentro-Artes-UV-2021-3.png 722w, https:\/\/www.uv.mx\/prensa\/files\/2021\/05\/260521-DAVID-inauguracion-Encuentro-Artes-UV-2021-3-300x200.png 300w\" sizes=\"(max-width: 722px) 100vw, 722px\" \/><p id=\"caption-attachment-97896\" class=\"wp-caption-text\">Autoridades universitarias inauguraron el evento que se transmitir\u00e1 del 26 al 28 de mayo por www.facebook.com\/ArtesUV<\/p><\/div>\n","protected":false},"excerpt":{"rendered":"<p>El arte es una de las respuestas m\u00e1s importantes y trascendentes a todo lo que est\u00e1 vivo, al tiempo que las culturas se desarrollan y relacionan unas con otras<\/p>\n","protected":false},"author":1869,"featured_media":97899,"comment_status":"closed","ping_status":"closed","sticky":false,"template":"","format":"standard","meta":[],"categories":[61],"tags":[],"_links":{"self":[{"href":"https:\/\/www.uv.mx\/prensa\/wp-json\/wp\/v2\/posts\/97895"}],"collection":[{"href":"https:\/\/www.uv.mx\/prensa\/wp-json\/wp\/v2\/posts"}],"about":[{"href":"https:\/\/www.uv.mx\/prensa\/wp-json\/wp\/v2\/types\/post"}],"author":[{"embeddable":true,"href":"https:\/\/www.uv.mx\/prensa\/wp-json\/wp\/v2\/users\/1869"}],"replies":[{"embeddable":true,"href":"https:\/\/www.uv.mx\/prensa\/wp-json\/wp\/v2\/comments?post=97895"}],"version-history":[{"count":1,"href":"https:\/\/www.uv.mx\/prensa\/wp-json\/wp\/v2\/posts\/97895\/revisions"}],"predecessor-version":[{"id":97900,"href":"https:\/\/www.uv.mx\/prensa\/wp-json\/wp\/v2\/posts\/97895\/revisions\/97900"}],"wp:featuredmedia":[{"embeddable":true,"href":"https:\/\/www.uv.mx\/prensa\/wp-json\/wp\/v2\/media\/97899"}],"wp:attachment":[{"href":"https:\/\/www.uv.mx\/prensa\/wp-json\/wp\/v2\/media?parent=97895"}],"wp:term":[{"taxonomy":"category","embeddable":true,"href":"https:\/\/www.uv.mx\/prensa\/wp-json\/wp\/v2\/categories?post=97895"},{"taxonomy":"post_tag","embeddable":true,"href":"https:\/\/www.uv.mx\/prensa\/wp-json\/wp\/v2\/tags?post=97895"}],"curies":[{"name":"wp","href":"https:\/\/api.w.org\/{rel}","templated":true}]}}