{"id":97823,"date":"2021-05-25T08:00:16","date_gmt":"2021-05-25T13:00:16","guid":{"rendered":"https:\/\/www.uv.mx\/prensa\/?p=97823"},"modified":"2021-05-27T12:44:02","modified_gmt":"2021-05-27T17:44:02","slug":"mis-alumnos-me-han-inspirado-a-hacer-cosas-nuevas-bertha-arce-castro","status":"publish","type":"post","link":"https:\/\/www.uv.mx\/prensa\/banner\/mis-alumnos-me-han-inspirado-a-hacer-cosas-nuevas-bertha-arce-castro\/","title":{"rendered":"Mis alumnos me han inspirado a hacer cosas nuevas: Bertha Arce Castro"},"content":{"rendered":"<ul>\n<li data-leveltext=\"\uf0b7\" data-font=\"Symbol\" data-listid=\"2\" data-aria-posinset=\"1\" data-aria-level=\"1\"><i><span data-contrast=\"auto\">La\u00a0ganadora del\u00a0Premio al Decano 2021\u00a0tiene\u00a0una trayectoria\u00a0docente\u00a0de 27 a\u00f1os<\/span><\/i><span data-ccp-props=\"{&quot;134233279&quot;:true,&quot;201341983&quot;:0,&quot;335559739&quot;:160,&quot;335559740&quot;:240}\">\u00a0<\/span><\/li>\n<li data-leveltext=\"\uf0b7\" data-font=\"Symbol\" data-listid=\"2\" data-aria-posinset=\"2\" data-aria-level=\"1\"><i><span data-contrast=\"auto\">\u201cHe tratado de devolver a la UV un poquito de lo\u00a0mucho\u00a0que me ha dado\u201d, dijo la acad\u00e9mica<\/span><\/i><span data-ccp-props=\"{&quot;134233279&quot;:true,&quot;201341983&quot;:0,&quot;335559739&quot;:160,&quot;335559740&quot;:240}\">\u00a0<\/span><\/li>\n<\/ul>\n<p><span data-ccp-props=\"{&quot;201341983&quot;:0,&quot;335559739&quot;:160,&quot;335559740&quot;:240}\">\u00a0<\/span><\/p>\n<div id=\"attachment_97824\" style=\"width: 732px\" class=\"wp-caption aligncenter\"><a href=\"https:\/\/www.uv.mx\/prensa\/files\/2021\/05\/180521-BERTHA-ALICIA-ARCE-CASTRO-1-100k.jpg\"><img loading=\"lazy\" decoding=\"async\" aria-describedby=\"caption-attachment-97824\" class=\"size-full wp-image-97824\" src=\"https:\/\/www.uv.mx\/prensa\/files\/2021\/05\/180521-BERTHA-ALICIA-ARCE-CASTRO-1-100k.jpg\" alt=\"Bertha Alicia Arce Castro expres\u00f3 que sus alumnos la han motivado a hacer cosas nuevas \" width=\"722\" height=\"405\" srcset=\"https:\/\/www.uv.mx\/prensa\/files\/2021\/05\/180521-BERTHA-ALICIA-ARCE-CASTRO-1-100k.jpg 722w, https:\/\/www.uv.mx\/prensa\/files\/2021\/05\/180521-BERTHA-ALICIA-ARCE-CASTRO-1-100k-300x168.jpg 300w\" sizes=\"auto, (max-width: 722px) 100vw, 722px\" \/><\/a><p id=\"caption-attachment-97824\" class=\"wp-caption-text\">Bertha Alicia Arce Castro expres\u00f3 que sus alumnos la han motivado a hacer cosas nuevas<\/p><\/div>\n<p>&nbsp;<\/p>\n<p><b><i><span data-contrast=\"auto\">Claudia Peralta V\u00e1zquez<\/span><\/i><\/b><span data-ccp-props=\"{&quot;201341983&quot;:0,&quot;335559739&quot;:160,&quot;335559740&quot;:240}\">\u00a0<\/span><\/p>\n<p><b><i><span data-contrast=\"auto\">25\/05\/2021, Xalapa,\u00a0Ver.-\u00a0<\/span><\/i><\/b><span data-contrast=\"auto\">Con una trayectoria\u00a0de 27 a\u00f1os,<\/span><b><span data-contrast=\"auto\">\u00a0<\/span><\/b><span data-contrast=\"auto\">Bertha Alicia Arce\u00a0Castro, acad\u00e9mica de la <a href=\"https:\/\/www.uv.mx\/fcas\/\" target=\"_blank\" rel=\"noopener\">Facultad de Ciencias Administrativas y Sociales<\/a> (FCAS) de la Universidad Veracruzana (UV), fue reconocida el pasado 14 de mayo con el\u00a0Premio al Decano 2021, logro que celebr\u00f3 con la satisfacci\u00f3n plena de haber devuelto durante este periodo\u00a0un poco de lo mucho que le ha brindado su alma m\u00e1ter.<\/span><span data-ccp-props=\"{&quot;201341983&quot;:0,&quot;335559739&quot;:160,&quot;335559740&quot;:240}\">\u00a0<\/span><\/p>\n<p><span data-contrast=\"auto\">Expres\u00f3 que transmitir conocimiento a los universitarios es una labor que ha\u00a0disfrutado al m\u00e1ximo\u00a0porque diariamente aprende de ellos, de su creatividad, inquietud por\u00a0indagar\u00a0y relacionarse con el medio.<\/span><span data-ccp-props=\"{&quot;201341983&quot;:0,&quot;335559739&quot;:160,&quot;335559740&quot;:240}\">\u00a0<\/span><\/p>\n<p><span data-contrast=\"auto\">\u201cSon personas muy valiosas y me han inspirado a hacer cosas nuevas, intentar ser una maestra que no s\u00f3lo repite lo que el libro dice, sino implementar\u00a0nuevas formas de acercarme a ellos.\u201d<\/span><span data-ccp-props=\"{&quot;201341983&quot;:0,&quot;335559731&quot;:708,&quot;335559739&quot;:160,&quot;335559740&quot;:240}\">\u00a0<\/span><\/p>\n<p><span data-contrast=\"auto\">Una prueba de ello ha sido la pandemia que oblig\u00f3 a\u00a0usar\u00a0estrategias y herramientas tecnol\u00f3gicas;\u00a0sin embargo, Bertha Alicia Arce reconoci\u00f3 la resiliencia mostrada tanto por estudiantes como por profesores para hacer frente a este nuevo reto.<\/span><span data-ccp-props=\"{&quot;201341983&quot;:0,&quot;335559731&quot;:708,&quot;335559739&quot;:160,&quot;335559740&quot;:240}\">\u00a0<\/span><\/p>\n<p><span data-contrast=\"auto\">Por esta raz\u00f3n, recibir el Premio al Decano 2021 de manos de la rectora Sara Ladr\u00f3n de Guevara,\u00a0en el marco del D\u00eda del Maestro,\u00a0represent\u00f3\u00a0un est\u00edmulo despu\u00e9s de dedicar gran parte de su vida a la docencia e investigaci\u00f3n dentro del \u00c1rea\u00a0Acad\u00e9mica Econ\u00f3mico-Administrativa.<\/span><span data-ccp-props=\"{&quot;201341983&quot;:0,&quot;335559731&quot;:708,&quot;335559739&quot;:160,&quot;335559740&quot;:240}\">\u00a0<\/span><\/p>\n<p><span data-contrast=\"auto\">La titular del cuerpo\u00a0acad\u00e9mico (CA)\u00a0Innovaci\u00f3n\u00a0Tecnol\u00f3gica y\u00a0Desarrollo\u00a0Sustentable, dijo estar convencida de la capacidad y producci\u00f3n de muchos de sus hom\u00f3logos que aspiraron a este reconocimiento.\u00a0\u201cSeguramente fue una competencia muy re\u00f1ida y agradezco infinitamente porque es un est\u00edmulo al trabajo\u201d.<\/span><span data-ccp-props=\"{&quot;201341983&quot;:0,&quot;335559731&quot;:708,&quot;335559739&quot;:160,&quot;335559740&quot;:240}\">\u00a0<\/span><\/p>\n<p><span data-contrast=\"auto\">Tambi\u00e9n comparti\u00f3 que la alegr\u00eda por recibir el premio la ayud\u00f3 a superar la depresi\u00f3n que la aquejaba tras perder\u00a0o a su compa\u00f1ero de vida, apenas el a\u00f1o pasado,\u00a0pero asegur\u00f3 que el trabajo la ha ayudado a salir adelante y a sobrellevar la ausencia.<\/span><span data-ccp-props=\"{&quot;201341983&quot;:0,&quot;335559731&quot;:708,&quot;335559739&quot;:160,&quot;335559740&quot;:240}\">\u00a0<\/span><\/p>\n<p><span data-contrast=\"auto\">\u201cMe encanta dar clases, me encanta el ambiente con mis amigos y compa\u00f1eros, me gusta trabajar con los estudiantes, crear e inventar cosas, siento mucha satisfacci\u00f3n de llevarlas a cabo\u201d, resalt\u00f3.<\/span><span data-ccp-props=\"{&quot;201341983&quot;:0,&quot;335559731&quot;:708,&quot;335559739&quot;:160,&quot;335559740&quot;:240}\">\u00a0<\/span><\/p>\n<p><span data-contrast=\"auto\">Bertha Alicia Arce, egresada de la Facultad de Econom\u00eda de la UV\u00a0y miembro del Sistema Nacional de Investigadores (SNI)\u00a0desde 2009, inici\u00f3\u00a0su actividades\u00a0como docente y suplente en la Facultad de Ciencias Agr\u00edcolas, regi\u00f3n Xalapa, hace 27 a\u00f1os, y fue una de las fundadoras de FCAS.<\/span><span data-ccp-props=\"{&quot;201341983&quot;:0,&quot;335559731&quot;:708,&quot;335559739&quot;:160,&quot;335559740&quot;:240}\">\u00a0<\/span><\/p>\n<p><span data-contrast=\"auto\">En esa entidad acad\u00e9mica imparte diversas experiencias educativas (EE) en los programas educativos (PE):\u00a0Administraci\u00f3n de\u00a0Negocios Internacionales, Relaciones Industriales,\u00a0y Publicidad y Relaciones P\u00fablicas.<\/span><span data-ccp-props=\"{&quot;201341983&quot;:0,&quot;335559731&quot;:708,&quot;335559739&quot;:160,&quot;335559740&quot;:240}\">\u00a0<\/span><\/p>\n<p><span data-contrast=\"auto\">Adem\u00e1s, cuenta con una\u00a0Maestr\u00eda en Ciencias Administrativas en el \u00e1rea\u00a0agropecuaria,\u00a0y\u00a0un\u00a0Doctorado en Ciencias con especializaci\u00f3n en\u00a0administraci\u00f3n y\u00a0control de\u00a0calidad, por el\u00a0<\/span><span data-contrast=\"none\">Instituto Polit\u00e9cnico\u00a0\u201cJos\u00e9 Antonio Echeverr\u00eda\u201d, de\u00a0La Habana, Cuba.<\/span><span data-ccp-props=\"{&quot;201341983&quot;:0,&quot;335559731&quot;:708,&quot;335559739&quot;:160,&quot;335559740&quot;:240}\">\u00a0<\/span><\/p>\n<p><span data-contrast=\"auto\">Destac\u00f3 que el desarrollo econ\u00f3mico del sector agropecuario es un \u00e1rea a la que se ha enfocado ante las necesidades que enfrenta por el abandono de los gobiernos, autoridades y organizaciones que lo conforman.<\/span><span data-ccp-props=\"{&quot;201341983&quot;:0,&quot;335559731&quot;:708,&quot;335559739&quot;:160,&quot;335559740&quot;:240}\">\u00a0<\/span><\/p>\n<p><span data-contrast=\"auto\">Por ello, se interes\u00f3 en contribuir a su evoluci\u00f3n econ\u00f3mica a partir de la creaci\u00f3n\u00a0del \u201cModelo de cambio\u00a0organizacional para la creaci\u00f3n de\u00a0<\/span><i><span data-contrast=\"auto\">Pymes<\/span><\/i><span data-contrast=\"auto\">\u00a0de productos no tradicionales\u201d, en beneficio de\u00a0productores\u00a0del\u00a0Totonacapan.<\/span><span data-ccp-props=\"{&quot;201341983&quot;:0,&quot;335559731&quot;:708,&quot;335559739&quot;:160,&quot;335559740&quot;:240}\">\u00a0<\/span><\/p>\n<p><span data-contrast=\"auto\">Esa\u00a0experiencia le permiti\u00f3 ver\u00a0que\u00a0si se desarrollan los factores y elementos como gesti\u00f3n de conocimiento, innovaci\u00f3n, organizaci\u00f3n, tecnolog\u00eda y calidad, cualquier organizaci\u00f3n, sin importar de qu\u00e9 rubro sea, agropecuaria o no, puede llegar a transformarse en una empresa capaz de enfrentar cualquier mercado,\u00a0e incluso llegar a los est\u00e1ndares internacionales.<\/span><span data-ccp-props=\"{&quot;201341983&quot;:0,&quot;335559731&quot;:708,&quot;335559739&quot;:160,&quot;335559740&quot;:240}\">\u00a0<\/span><\/p>\n<p><span data-contrast=\"auto\">Tambi\u00e9n, en 2003 labor\u00f3 como asesora del Departamento de Est\u00edmulos para la Producci\u00f3n Acad\u00e9mica, donde form\u00f3 parte del equipo que implement\u00f3 el sistema de gesti\u00f3n de la calidad, y logr\u00f3 que el Programa de Est\u00edmulos al Desempe\u00f1o\u00a0del Personal\u00a0Acad\u00e9mico (PEDPA) fuera el primero en certificarse\u00a0en todo el pa\u00eds.<\/span><span data-ccp-props=\"{&quot;201341983&quot;:0,&quot;335559731&quot;:708,&quot;335559739&quot;:160,&quot;335559740&quot;:240}\">\u00a0<\/span><\/p>\n<p><span data-contrast=\"auto\">Como l\u00edder del CA en consolidaci\u00f3n, ha buscado generar m\u00e1s investigaci\u00f3n y crear redes de apoyo, lo cual ha enriquecido su labor.<\/span><span data-ccp-props=\"{&quot;201341983&quot;:0,&quot;335559731&quot;:708,&quot;335559739&quot;:160,&quot;335559740&quot;:240}\">\u00a0<\/span><\/p>\n<p><span data-contrast=\"auto\">Adem\u00e1s\u00a0de diversos\u00a0proyectos de investigaci\u00f3n,\u00a0tambi\u00e9n ha publicado varios libros. Uno de ellos es\u00a0<\/span><i><span data-contrast=\"auto\">Econom\u00eda b\u00e1sica<\/span><\/i><span data-contrast=\"auto\">,\u00a0descrito de forma coloquial para sus estudiantes; e\u00a0<\/span><i><span data-contrast=\"auto\">Integraci\u00f3n econ\u00f3mica<\/span><\/i><span data-contrast=\"auto\">,\u00a0de tipo m\u00e1s interactivo.<\/span><span data-ccp-props=\"{&quot;201341983&quot;:0,&quot;335559731&quot;:708,&quot;335559739&quot;:160,&quot;335559740&quot;:240}\">\u00a0<\/span><\/p>\n<p><span data-contrast=\"auto\">La acad\u00e9mica, quien ha sido\u00a0avalada por\u00a0el Programa para el Desarrollo Profesional Docente (<\/span><i><span data-contrast=\"auto\">Prodep<\/span><\/i><span data-contrast=\"auto\">), con nivel 6 de productividad,\u00a0ha\u00a0impartido conferencias, charlas y talleres en\u00a0instituciones de Colombia, Per\u00fa y Puerto Rico.<\/span><span data-ccp-props=\"{&quot;201341983&quot;:0,&quot;335559731&quot;:708,&quot;335559739&quot;:160,&quot;335559740&quot;:240}\">\u00a0<\/span><\/p>\n<p><span data-contrast=\"auto\">Por\u00a0otra parte,\u00a0es\u00a0miembro del comit\u00e9 editorial de varias revistas indexadas como\u00a0<\/span><i><span data-contrast=\"auto\">Ciencia\u00a0nueva<\/span><\/i><span data-contrast=\"auto\">; y\u00a0evaluadora desde 2010\u00a0de los programas de calidad del Consejo Nacional de Ciencia y Tecnolog\u00eda (<\/span><i><span data-contrast=\"auto\">Conacyt<\/span><\/i><span data-contrast=\"auto\">).<\/span><span data-ccp-props=\"{&quot;201341983&quot;:0,&quot;335559731&quot;:708,&quot;335559739&quot;:160,&quot;335559740&quot;:240}\">\u00a0<\/span><\/p>\n<p><span data-contrast=\"auto\">Asimismo,\u00a0con la participaci\u00f3n de estudiantes de la EE Geograf\u00eda Econ\u00f3mica, impuls\u00f3 una muestra internacional de comercio y cultura\u00a0que\u00a0por siete a\u00f1os se present\u00f3 en\u00a0diferentes espacios\u00a0y foros\u00a0de\u00a0esta ciudad.<\/span><span data-ccp-props=\"{&quot;201341983&quot;:0,&quot;335559731&quot;:708,&quot;335559739&quot;:160,&quot;335559740&quot;:240}\">\u00a0<\/span><\/p>\n<p><span data-contrast=\"none\">Arce\u00a0Castro\u00a0comparti\u00f3 que a\u00fan tiene retos por superar antes de retirarse de la vida acad\u00e9mica, uno de ellos es poder\u00a0aplicar su modelo en otra parte de M\u00e9xico,\u00a0o alg\u00fan\u00a0otro proyecto en beneficio de los sectores m\u00e1s vulnerables.<\/span><span data-ccp-props=\"{&quot;201341983&quot;:0,&quot;335559739&quot;:160,&quot;335559740&quot;:240}\">\u00a0<\/span><\/p>\n<p><span data-contrast=\"none\">\u201cTodos podemos cumplir un deseo, una ilusi\u00f3n, por m\u00e1s inalcanzable que parezca;\u00a0la edad no es un impedimento, siempre y cuando\u00a0uno sea\u00a0constante,\u00a0lo importante es\u00a0creer en lo que\u00a0se hace y\u00a0tener en mente ayudar\u00a0a las personas,\u00a0de esa\u00a0manera los caminos se abrir\u00e1n.\u201d<\/span><span data-ccp-props=\"{&quot;134233117&quot;:true,&quot;134233118&quot;:true,&quot;201341983&quot;:0,&quot;335559740&quot;:240}\">\u00a0<\/span><\/p>\n","protected":false},"excerpt":{"rendered":"<p>La ganadora del Premio al Decano 2021 tiene una trayectoria docente de 27 a\u00f1os <\/p>\n","protected":false},"author":1775,"featured_media":97825,"comment_status":"closed","ping_status":"closed","sticky":false,"template":"","format":"standard","meta":{"footnotes":""},"categories":[61],"tags":[523,2968,2592,264,2868],"class_list":["post-97823","post","type-post","status-publish","format-standard","has-post-thumbnail","hentry","category-banner","tag-academica","tag-bertha-alicia-arce-castro","tag-facultad-de-ciencias-administrativas-y-sociales","tag-fcas","tag-premio-al-decano-2021"],"_links":{"self":[{"href":"https:\/\/www.uv.mx\/prensa\/wp-json\/wp\/v2\/posts\/97823","targetHints":{"allow":["GET"]}}],"collection":[{"href":"https:\/\/www.uv.mx\/prensa\/wp-json\/wp\/v2\/posts"}],"about":[{"href":"https:\/\/www.uv.mx\/prensa\/wp-json\/wp\/v2\/types\/post"}],"author":[{"embeddable":true,"href":"https:\/\/www.uv.mx\/prensa\/wp-json\/wp\/v2\/users\/1775"}],"replies":[{"embeddable":true,"href":"https:\/\/www.uv.mx\/prensa\/wp-json\/wp\/v2\/comments?post=97823"}],"version-history":[{"count":1,"href":"https:\/\/www.uv.mx\/prensa\/wp-json\/wp\/v2\/posts\/97823\/revisions"}],"predecessor-version":[{"id":97969,"href":"https:\/\/www.uv.mx\/prensa\/wp-json\/wp\/v2\/posts\/97823\/revisions\/97969"}],"wp:featuredmedia":[{"embeddable":true,"href":"https:\/\/www.uv.mx\/prensa\/wp-json\/wp\/v2\/media\/97825"}],"wp:attachment":[{"href":"https:\/\/www.uv.mx\/prensa\/wp-json\/wp\/v2\/media?parent=97823"}],"wp:term":[{"taxonomy":"category","embeddable":true,"href":"https:\/\/www.uv.mx\/prensa\/wp-json\/wp\/v2\/categories?post=97823"},{"taxonomy":"post_tag","embeddable":true,"href":"https:\/\/www.uv.mx\/prensa\/wp-json\/wp\/v2\/tags?post=97823"}],"curies":[{"name":"wp","href":"https:\/\/api.w.org\/{rel}","templated":true}]}}