{"id":97558,"date":"2021-05-20T14:45:56","date_gmt":"2021-05-20T19:45:56","guid":{"rendered":"https:\/\/www.uv.mx\/prensa\/?p=97558"},"modified":"2021-05-21T13:46:55","modified_gmt":"2021-05-21T18:46:55","slug":"perviven-los-cortesanos-dijo-woldenberg-en-la-catedra-carlos-fuentes","status":"publish","type":"post","link":"https:\/\/www.uv.mx\/prensa\/banner\/perviven-los-cortesanos-dijo-woldenberg-en-la-catedra-carlos-fuentes\/","title":{"rendered":"Perviven los cortesanos, dijo Woldenberg en\u00a0la C\u00e1tedra Carlos Fuentes\u00a0"},"content":{"rendered":"<ul>\n<li data-leveltext=\"\uf0b7\" data-font=\"Symbol\" data-listid=\"1\" data-aria-posinset=\"1\" data-aria-level=\"1\"><i><span data-contrast=\"auto\">Particip\u00f3 e<\/span><\/i><i><span data-contrast=\"auto\">n la Mesa 2<\/span><\/i><i><span data-contrast=\"auto\">\u00a0\u201cTiempo pol\u00edtico\u201d<\/span><\/i><i><span data-contrast=\"auto\">,<\/span><\/i><i><span data-contrast=\"auto\">\u00a0<\/span><\/i><i><span data-contrast=\"auto\">con<\/span><\/i><i><span data-contrast=\"auto\">\u00a0<\/span><\/i><i><span data-contrast=\"auto\">Jovany<\/span><\/i><i><span data-contrast=\"auto\">\u00a0Hurtado Garc\u00eda, Federico Reyes Heroles, Soledad\u00a0<\/span><\/i><i><span data-contrast=\"auto\">Loaeza<\/span><\/i><i><span data-contrast=\"auto\">\u00a0y Sergio Aguayo<\/span><\/i><span data-ccp-props=\"{&quot;134233279&quot;:true,&quot;201341983&quot;:0,&quot;335559739&quot;:160,&quot;335559740&quot;:240}\">\u00a0<\/span><\/li>\n<\/ul>\n<p><span data-ccp-props=\"{&quot;201341983&quot;:0,&quot;335559739&quot;:160,&quot;335559740&quot;:240}\">\u00a0<\/span><\/p>\n<div id=\"attachment_97562\" style=\"width: 732px\" class=\"wp-caption aligncenter\"><img loading=\"lazy\" decoding=\"async\" aria-describedby=\"caption-attachment-97562\" class=\"size-full wp-image-97562\" src=\"https:\/\/www.uv.mx\/prensa\/files\/2021\/05\/200521-TIEMPO-POLITICO-1.jpg\" alt=\"\" width=\"722\" height=\"405\" srcset=\"https:\/\/www.uv.mx\/prensa\/files\/2021\/05\/200521-TIEMPO-POLITICO-1.jpg 722w, https:\/\/www.uv.mx\/prensa\/files\/2021\/05\/200521-TIEMPO-POLITICO-1-300x168.jpg 300w\" sizes=\"auto, (max-width: 722px) 100vw, 722px\" \/><p id=\"caption-attachment-97562\" class=\"wp-caption-text\">Silvia Lemus, comunic\u00f3loga y patrocinadora de la CICF<\/p><\/div>\n<p><span data-ccp-props=\"{&quot;201341983&quot;:0,&quot;335559739&quot;:160,&quot;335559740&quot;:240}\">\u00a0<\/span><\/p>\n<p><b><i><span data-contrast=\"auto\">Claudia Peralta V\u00e1zquez<\/span><\/i><\/b><span data-ccp-props=\"{&quot;201341983&quot;:0,&quot;335559739&quot;:160,&quot;335559740&quot;:240}\">\u00a0<\/span><\/p>\n<p><b><i><span data-contrast=\"auto\">20<\/span><\/i><\/b><b><i><span data-contrast=\"auto\">\/<\/span><\/i><\/b><b><i><span data-contrast=\"auto\">05<\/span><\/i><\/b><b><i><span data-contrast=\"auto\">\/<\/span><\/i><\/b><b><i><span data-contrast=\"auto\">20<\/span><\/i><\/b><b><i><span data-contrast=\"auto\">21, Xalapa,\u00a0<\/span><\/i><\/b><b><i><span data-contrast=\"auto\">Ver.-<\/span><\/i><\/b><span data-contrast=\"auto\">\u00a0<\/span><span data-contrast=\"auto\">Invitados por la Universidad Veracruz<\/span><span data-contrast=\"auto\">ana (UV) y a<\/span><span data-contrast=\"auto\">\u00a0prop\u00f3sito de la obra de Carlos Fuentes\u00a0<\/span><i><span data-contrast=\"auto\">Tiempo Mexicano<\/span><\/i><span data-contrast=\"auto\">,\u00a0<\/span><span data-contrast=\"auto\">el<\/span><span data-contrast=\"auto\">\u00a0mi\u00e9rcoles 19 de mayo<\/span><span data-contrast=\"auto\">\u00a0<\/span><span data-contrast=\"auto\">Jos\u00e9\u00a0<\/span><span data-contrast=\"auto\">Woldenberg<\/span><span data-contrast=\"auto\">,\u00a0<\/span><span data-contrast=\"auto\">Jovany<\/span><span data-contrast=\"auto\">\u00a0Hurtado Garc\u00eda, Federico Reyes Heroles,<\/span><span data-contrast=\"auto\">\u00a0Soledad\u00a0<\/span><span data-contrast=\"auto\">Loaeza<\/span><span data-contrast=\"auto\">\u00a0y Sergio Aguayo<\/span><span data-contrast=\"auto\">\u00a0<\/span><span data-contrast=\"auto\">discutieron sobre<\/span><span data-contrast=\"auto\">\u00a0su<\/span><span data-contrast=\"auto\">\u00a0<\/span><span data-contrast=\"auto\">contenido y contexto<\/span><span data-contrast=\"auto\">\u00a0pol\u00edtico<\/span><span data-contrast=\"auto\">\u00a0<\/span><span data-contrast=\"auto\">radicalmente distinto al actual<\/span><span data-contrast=\"auto\">\u00a0y de las contradicciones culturales vividas en el M\u00e9xico del ayer.<\/span><span data-ccp-props=\"{&quot;201341983&quot;:0,&quot;335559739&quot;:160,&quot;335559740&quot;:240}\">\u00a0<\/span><\/p>\n<p><span data-contrast=\"auto\">En el marco de la\u00a0<\/span><span data-contrast=\"auto\">octava edici\u00f3n de la <a href=\"https:\/\/www.uv.mx\/catedracf\/\" target=\"_blank\" rel=\"noopener\">C\u00e1tedra Interamericana \u201cCarlos F<\/a><\/span><span data-contrast=\"auto\">uentes\u201d (CICF), desarrollada\u00a0<\/span><span data-contrast=\"auto\">virtualmente\u00a0<\/span><span data-contrast=\"auto\">bajo la tem\u00e1tica\u00a0<\/span><span data-contrast=\"auto\">\u201c<\/span><i><span data-contrast=\"auto\">Tiempo mexicano<\/span><\/i><span data-contrast=\"auto\">: 50 a<\/span><span data-contrast=\"auto\">\u00f1os despu\u00e9s\u201d, los d\u00edas 18 y 19 de mayo el grupo de intelectuales abord\u00f3 desde diferentes perspectivas la evoluci\u00f3n y contrastes del M\u00e9xico de las d\u00e9cadas de los sesenta y s<\/span><span data-contrast=\"auto\">etenta y el 2021<\/span><span data-contrast=\"auto\">.<\/span><span data-ccp-props=\"{&quot;201341983&quot;:0,&quot;335559731&quot;:708,&quot;335559739&quot;:160,&quot;335559740&quot;:240}\">\u00a0<\/span><\/p>\n<p><span data-contrast=\"auto\">Al inicio de la Mesa 2<\/span><span data-contrast=\"auto\">\u00a0\u201cTiempo\u00a0<\/span><span data-contrast=\"auto\">p<\/span><span data-contrast=\"auto\">ol\u00edtico\u201d,\u00a0<\/span><span data-contrast=\"auto\">Silvia Lemus, comunic\u00f3loga y patrocinadora de la CICF<\/span><span data-contrast=\"auto\">,<\/span><span data-contrast=\"auto\">\u00a0resalt\u00f3 que para Carlos Fuentes la literatura fue un amor est\u00e9tico, pero la pol\u00edtica fue su amante m\u00e1s peligrosa y a veces muy salvaje<\/span><span data-contrast=\"auto\">.<\/span><span data-ccp-props=\"{&quot;201341983&quot;:0,&quot;335559731&quot;:708,&quot;335559739&quot;:160,&quot;335559740&quot;:240}\">\u00a0<\/span><\/p>\n<p><span data-contrast=\"auto\">En tanto,\u00a0<\/span><span data-contrast=\"auto\">Sergio Aguayo<\/span><span data-contrast=\"auto\">,<\/span><span data-contrast=\"auto\">\u00a0<\/span><span data-contrast=\"auto\">profesor investigador del Centro de Estudios Internacionales de El Colegio de M\u00e9xico<\/span><span data-contrast=\"auto\">\u00a0y moderador de esta mesa,<\/span><span data-contrast=\"auto\">\u00a0<\/span><span data-contrast=\"auto\">dijo\u00a0<\/span><span data-contrast=\"auto\">que\u00a0<\/span><span data-contrast=\"auto\">rescatar de dicha obra la evoluci\u00f3n d<\/span><span data-contrast=\"auto\">e Fuentes<\/span><span data-contrast=\"auto\">\u00a0de una\u00a0<\/span><span data-contrast=\"auto\">izquierda\u00a0<\/span><span data-contrast=\"auto\">p<\/span><span data-contrast=\"auto\">ost-<\/span><span data-contrast=\"auto\">comunista<\/span><span data-contrast=\"auto\">\u00a0que se comprometi\u00f3 con el pluralismo y estado de derecho,<\/span><span data-contrast=\"auto\">\u00a0<\/span><span data-contrast=\"auto\">fue<\/span><span data-contrast=\"auto\">\u00a0la clave para<\/span><span data-contrast=\"auto\">\u00a0definir la posici\u00f3n pol\u00edtica de<\/span><span data-contrast=\"auto\">l intelectual<\/span><span data-contrast=\"auto\">.<\/span><span data-ccp-props=\"{&quot;201341983&quot;:0,&quot;335559731&quot;:708,&quot;335559739&quot;:160,&quot;335559740&quot;:240}\">\u00a0<\/span><\/p>\n<p><span data-contrast=\"auto\">Jos\u00e9\u00a0<\/span><span data-contrast=\"auto\">Woldenberg<\/span><span data-contrast=\"auto\">,<\/span><span data-contrast=\"auto\">\u00a0<\/span><span data-contrast=\"auto\">profesor de la Facultad de Ciencias Pol\u00edticas y Sociales de la<\/span><span data-contrast=\"auto\">\u00a0Universidad Nacional Aut\u00f3noma de M\u00e9xico (UNAM), evoc\u00f3 algunas l\u00edneas de\u00a0<\/span><i><span data-contrast=\"auto\">Tiempo m<\/span><\/i><i><span data-contrast=\"auto\">exicano<\/span><\/i><span data-contrast=\"auto\">\u00a0donde Fuentes hizo alusi\u00f3n a la falta de un<\/span><span data-contrast=\"auto\">\u00a0sistema de expresi\u00f3n democr\u00e1tica\u00a0<\/span><span data-contrast=\"auto\">y al paternalismo,\u00a0<\/span><span data-contrast=\"auto\">signo fehaciente de desconfianza en el pueblo<\/span><span data-contrast=\"auto\">.<\/span><span data-ccp-props=\"{&quot;201341983&quot;:0,&quot;335559731&quot;:708,&quot;335559739&quot;:160,&quot;335559740&quot;:240}\">\u00a0<\/span><\/p>\n<p>&nbsp;<\/p>\n<div id=\"attachment_97563\" style=\"width: 732px\" class=\"wp-caption aligncenter\"><img loading=\"lazy\" decoding=\"async\" aria-describedby=\"caption-attachment-97563\" class=\"size-full wp-image-97563\" src=\"https:\/\/www.uv.mx\/prensa\/files\/2021\/05\/200521-TIEMPO-POLITICO-2.jpg\" alt=\"\" width=\"722\" height=\"400\" srcset=\"https:\/\/www.uv.mx\/prensa\/files\/2021\/05\/200521-TIEMPO-POLITICO-2.jpg 722w, https:\/\/www.uv.mx\/prensa\/files\/2021\/05\/200521-TIEMPO-POLITICO-2-300x166.jpg 300w\" sizes=\"auto, (max-width: 722px) 100vw, 722px\" \/><p id=\"caption-attachment-97563\" class=\"wp-caption-text\">Sergio Aguayo moder\u00f3 la Mesa 2\u00a0\u201cTiempo pol\u00edtico\u201d<\/p><\/div>\n<p>&nbsp;<\/p>\n<p><span data-contrast=\"auto\">Tambi\u00e9n, interpret\u00f3 el sentir del escritor cuando dec\u00eda que el gobierno de ese entonces deseaba contar con una prensa alineada, un congreso servible y una corte reverente con las decisiones del titular del\u00a0<\/span><span data-contrast=\"auto\">E<\/span><span data-contrast=\"auto\">jecutivo, la inexistencia de \u00f3rganos aut\u00f3nomos del\u00a0<\/span><span data-contrast=\"auto\">E<\/span><span data-contrast=\"auto\">stado y de las agrupaciones civiles con agendas y pr<\/span><span data-contrast=\"auto\">opuestas afines con el gobierno;<\/span><span data-contrast=\"auto\">\u00a0en pocas palabras, un M\u00e9xico subordinado, cortesano.<\/span><span data-ccp-props=\"{&quot;201341983&quot;:0,&quot;335559739&quot;:160,&quot;335559740&quot;:240}\">\u00a0<\/span><\/p>\n<p><span data-contrast=\"auto\">50 a\u00f1os despu\u00e9s, dijo, somos una sociedad m\u00e1s compleja y masiva, un mosaico de desigualdades inocultable, un espacio en el que conviven una diversidad de ideolog\u00edas, intereses, proyectos, sensibilidades que s<\/span><span data-contrast=\"auto\">\u00f3<\/span><span data-contrast=\"auto\">lo con m\u00e9todos autoritarios pueden ser encuadrados en un solo partido, en una sola visi\u00f3n del mundo, en un solo mando.<\/span><span data-ccp-props=\"{&quot;201341983&quot;:0,&quot;335559731&quot;:708,&quot;335559739&quot;:160,&quot;335559740&quot;:240}\">\u00a0<\/span><\/p>\n<p><span data-contrast=\"auto\">\u201cLos cortesanos, como catalogaba Fuentes, no han desaparecido y en todo r\u00e9gimen vertical se encuentran presentes, dici\u00e9ndole al\u00a0<\/span><span data-contrast=\"auto\">monarca lo que quiere escuchar.\u201d<\/span><span data-ccp-props=\"{&quot;201341983&quot;:0,&quot;335559731&quot;:708,&quot;335559739&quot;:160,&quot;335559740&quot;:240}\">\u00a0<\/span><\/p>\n<p><span data-contrast=\"auto\">El investigador manifest\u00f3 que en contraste con el M\u00e9xico que Fuentes describ\u00eda,\u00a0<\/span><span data-contrast=\"auto\">en<\/span><span data-contrast=\"auto\">\u00a0<\/span><span data-contrast=\"auto\">los \u00faltimos a\u00f1os<\/span><span data-contrast=\"auto\">\u00a0la naci\u00f3n<\/span><span data-contrast=\"auto\">\u00a0edific\u00f3\u00a0<\/span><span data-contrast=\"auto\">un sistema de partidos competitivos, un espacio electoral imparcial<\/span><span data-contrast=\"auto\">, inicial<\/span><span data-contrast=\"auto\">\u00a0divisi\u00f3n de poderes, congreso<\/span><span data-contrast=\"auto\">\u00a0vivo y\u00a0<\/span><span data-contrast=\"auto\">plural y una sociedad civil m\u00e1s robusta.<\/span><span data-ccp-props=\"{&quot;201341983&quot;:0,&quot;335559731&quot;:708,&quot;335559739&quot;:160,&quot;335559740&quot;:240}\">\u00a0<\/span><\/p>\n<p><span data-contrast=\"auto\">Al opinar al respecto,\u00a0<\/span><span data-contrast=\"auto\">Soledad\u00a0<\/span><span data-contrast=\"auto\">Loaeza<\/span><span data-contrast=\"auto\">, profesora e investigadora em\u00e9rita de El Colegio de M\u00e9xico,\u00a0<\/span><span data-contrast=\"auto\">dijo que a 50 a\u00f1os de haberse publicado\u00a0<\/span><i><span data-contrast=\"auto\">Tie<\/span><\/i><i><span data-contrast=\"auto\">mpo m<\/span><\/i><i><span data-contrast=\"auto\">exicano<\/span><\/i><span data-contrast=\"auto\">, el texto sigue siendo\u00a0<\/span><span data-contrast=\"auto\">tan sugerente\u00a0<\/span><span data-contrast=\"auto\">y provocativo como debi\u00f3 haber<\/span><span data-contrast=\"auto\">\u00a0sido cuando vio la luz en 1971,\u00a0<\/span><span data-contrast=\"auto\">\u201c<\/span><span data-contrast=\"auto\">aunque las sugerencias y provocaciones de hoy no sean las mismas que las de entonces<\/span><span data-contrast=\"auto\">\u201d<\/span><span data-contrast=\"auto\">.<\/span><span data-ccp-props=\"{&quot;201341983&quot;:0,&quot;335559739&quot;:160,&quot;335559740&quot;:240}\">\u00a0<\/span><\/p>\n<p><span data-contrast=\"auto\">Habl\u00f3 sobre los cambios ocurridos despu\u00e9s de medio siglo<\/span><span data-contrast=\"auto\">,\u00a0<\/span><span data-contrast=\"auto\">por lo<\/span><span data-contrast=\"auto\">\u00a0que el libro<\/span><span data-contrast=\"auto\">\u00a0en la actualidad se lee en un contexto\u00a0<\/span><span data-contrast=\"auto\">radicalmente distinto\u00a0<\/span><span data-contrast=\"auto\">al de ese entonces.<\/span><span data-ccp-props=\"{&quot;201341983&quot;:0,&quot;335559739&quot;:160,&quot;335559740&quot;:240}\">\u00a0<\/span><\/p>\n<p>&nbsp;<\/p>\n<div id=\"attachment_97564\" style=\"width: 732px\" class=\"wp-caption aligncenter\"><img loading=\"lazy\" decoding=\"async\" aria-describedby=\"caption-attachment-97564\" class=\"size-full wp-image-97564\" src=\"https:\/\/www.uv.mx\/prensa\/files\/2021\/05\/200521-TIEMPO-POLITICO-3.jpg\" alt=\"\" width=\"722\" height=\"405\" srcset=\"https:\/\/www.uv.mx\/prensa\/files\/2021\/05\/200521-TIEMPO-POLITICO-3.jpg 722w, https:\/\/www.uv.mx\/prensa\/files\/2021\/05\/200521-TIEMPO-POLITICO-3-300x168.jpg 300w\" sizes=\"auto, (max-width: 722px) 100vw, 722px\" \/><p id=\"caption-attachment-97564\" class=\"wp-caption-text\">Jos\u00e9\u00a0Woldenberg,\u00a0profesor de la Facultad de Ciencias Pol\u00edticas y Sociales de la\u00a0UNAM<\/p><\/div>\n<p>&nbsp;<\/p>\n<p><span data-contrast=\"auto\">\u201cEs un libro que nos obliga a pensar en el peso o en la fuerza del pasado y su relaci\u00f3n con el presente y su significado para un futuro\u00a0que\u00a0si trazamos una l\u00ednea entre el pasado y el presente, el futuro est\u00e1 hoy<\/span><span data-contrast=\"auto\">\u00a0m\u00e1s de este lado que de aqu\u00e9l.\u201d<\/span><span data-ccp-props=\"{&quot;201341983&quot;:0,&quot;335559731&quot;:708,&quot;335559739&quot;:160,&quot;335559740&quot;:240}\">\u00a0<\/span><\/p>\n<p><span data-contrast=\"auto\">\u00a0<\/span><span data-contrast=\"auto\">La analista y escritora<\/span><span data-contrast=\"auto\">\u00a0consider\u00f3 que\u00a0<\/span><span data-contrast=\"auto\">las preocupaciones de Fuentes en 1971 se mantienen vigentes<\/span><span data-contrast=\"auto\">, as\u00ed como\u00a0<\/span><span data-contrast=\"auto\">algunos temas<\/span><span data-contrast=\"auto\">\u00a0relacionados con el cambio,\u00a0<\/span><span data-contrast=\"auto\">identidad y poder<\/span><span data-contrast=\"auto\">.<\/span><span data-ccp-props=\"{&quot;201341983&quot;:0,&quot;335559731&quot;:708,&quot;335559739&quot;:160,&quot;335559740&quot;:240}\">\u00a0<\/span><\/p>\n<p><span data-contrast=\"auto\">\u201cLeer a<\/span><span data-contrast=\"auto\">\u00a0Fuentes es como seguir una gu\u00eda iluminadora y clara<\/span><span data-contrast=\"auto\">.<\/span><span data-contrast=\"auto\">\u201d<\/span><span data-ccp-props=\"{&quot;201341983&quot;:0,&quot;335559731&quot;:708,&quot;335559739&quot;:160,&quot;335559740&quot;:240}\">\u00a0<\/span><\/p>\n<p><span data-contrast=\"auto\">Jovany<\/span><span data-contrast=\"auto\">\u00a0Hurtado<\/span><span data-contrast=\"auto\">, quien es<\/span><span data-contrast=\"auto\">\u00a0investigador, polit\u00f3logo y estudioso de la vida y obra de Carlos Fuentes<\/span><span data-contrast=\"auto\">, expuso la preocupaci\u00f3n e inquietud del escritor por la descomposici\u00f3n pol\u00edtica que se viv\u00eda en M\u00e9xico, esto debido a los movimientos estudiantiles de 1968 y 1971.<\/span><span data-ccp-props=\"{&quot;201341983&quot;:0,&quot;335559731&quot;:708,&quot;335559739&quot;:160,&quot;335559740&quot;:240}\">\u00a0<\/span><\/p>\n<p><span data-contrast=\"auto\">En su charla \u201cCarlos Fuentes\u00a0<\/span><span data-contrast=\"auto\">en tiempo presente\u201d, se\u00f1al\u00f3 que d<\/span><span data-contrast=\"auto\">ichas realidades cuestionar\u00edan\u00a0<\/span><span data-contrast=\"auto\">al r\u00e9gimen pol\u00edtico y lo pondr\u00edan frente a una sociedad que exig\u00eda una nueva realidad, como la construcci\u00f3n de una aut\u00e9ntica democracia y la disminuci\u00f3n de las desigualdades sociales.<\/span><span data-ccp-props=\"{&quot;201341983&quot;:0,&quot;335559731&quot;:708,&quot;335559739&quot;:160,&quot;335559740&quot;:240}\">\u00a0<\/span><\/p>\n<p><span data-contrast=\"auto\">Hizo hincapi\u00e9 en la<\/span><span data-contrast=\"auto\">\u00a0participaci\u00f3n de<\/span><span data-contrast=\"auto\">l autor<\/span><span data-contrast=\"auto\">\u00a0en el gobierno de Luis Echeverr\u00eda \u00c1lvarez,\u00a0<\/span><span data-contrast=\"auto\">misma que ha<\/span><span data-contrast=\"auto\">\u00a0sido poco entendid<\/span><span data-contrast=\"auto\">a y\u00a0<\/span><span data-contrast=\"auto\">estudiada<\/span><span data-contrast=\"auto\">, y utilizada de forma err\u00f3nea por sus\u00a0<\/span><span data-contrast=\"auto\">odiadores<\/span><span data-contrast=\"auto\">\u00a0<\/span><span data-contrast=\"auto\">para intentar atacar su\u00a0<\/span><span data-contrast=\"auto\">figura<\/span><span data-contrast=\"auto\">.<\/span><span data-ccp-props=\"{&quot;201341983&quot;:0,&quot;335559731&quot;:708,&quot;335559739&quot;:160,&quot;335559740&quot;:240}\">\u00a0<\/span><\/p>\n<p><span data-contrast=\"auto\">\u201c<\/span><span data-contrast=\"auto\">Cuando apareci\u00f3\u00a0<\/span><i><span data-contrast=\"auto\">Tiempo\u00a0<\/span><\/i><i><span data-contrast=\"auto\">m<\/span><\/i><i><span data-contrast=\"auto\">exicano<\/span><\/i><i><span data-contrast=\"auto\">\u00a0<\/span><\/i><span data-contrast=\"auto\">se le quiso descalificar mi<\/span><span data-contrast=\"auto\">r\u00e1ndolo como un libro que surg\u00eda<\/span><span data-contrast=\"auto\">\u00a0para apoyar<\/span><span data-contrast=\"auto\">\u00a0al gobierno de Luis Echeverr\u00eda, lo cual es falso pues el libro recogi\u00f3 ensayos y trabajos period\u00edsticos de Fuentes,\u00a0<\/span><span data-contrast=\"auto\">y\u00a0<\/span><span data-contrast=\"auto\">al compararlo con el resto de su obra aborda los temas constantes en su pensamiento, cultura, educaci\u00f3n y democracia<\/span><span data-contrast=\"auto\">.<\/span><span data-contrast=\"auto\">\u201d<\/span><span data-ccp-props=\"{&quot;201341983&quot;:0,&quot;335559731&quot;:708,&quot;335559739&quot;:160,&quot;335559740&quot;:240}\">\u00a0<\/span><\/p>\n<p>&nbsp;<\/p>\n<div id=\"attachment_97559\" style=\"width: 732px\" class=\"wp-caption aligncenter\"><img loading=\"lazy\" decoding=\"async\" aria-describedby=\"caption-attachment-97559\" class=\"size-full wp-image-97559\" src=\"https:\/\/www.uv.mx\/prensa\/files\/2021\/05\/200521-TIEMPO-POLITICO-4.jpg\" alt=\"\" width=\"722\" height=\"398\" srcset=\"https:\/\/www.uv.mx\/prensa\/files\/2021\/05\/200521-TIEMPO-POLITICO-4.jpg 722w, https:\/\/www.uv.mx\/prensa\/files\/2021\/05\/200521-TIEMPO-POLITICO-4-300x165.jpg 300w\" sizes=\"auto, (max-width: 722px) 100vw, 722px\" \/><p id=\"caption-attachment-97559\" class=\"wp-caption-text\">Jovany\u00a0Hurtado Garc\u00eda,\u00a0investigador, polit\u00f3logo y estudioso de la vida y obra de Carlos Fuentes<\/p><\/div>\n<p>&nbsp;<\/p>\n<p><span data-contrast=\"auto\">Enseguida, Federico Reyes Heroles, escritor, pol\u00edtico y analista,\u00a0<\/span><span data-contrast=\"auto\">dijo<\/span><span data-contrast=\"auto\">\u00a0<\/span><span data-contrast=\"auto\">recuperar de\u00a0<\/span><span data-contrast=\"auto\">la obra la tradici\u00f3n del ensayo<\/span><span data-contrast=\"auto\">\u00a0que confronta una realidad sin brindar soluciones, pero tiene la ventaja de estar montada sobre los hechos.<\/span><span data-ccp-props=\"{&quot;201341983&quot;:0,&quot;335559739&quot;:160,&quot;335559740&quot;:240}\">\u00a0<\/span><\/p>\n<p><span data-contrast=\"auto\">\u201c<\/span><i><span data-contrast=\"auto\">Tiempo m<\/span><\/i><i><span data-contrast=\"auto\">exicano<\/span><\/i><span data-contrast=\"auto\">\u00a0hace uso del canal de expresi\u00f3n que es el ensayo<\/span><span data-contrast=\"auto\">;<\/span><span data-contrast=\"auto\">\u00a0la tradici\u00f3n del ensayo en M\u00e9xico es muy fuerte, hay una corriente muy fuerte, hizo que posterg\u00e1ramos nuestr<\/span><span data-contrast=\"auto\">a confrontaci\u00f3n con los hechos.\u201d<\/span><span data-ccp-props=\"{&quot;201341983&quot;:0,&quot;335559731&quot;:708,&quot;335559739&quot;:160,&quot;335559740&quot;:240}\">\u00a0<\/span><\/p>\n<p><span data-contrast=\"auto\">Sin embargo, extern\u00f3 la intenci\u00f3n de ir hacia los datos del M\u00e9xico que duele, \u201cpara tratar de activar nuestra arbitrariedad anal\u00edtica que tambi\u00e9n es necesaria\u201d.<\/span><span data-ccp-props=\"{&quot;201341983&quot;:0,&quot;335559731&quot;:708,&quot;335559739&quot;:160,&quot;335559740&quot;:240}\">\u00a0<\/span><\/p>\n<p><span data-contrast=\"auto\">Al cuestionar qu\u00e9 opinar\u00eda Carlos Fuentes sobre el M\u00e9xico de 2021, extern\u00f3 que\u00a0<\/span><span data-contrast=\"auto\">desde su punto de vista<\/span><span data-contrast=\"auto\">\u00a0el pa\u00eds<\/span><span data-contrast=\"auto\">\u00a0<\/span><span data-contrast=\"auto\">est\u00e1\u00a0<\/span><span data-contrast=\"auto\">lleno de tensiones<\/span><span data-contrast=\"auto\">,<\/span><span data-contrast=\"auto\">\u00a0sorpresas y contradicciones\u00a0<\/span><span data-contrast=\"auto\">por parte del gobierno en turno.<\/span><span data-ccp-props=\"{&quot;201341983&quot;:0,&quot;335559731&quot;:708,&quot;335559739&quot;:160,&quot;335559740&quot;:240}\">\u00a0<\/span><\/p>\n<p><span data-contrast=\"auto\">\u201cEstamos en un momento inc\u00f3modo<\/span><span data-contrast=\"auto\">.<\/span><span data-contrast=\"auto\">\u00a0<\/span><span data-contrast=\"auto\">S<\/span><span data-contrast=\"auto\">i Carlos Fuentes viviera no estar\u00eda contento de ver que se eclipsa un M\u00e9xico que de alguna manera ha crecido en la tensi\u00f3n de los distintos tiempos, de sus or\u00edgenes y construcci\u00f3n de instancias democr\u00e1ticas, un M\u00e9xico tenso que buscaba ir hacia\u00a0<\/span><span data-contrast=\"auto\">adelante y no hac\u00eda atr\u00e1s.\u201d<\/span><span data-ccp-props=\"{&quot;201341983&quot;:0,&quot;335559731&quot;:708,&quot;335559739&quot;:160,&quot;335559740&quot;:240}\">\u00a0<\/span><\/p>\n<p><span data-ccp-props=\"{&quot;201341983&quot;:0,&quot;335559739&quot;:160,&quot;335559740&quot;:240}\">\u00a0<\/span><\/p>\n<div id=\"attachment_97560\" style=\"width: 732px\" class=\"wp-caption aligncenter\"><img loading=\"lazy\" decoding=\"async\" aria-describedby=\"caption-attachment-97560\" class=\"size-full wp-image-97560\" src=\"https:\/\/www.uv.mx\/prensa\/files\/2021\/05\/200521-TIEMPO-POLITICO-5.jpg\" alt=\"\" width=\"722\" height=\"366\" srcset=\"https:\/\/www.uv.mx\/prensa\/files\/2021\/05\/200521-TIEMPO-POLITICO-5.jpg 722w, https:\/\/www.uv.mx\/prensa\/files\/2021\/05\/200521-TIEMPO-POLITICO-5-300x152.jpg 300w\" sizes=\"auto, (max-width: 722px) 100vw, 722px\" \/><p id=\"caption-attachment-97560\" class=\"wp-caption-text\">El escritor y pol\u00edtico Federico Reyes Heroles, durante su participaci\u00f3n en la CICF<\/p><\/div>\n","protected":false},"excerpt":{"rendered":"<p>\u201cLos cortesanos, como catalogaba Fuentes, no han desaparecido y en todo r\u00e9gimen vertical se encuentran presentes, dici\u00e9ndole al monarca lo que quiere escuchar\u201d\u00a0\u00a0<\/p>\n","protected":false},"author":1869,"featured_media":97561,"comment_status":"closed","ping_status":"closed","sticky":false,"template":"","format":"standard","meta":{"footnotes":""},"categories":[61],"tags":[],"class_list":["post-97558","post","type-post","status-publish","format-standard","has-post-thumbnail","hentry","category-banner"],"_links":{"self":[{"href":"https:\/\/www.uv.mx\/prensa\/wp-json\/wp\/v2\/posts\/97558","targetHints":{"allow":["GET"]}}],"collection":[{"href":"https:\/\/www.uv.mx\/prensa\/wp-json\/wp\/v2\/posts"}],"about":[{"href":"https:\/\/www.uv.mx\/prensa\/wp-json\/wp\/v2\/types\/post"}],"author":[{"embeddable":true,"href":"https:\/\/www.uv.mx\/prensa\/wp-json\/wp\/v2\/users\/1869"}],"replies":[{"embeddable":true,"href":"https:\/\/www.uv.mx\/prensa\/wp-json\/wp\/v2\/comments?post=97558"}],"version-history":[{"count":1,"href":"https:\/\/www.uv.mx\/prensa\/wp-json\/wp\/v2\/posts\/97558\/revisions"}],"predecessor-version":[{"id":97628,"href":"https:\/\/www.uv.mx\/prensa\/wp-json\/wp\/v2\/posts\/97558\/revisions\/97628"}],"wp:featuredmedia":[{"embeddable":true,"href":"https:\/\/www.uv.mx\/prensa\/wp-json\/wp\/v2\/media\/97561"}],"wp:attachment":[{"href":"https:\/\/www.uv.mx\/prensa\/wp-json\/wp\/v2\/media?parent=97558"}],"wp:term":[{"taxonomy":"category","embeddable":true,"href":"https:\/\/www.uv.mx\/prensa\/wp-json\/wp\/v2\/categories?post=97558"},{"taxonomy":"post_tag","embeddable":true,"href":"https:\/\/www.uv.mx\/prensa\/wp-json\/wp\/v2\/tags?post=97558"}],"curies":[{"name":"wp","href":"https:\/\/api.w.org\/{rel}","templated":true}]}}