{"id":97524,"date":"2021-05-19T19:50:34","date_gmt":"2021-05-20T00:50:34","guid":{"rendered":"https:\/\/www.uv.mx\/prensa\/?p=97524"},"modified":"2021-05-20T11:20:01","modified_gmt":"2021-05-20T16:20:01","slug":"arquitectura-uv-reconocio-a-sus-docentes","status":"publish","type":"post","link":"https:\/\/www.uv.mx\/prensa\/general\/arquitectura-uv-reconocio-a-sus-docentes\/","title":{"rendered":"Arquitectura UV reconoci\u00f3 a sus docentes"},"content":{"rendered":"<ul>\n<li data-leveltext=\"\uf0b7\" data-font=\"Symbol\" data-listid=\"5\" data-aria-posinset=\"1\" data-aria-level=\"1\"><i><span data-contrast=\"auto\">\u201cEn medio de la pandemia de Covid-19 los catedr\u00e1ticos se capacitaron en tecnolog\u00edas que les eran ajenas, con tal de cumplir con su deber de formar arquitectos\u201d, Guadalupe Uehara<\/span><\/i><span data-ccp-props=\"{}\">\u00a0<\/span><\/li>\n<\/ul>\n<p>&nbsp;<\/p>\n<div id=\"attachment_97525\" style=\"width: 732px\" class=\"wp-caption aligncenter\"><a href=\"https:\/\/www.uv.mx\/prensa\/files\/2021\/05\/190521-Arquitectura-1.jpg\"><img loading=\"lazy\" decoding=\"async\" aria-describedby=\"caption-attachment-97525\" class=\"size-full wp-image-97525\" src=\"https:\/\/www.uv.mx\/prensa\/files\/2021\/05\/190521-Arquitectura-1.jpg\" alt=\"\" width=\"722\" height=\"481\" srcset=\"https:\/\/www.uv.mx\/prensa\/files\/2021\/05\/190521-Arquitectura-1.jpg 722w, https:\/\/www.uv.mx\/prensa\/files\/2021\/05\/190521-Arquitectura-1-300x200.jpg 300w\" sizes=\"auto, (max-width: 722px) 100vw, 722px\" \/><\/a><p id=\"caption-attachment-97525\" class=\"wp-caption-text\">La FAUV entreg\u00f3 reconocimientos a sus catedr\u00e1ticos<\/p><\/div>\n<p>&nbsp;<\/p>\n<p><b><i><span data-contrast=\"auto\">Carlos Hugo Hermida Rosales<\/span><\/i><\/b><span data-ccp-props=\"{}\">\u00a0<\/span><\/p>\n<p><b><i><span data-contrast=\"auto\">19\/05\/2021,\u00a0Xalapa, Ver.- <\/span><\/i><\/b><span data-contrast=\"auto\">La <a href=\"https:\/\/www.uv.mx\/arquitectura\/\" target=\"_blank\" rel=\"noopener\">Facultad de Arquitectura<\/a> de la Universidad Veracruzana (FAUV) reconoci\u00f3 el trabajo que sus catedr\u00e1ticos han realizado en medio del confinamiento provocado por la pandemia de Covid-19, en una ceremonia realizada a trav\u00e9s de <\/span><i><span data-contrast=\"auto\">Zoom <\/span><\/i><span data-contrast=\"auto\">el 15 de mayo.\u00a0<\/span><span data-ccp-props=\"{}\">\u00a0<\/span><\/p>\n<p><span data-contrast=\"auto\">Este evento que ocurri\u00f3 en el marco de los festejos por el D<\/span><span data-contrast=\"auto\">\u00eda del <\/span><span data-contrast=\"auto\">Maestro fue encabezado por Ma Guadalupe Noemi Uehara Guerrero y Ezequiel Melgarejo Ochoa, directora y secretario Acad\u00e9mico de la FAUV, respectivamente.<\/span><span data-ccp-props=\"{&quot;335559731&quot;:708}\">\u00a0<\/span><\/p>\n<p><span data-contrast=\"auto\">Guadalupe Uehara mencion\u00f3 que la contingencia causada por la pandemia de Covid-19 oblig\u00f3 a la comunidad de la entidad acad\u00e9mica a su cargo a trasladar el sal\u00f3n de clases a una modalidad distinta, acci\u00f3n que aunque les tom\u00f3 por sorpresa y supieron afrontarla.\u00a0<\/span><span data-ccp-props=\"{&quot;335559731&quot;:708}\">\u00a0<\/span><\/p>\n<p><span data-contrast=\"auto\">\u201cLa ense\u00f1anza virtual que en marzo de 2020 nos result\u00f3 complicada, hoy se ha convertido en fortaleza y una herramienta \u00fatil\u201d, asegur\u00f3.\u00a0<\/span><span data-ccp-props=\"{&quot;335559731&quot;:708}\">\u00a0<\/span><\/p>\n<p><span data-contrast=\"auto\">Afirm\u00f3 que la ense\u00f1anza en la FAUV logr\u00f3 continuar sin contratiempos gracias a que todo el personal atendi\u00f3 desde su trinchera los nuevos requerimientos, tanto de la planta docente como de la estudiantil.<\/span><span data-ccp-props=\"{&quot;335559731&quot;:708}\">\u00a0<\/span><\/p>\n<p>&nbsp;<\/p>\n<div id=\"attachment_97526\" style=\"width: 732px\" class=\"wp-caption aligncenter\"><a href=\"https:\/\/www.uv.mx\/prensa\/files\/2021\/05\/190521-Arquitectura-2.jpg\"><img loading=\"lazy\" decoding=\"async\" aria-describedby=\"caption-attachment-97526\" class=\"size-full wp-image-97526\" src=\"https:\/\/www.uv.mx\/prensa\/files\/2021\/05\/190521-Arquitectura-2.jpg\" alt=\"\" width=\"722\" height=\"481\" srcset=\"https:\/\/www.uv.mx\/prensa\/files\/2021\/05\/190521-Arquitectura-2.jpg 722w, https:\/\/www.uv.mx\/prensa\/files\/2021\/05\/190521-Arquitectura-2-300x200.jpg 300w\" sizes=\"auto, (max-width: 722px) 100vw, 722px\" \/><\/a><p id=\"caption-attachment-97526\" class=\"wp-caption-text\">Ma Guadalupe Noemi Uehara Guerrero, directora de la FAUV<\/p><\/div>\n<p>&nbsp;<\/p>\n<p><span data-contrast=\"auto\">Explic\u00f3 que los coordinadores de academias implementaron cursos de capacitaci\u00f3n en manejo de plataformas de videoconferencias, lo que permiti\u00f3 que los procesos acad\u00e9micos y administrativos continuaran sin contratiempos.<\/span><span data-ccp-props=\"{&quot;335559731&quot;:708}\">\u00a0<\/span><\/p>\n<p><span data-contrast=\"auto\">Destac\u00f3 que en este periodo se han realizado con normalidad los ex\u00e1menes de experiencia recepcional desde casa, el servicio social a distancia, la expo valoraci\u00f3n diagn\u00f3stica remota, e incluso la movilidad internacional virtual.<\/span><span data-ccp-props=\"{&quot;335559731&quot;:708}\">\u00a0<\/span><\/p>\n<p><span data-contrast=\"auto\">\u201cEl entorno cambiante actual en vez de separar a la comunidad de la FAUV la uni\u00f3 m\u00e1s que nunca\u201d, enfatiz\u00f3.<\/span><span data-ccp-props=\"{&quot;335559731&quot;:708}\">\u00a0<\/span><\/p>\n<p><span data-contrast=\"auto\">Guadalupe Uehara manifest\u00f3 estar orgullosa de la planta docente, ya que sus integrantes se aventuraron a lo desconocido al capacitarse en tecnolog\u00edas que les eran ajenas, con tal de cumplir con su deber de formar arquitectos.\u00a0<\/span><span data-ccp-props=\"{&quot;335559731&quot;:708}\">\u00a0<\/span><\/p>\n<p><span data-contrast=\"auto\">Agradeci\u00f3 a los catedr\u00e1ticos por realizar el trabajo que nadie m\u00e1s quer\u00eda hacer, pero ten\u00eda que llevarse a cabo, y por cuidar de los estudiantes como si fueran miembros de su propia familia.\u00a0<\/span><span data-ccp-props=\"{&quot;335559731&quot;:708}\">\u00a0<\/span><\/p>\n<p><span data-contrast=\"auto\">\u201cCuando las condiciones lo permitan la comunidad de la FAUV regresar\u00e1 a la actividad presencial m\u00e1s fuerte y mejor preparada que nunca, con la finalidad de mantener el prestigio que esta entidad acad\u00e9mica ha ganado a trav\u00e9s del tiempo\u201d, declar\u00f3.\u00a0<\/span><span data-ccp-props=\"{&quot;335559731&quot;:708}\">\u00a0<\/span><\/p>\n","protected":false},"excerpt":{"rendered":"<p>\u201cEn medio de la pandemia de Covid-19 los catedr\u00e1ticos se capacitaron en tecnolog\u00edas que les eran ajenas, con tal de cumplir con su deber de formar arquitectos\u201d: Guadalupe Uehara, directora de la Facultad<\/p>\n","protected":false},"author":1508,"featured_media":0,"comment_status":"closed","ping_status":"closed","sticky":false,"template":"","format":"standard","meta":{"footnotes":""},"categories":[1],"tags":[],"class_list":["post-97524","post","type-post","status-publish","format-standard","hentry","category-general"],"_links":{"self":[{"href":"https:\/\/www.uv.mx\/prensa\/wp-json\/wp\/v2\/posts\/97524","targetHints":{"allow":["GET"]}}],"collection":[{"href":"https:\/\/www.uv.mx\/prensa\/wp-json\/wp\/v2\/posts"}],"about":[{"href":"https:\/\/www.uv.mx\/prensa\/wp-json\/wp\/v2\/types\/post"}],"author":[{"embeddable":true,"href":"https:\/\/www.uv.mx\/prensa\/wp-json\/wp\/v2\/users\/1508"}],"replies":[{"embeddable":true,"href":"https:\/\/www.uv.mx\/prensa\/wp-json\/wp\/v2\/comments?post=97524"}],"version-history":[{"count":1,"href":"https:\/\/www.uv.mx\/prensa\/wp-json\/wp\/v2\/posts\/97524\/revisions"}],"predecessor-version":[{"id":97540,"href":"https:\/\/www.uv.mx\/prensa\/wp-json\/wp\/v2\/posts\/97524\/revisions\/97540"}],"wp:attachment":[{"href":"https:\/\/www.uv.mx\/prensa\/wp-json\/wp\/v2\/media?parent=97524"}],"wp:term":[{"taxonomy":"category","embeddable":true,"href":"https:\/\/www.uv.mx\/prensa\/wp-json\/wp\/v2\/categories?post=97524"},{"taxonomy":"post_tag","embeddable":true,"href":"https:\/\/www.uv.mx\/prensa\/wp-json\/wp\/v2\/tags?post=97524"}],"curies":[{"name":"wp","href":"https:\/\/api.w.org\/{rel}","templated":true}]}}