{"id":97515,"date":"2021-05-19T19:55:02","date_gmt":"2021-05-20T00:55:02","guid":{"rendered":"https:\/\/www.uv.mx\/prensa\/?p=97515"},"modified":"2021-05-20T11:17:35","modified_gmt":"2021-05-20T16:17:35","slug":"selma-hernandez-nueva-coordinadora-de-actividades-deportivas-en-coatza-mina","status":"publish","type":"post","link":"https:\/\/www.uv.mx\/prensa\/deportes\/selma-hernandez-nueva-coordinadora-de-actividades-deportivas-en-coatza-mina\/","title":{"rendered":"Selma Hern\u00e1ndez, nueva coordinadora de Actividades Deportivas en Coatza-Mina"},"content":{"rendered":"<div id=\"attachment_97516\" style=\"width: 732px\" class=\"wp-caption aligncenter\"><a href=\"https:\/\/www.uv.mx\/prensa\/files\/2021\/05\/190521-CECILIA-nombramiento-1-100k.jpg\"><img loading=\"lazy\" decoding=\"async\" aria-describedby=\"caption-attachment-97516\" class=\"size-full wp-image-97516\" src=\"https:\/\/www.uv.mx\/prensa\/files\/2021\/05\/190521-CECILIA-nombramiento-1-100k.jpg\" alt=\"Selma Hern\u00e1ndez Hern\u00e1ndez\" width=\"722\" height=\"481\" srcset=\"https:\/\/www.uv.mx\/prensa\/files\/2021\/05\/190521-CECILIA-nombramiento-1-100k.jpg 722w, https:\/\/www.uv.mx\/prensa\/files\/2021\/05\/190521-CECILIA-nombramiento-1-100k-300x200.jpg 300w\" sizes=\"auto, (max-width: 722px) 100vw, 722px\" \/><\/a><p id=\"caption-attachment-97516\" class=\"wp-caption-text\">Selma Hern\u00e1ndez Hern\u00e1ndez<\/p><\/div>\n<p><b><i><span data-contrast=\"auto\">Cecilia Escribano\u00a0Reyes<\/span><\/i><\/b><span data-ccp-props=\"{&quot;201341983&quot;:0,&quot;335559739&quot;:160,&quot;335559740&quot;:240}\">\u00a0<\/span><\/p>\n<p><b><i><span data-contrast=\"auto\">19\/05\/2021, Coatzacoalcos,\u00a0Ver.-\u00a0<\/span><\/i><\/b><span data-contrast=\"auto\">En\u00a0una\u00a0ceremonia realizada de manera presencial y a trav\u00e9s de la plataforma\u00a0<\/span><i><span data-contrast=\"auto\">UV-Zoom<\/span><\/i><span data-contrast=\"auto\">, el martes 18 de mayo\u00a0la\u00a0<a href=\"https:\/\/www.uv.mx\/coatza\/\" target=\"_blank\" rel=\"noopener\">Vicerrector\u00eda Coatzacoalcos-Minatitl\u00e1n<\/a> de la\u00a0Universidad Veracruzana (UV)\u00a0nombr\u00f3\u00a0a\u00a0Selma Hern\u00e1ndez\u00a0Hern\u00e1ndez\u00a0como\u00a0nueva\u00a0coordinadora regional de Actividades Deportivas, en sustituci\u00f3n de\u00a0Jaime Serena Rebolledo.<\/span><span data-ccp-props=\"{&quot;201341983&quot;:0,&quot;335559739&quot;:160,&quot;335559740&quot;:240}\">\u00a0<\/span><\/p>\n<p><span data-contrast=\"auto\">Al evento\u00a0se dieron cita:\u00a0el vicerrector\u00a0Carlos\u00a0Lamothe\u00a0Zavaleta;\u00a0Rosa Maribel Barradas Landa, directora de\u00a0Actividades\u00a0Deportivas;\u00a0Hugo Ismael Noble P\u00e9rez\u00a0y\u00a0Mar\u00eda In\u00e9s Quevedo L\u00f3pez,\u00a0secretarios regionales Acad\u00e9mico, y\u00a0de Administraci\u00f3n y Finanzas;\u00a0Enrique Ram\u00edrez\u00a0Nazariega,\u00a0secretario de la Junta de Gobierno;\u00a0Jer\u00f3nimo Manuel Guzm\u00e1n Salda\u00f1a, coordinador de equipos representativos;\u00a0Armando Navarrete Mungu\u00eda, entrenador de la\u00a0Selecci\u00f3n\u00a0Femenil de\u00a0Voleibol,\u00a0as\u00ed como\u00a0directores y comunidad universitaria.<\/span><span data-ccp-props=\"{&quot;134233117&quot;:true,&quot;134233118&quot;:true,&quot;201341983&quot;:0,&quot;335559731&quot;:720,&quot;335559740&quot;:240}\">\u00a0<\/span><\/p>\n<p><span data-contrast=\"auto\">Lamothe\u00a0Zavaleta\u00a0agradeci\u00f3 a Jaime Serena por los a\u00f1os dedicados\u00a0a la\u00a0Coordinaci\u00f3n Regional de\u00a0Actividades\u00a0Deportivas y dio la bienvenida a\u00a0Selma Hern\u00e1ndez.<\/span><span data-ccp-props=\"{&quot;201341983&quot;:0,&quot;335559731&quot;:720,&quot;335559739&quot;:160,&quot;335559740&quot;:240}\">\u00a0<\/span><\/p>\n<p><span data-contrast=\"auto\">Por su parte,\u00a0Maribel Barradas\u00a0expres\u00f3 su reconocimiento a\u00a0Serena Rebolledo\u00a0y dijo:\u00a0\u201cA\u00a0\u00e9l le toc\u00f3 picar piedra hace muchos a\u00f1os para que esta regi\u00f3n tuviera el respaldo que requiere\u00a0en\u00a0la promoci\u00f3n de todas las actividades deportivas; reconozco todo el esfuerzo y el trabajo\u00a0que ha desempe\u00f1ado porque tiene\u00a0un gran compromiso ante el deporte universitario\u201d.<\/span><span data-ccp-props=\"{&quot;201341983&quot;:0,&quot;335559731&quot;:720,&quot;335559739&quot;:160,&quot;335559740&quot;:240}\">\u00a0<\/span><\/p>\n<p><span data-contrast=\"auto\">Tambi\u00e9n agradeci\u00f3 a todos los compa\u00f1eros que se hacen cargo de las actividades deportivas de la regi\u00f3n:\u00a0\u201cValoramos mucho\u00a0todo lo que hacen porque siendo pocos se nota el\u00a0gran\u00a0trabajo que se realizan\u00a0con el respaldo de las autoridades\u201d.<\/span><\/p>\n<div id=\"attachment_97517\" style=\"width: 732px\" class=\"wp-caption aligncenter\"><a href=\"https:\/\/www.uv.mx\/prensa\/files\/2021\/05\/190521-CECILIA-nombramiento-2-100k.jpg\"><img loading=\"lazy\" decoding=\"async\" aria-describedby=\"caption-attachment-97517\" class=\"size-full wp-image-97517\" src=\"https:\/\/www.uv.mx\/prensa\/files\/2021\/05\/190521-CECILIA-nombramiento-2-100k.jpg\" alt=\"En la ceremonia tambi\u00e9n se entreg\u00f3 equipo deportivo y se reconoci\u00f3 a deportistas destacados \" width=\"722\" height=\"481\" srcset=\"https:\/\/www.uv.mx\/prensa\/files\/2021\/05\/190521-CECILIA-nombramiento-2-100k.jpg 722w, https:\/\/www.uv.mx\/prensa\/files\/2021\/05\/190521-CECILIA-nombramiento-2-100k-300x200.jpg 300w\" sizes=\"auto, (max-width: 722px) 100vw, 722px\" \/><\/a><p id=\"caption-attachment-97517\" class=\"wp-caption-text\">En la ceremonia tambi\u00e9n se entreg\u00f3 equipo deportivo y se reconoci\u00f3 a deportistas destacados<\/p><\/div>\n<p><span data-contrast=\"auto\">Barradas\u00a0Landa\u00a0tom\u00f3 la protesta a Selma Hern\u00e1ndez,\u00a0quien se comprometi\u00f3 a cumplir y hacer cumplir leyes, estatutos, reglamentos y obligaciones de su cargo.<\/span><span data-ccp-props=\"{&quot;201341983&quot;:0,&quot;335559731&quot;:720,&quot;335559739&quot;:160,&quot;335559740&quot;:240}\">\u00a0<\/span><\/p>\n<p><span data-contrast=\"auto\">Hern\u00e1ndez\u00a0Hern\u00e1ndez\u00a0<\/span><span data-contrast=\"auto\">agradeci\u00f3 la oportunidad brindada\u00a0y dijo:\u00a0\u201cMe siento emocionada, dar\u00e9 todo de mi esfuerzo para cumplir todos los objetivos;\u00a0s\u00e9 que con el apoyo de mis compa\u00f1eros y las\u00a0autoridades universitarias se lograr\u00e1 formar un gran equipo de trabajo\u201d.<\/span><span data-ccp-props=\"{&quot;201341983&quot;:0,&quot;335559731&quot;:720,&quot;335559739&quot;:160,&quot;335559740&quot;:240}\">\u00a0<\/span><\/p>\n<p><span data-contrast=\"auto\">Al finalizar la ceremonia\u00a0Maribel Barradas\u00a0entreg\u00f3\u00a0material deportivo y\u00a0se\u00f1al\u00f3 que ser\u00e1 de utilidad y en beneficio de los estudiantes universitarios.<\/span><span data-ccp-props=\"{&quot;201341983&quot;:0,&quot;335559731&quot;:720,&quot;335559739&quot;:160,&quot;335559740&quot;:240}\">\u00a0<\/span><\/p>\n<p><span data-contrast=\"auto\">De manera simb\u00f3lica se entregaron\u00a0balones de voleibol\u00a0a las acad\u00e9micas\u00a0Juana Beatriz Mart\u00ednez S\u00e1nchez,\u00a0Mar\u00eda Eugenia Ram\u00edrez Cobos;\u00a0bates y pelotas de\u00a0beisbol\u00a0al acad\u00e9mico\u00a0Jaime Serena Rebolledo, y\u00a0balones de futbol\u00a0soccer\u00a0a\u00a0Selma Hern\u00e1ndez.<\/span><span data-ccp-props=\"{&quot;201341983&quot;:0,&quot;335559731&quot;:720,&quot;335559739&quot;:160,&quot;335559740&quot;:240}\">\u00a0<\/span><\/p>\n<p><span data-contrast=\"auto\">Tambi\u00e9n se entregaron\u00a0premios\u00a0Felipe Matus Brito y Eder Eduardo Santiago Herrera, campeones\u00a0nacionales por equipo del torneo League\u00a0of\u00a0Legends,\u00a0organizado por el Consejo\u00a0Nacional de Deporte para la Educaci\u00f3n (<\/span><i><span data-contrast=\"auto\">Condde<\/span><\/i><span data-contrast=\"auto\">); y\u00a0a\u00a0Jordi\u00a0Milburgo\u00a0Carrera Puig, campe\u00f3n\u00a0nacional en el Fide\u00a0World\u00a0University\u00a0Online Rapid\u00a0Championship, Divisi\u00f3n A.<\/span><span data-ccp-props=\"{&quot;201341983&quot;:0,&quot;335559731&quot;:720,&quot;335559739&quot;:160,&quot;335559740&quot;:240}\">\u00a0<\/span><\/p>\n","protected":false},"excerpt":{"rendered":"<p>La nueva titular expres\u00f3: \u201cMe siento emocionada, dar\u00e9 todo de mi esfuerzo para cumplir todos los objetivos\u201d <\/p>\n","protected":false},"author":1775,"featured_media":97517,"comment_status":"closed","ping_status":"closed","sticky":false,"template":"","format":"standard","meta":{"footnotes":""},"categories":[52,12,32],"tags":[2922,2921,2923,2920,2823],"class_list":["post-97515","post","type-post","status-publish","format-standard","has-post-thumbnail","hentry","category-coatzacoalcos","category-deportes","category-regiones","tag-actividades-deportivas","tag-coordinadora-regional","tag-jaime-serena-rebolledo","tag-selma-hernandez-hernandez","tag-vicerrectoria-coatzacoalcos-minatitlan"],"_links":{"self":[{"href":"https:\/\/www.uv.mx\/prensa\/wp-json\/wp\/v2\/posts\/97515","targetHints":{"allow":["GET"]}}],"collection":[{"href":"https:\/\/www.uv.mx\/prensa\/wp-json\/wp\/v2\/posts"}],"about":[{"href":"https:\/\/www.uv.mx\/prensa\/wp-json\/wp\/v2\/types\/post"}],"author":[{"embeddable":true,"href":"https:\/\/www.uv.mx\/prensa\/wp-json\/wp\/v2\/users\/1775"}],"replies":[{"embeddable":true,"href":"https:\/\/www.uv.mx\/prensa\/wp-json\/wp\/v2\/comments?post=97515"}],"version-history":[{"count":1,"href":"https:\/\/www.uv.mx\/prensa\/wp-json\/wp\/v2\/posts\/97515\/revisions"}],"predecessor-version":[{"id":97539,"href":"https:\/\/www.uv.mx\/prensa\/wp-json\/wp\/v2\/posts\/97515\/revisions\/97539"}],"wp:featuredmedia":[{"embeddable":true,"href":"https:\/\/www.uv.mx\/prensa\/wp-json\/wp\/v2\/media\/97517"}],"wp:attachment":[{"href":"https:\/\/www.uv.mx\/prensa\/wp-json\/wp\/v2\/media?parent=97515"}],"wp:term":[{"taxonomy":"category","embeddable":true,"href":"https:\/\/www.uv.mx\/prensa\/wp-json\/wp\/v2\/categories?post=97515"},{"taxonomy":"post_tag","embeddable":true,"href":"https:\/\/www.uv.mx\/prensa\/wp-json\/wp\/v2\/tags?post=97515"}],"curies":[{"name":"wp","href":"https:\/\/api.w.org\/{rel}","templated":true}]}}