{"id":97512,"date":"2021-05-20T08:00:37","date_gmt":"2021-05-20T13:00:37","guid":{"rendered":"https:\/\/www.uv.mx\/prensa\/?p=97512"},"modified":"2021-05-20T10:53:30","modified_gmt":"2021-05-20T15:53:30","slug":"osx-presentara-un-programa-de-metales-y-cuerdas","status":"publish","type":"post","link":"https:\/\/www.uv.mx\/prensa\/cultura\/osx-presentara-un-programa-de-metales-y-cuerdas\/","title":{"rendered":"OSX presentar\u00e1 un programa de metales y cuerdas"},"content":{"rendered":"<ul>\n<li data-leveltext=\"\uf0b7\" data-font=\"Symbol\" data-listid=\"2\" data-aria-posinset=\"1\" data-aria-level=\"1\"><i><span data-contrast=\"auto\">Obras de\u00a0Malcolm Arnold y\u00a0Felix\u00a0Mendelssohn<\/span><\/i><span data-ccp-props=\"{&quot;134233279&quot;:true}\">\u00a0<\/span><\/li>\n<li data-leveltext=\"\uf0b7\" data-font=\"Symbol\" data-listid=\"2\" data-aria-posinset=\"2\" data-aria-level=\"1\"><i><span data-contrast=\"auto\">Tlaqn\u00e1\u00a0ampliar\u00e1\u00a0su capacidad a 380 personas<\/span><\/i><span data-ccp-props=\"{&quot;134233279&quot;:true}\">\u00a0<\/span><\/li>\n<\/ul>\n<p><span data-ccp-props=\"{}\">\u00a0<\/span><\/p>\n<div id=\"attachment_97513\" style=\"width: 732px\" class=\"wp-caption aligncenter\"><a href=\"https:\/\/www.uv.mx\/prensa\/files\/2021\/05\/200521-OSX-100k.jpg\"><img loading=\"lazy\" decoding=\"async\" aria-describedby=\"caption-attachment-97513\" class=\"size-full wp-image-97513\" src=\"https:\/\/www.uv.mx\/prensa\/files\/2021\/05\/200521-OSX-100k.jpg\" alt=\"Secci\u00f3n de metales de la Orquesta Sinf\u00f3nica de Xalapa. \u00a9Orquesta Sinf\u00f3nica de Xalapa \" width=\"722\" height=\"478\" srcset=\"https:\/\/www.uv.mx\/prensa\/files\/2021\/05\/200521-OSX-100k.jpg 722w, https:\/\/www.uv.mx\/prensa\/files\/2021\/05\/200521-OSX-100k-300x199.jpg 300w\" sizes=\"auto, (max-width: 722px) 100vw, 722px\" \/><\/a><p id=\"caption-attachment-97513\" class=\"wp-caption-text\">Secci\u00f3n de metales de la Orquesta Sinf\u00f3nica de Xalapa. \u00a9Orquesta Sinf\u00f3nica de Xalapa<\/p><\/div>\n<p>&nbsp;<\/p>\n<p><b><i><span data-contrast=\"auto\">20\/05\/2021, Xalapa,\u00a0Ver.-\u00a0<\/span><\/i><\/b><span data-contrast=\"auto\">La <a href=\"https:\/\/www.orquestasinfonicadexalapa.com\/\">Orquesta Sinf\u00f3nica de Xalapa<\/a> (OSX) de la Universidad Veracruzana (UV)\u00a0presentar\u00e1\u00a0el\u00a0viernes\u00a021\u00a0de\u00a0mayo, en punto de las 20:30\u00a0horas,\u00a0<\/span><i><span data-contrast=\"auto\">el Quinteto para\u00a0metales<\/span><\/i><span data-contrast=\"auto\">\u00a0de Sir Malcolm Arnold y el\u00a0<\/span><i><span data-contrast=\"auto\">Octeto para cuerdas<\/span><\/i><span data-contrast=\"auto\">\u00a0de\u00a0Felix\u00a0Mendelssohn,\u00a0en una audici\u00f3n\u00a0donde la Sala de\u00a0Conciertos\u00a0Tlaqn\u00e1, Centro Cultural,\u00a0ampliar\u00e1 su capacidad a 380 personas con su respectivo distanciamiento.<\/span><span data-ccp-props=\"{}\">\u00a0<\/span><\/p>\n<p><span data-contrast=\"auto\">Este concierto ser\u00e1 transmitido en vivo a trav\u00e9s de\u00a0RadioUV\u00a0(90.5 FM),<\/span><span data-contrast=\"auto\">\u00a0con retransmisi\u00f3n el domingo 23 a las 12:00\u00a0horas\u00a0y el mi\u00e9rcoles 26 a las 20:30 en las plataformas de\u00a0<\/span><i><span data-contrast=\"auto\">YouTube<\/span><\/i><span data-contrast=\"auto\">\u00a0de la @OSXUV y @TeleUV.<\/span><span data-ccp-props=\"{&quot;335559731&quot;:708}\">\u00a0<\/span><\/p>\n<p><span data-contrast=\"auto\">El\u00a0<\/span><i><span data-contrast=\"auto\">Quinteto para metales\u00a0<\/span><\/i><span data-contrast=\"auto\">sigue siendo una de las obras de c\u00e1mara m\u00e1s interpretadas\u00a0y\u00a0uno de los cl\u00e1sicos absolutos del g\u00e9nero;\u00a0estableci\u00f3 la instrumentaci\u00f3n de dos trompetas, corno franc\u00e9s, tromb\u00f3n y tubo como estandarte. La escritura para metales es\u00a0idiom\u00e1tica\u00a0pero, en \u00faltima instancia, desafiante. Siempre hay un elemento de peligro en la escritura de Sir Malcolm, y esto\u00a0refleja ciertos rasgos de su propio car\u00e1cter. La escritura para tuba est\u00e1 especialmente adelantada a su tiempo, y en el momento en que se escribi\u00f3 habr\u00eda estado al alcance de muy pocos m\u00fasicos en el mundo. El trabajo fue escrito para el New York\u00a0Brass\u00a0Quintet, grupo que en ese momento estaba estableciendo el est\u00e1ndar para que el resto del mundo lo emulara, y tuvo un impacto y un \u00e9xito inmediatos.<\/span><span data-ccp-props=\"{&quot;335559731&quot;:708}\">\u00a0<\/span><\/p>\n<p><span data-contrast=\"auto\">El trabajo es serio y sustancial;\u00a0es m\u00fasica de c\u00e1mara perfecta y maravillosamente gratificante de tocar. El primer movimiento enfrenta a un d\u00fao de trompetas contra un tr\u00edo\u00a0de cuerno, tromb\u00f3n y tuba. El segundo movimiento habita esa zona de atm\u00f3sfera sombr\u00eda de la guerra fr\u00eda m\u00e1s com\u00fanmente asociada con\u00a0Shostakovich, y recuerda la profundidad sincera de expresi\u00f3n de gran\u00a0parte de la m\u00fasica de Malcolm.<\/span><span data-ccp-props=\"{&quot;335559731&quot;:708}\">\u00a0<\/span><\/p>\n<p><span data-contrast=\"auto\">Mendelssohn complet\u00f3 su\u00a0<\/span><i><span data-contrast=\"auto\">Octeto para cuerdas<\/span><\/i><span data-contrast=\"auto\">\u00a0<\/span><span data-contrast=\"auto\">en octubre de 1825, cuando ten\u00eda 16 a\u00f1os; esta pieza\u00a0es notable por su t\u00e9cnica pulida, su barrido y su puro regocijo. La decisi\u00f3n de escribir para un octeto de cuerdas es interesante, ya que un conjunto as\u00ed se acerca al\u00a0tama\u00f1o de una orquesta de c\u00e1mara, y un compositor debe dirigir un cuidadoso curso entre la sonoridad orquestal y la verdadera m\u00fasica de c\u00e1mara. A veces esta m\u00fasica puede sonar orquestal, ya que pone diferentes grupos de instrumentos uno contra otro, pero el\u00a0Octeto sigue siendo verdadera m\u00fasica de c\u00e1mara;\u00a0cada una de las ocho voces es distinta e importante, e incluso en su momento m\u00e1s deslumbrante y extrovertido conserva la participaci\u00f3n igualitaria de voces independientes tan crucial para la m\u00fasica de c\u00e1mara.<\/span><span data-ccp-props=\"{&quot;335559731&quot;:708}\">\u00a0<\/span><\/p>\n<p><span data-contrast=\"auto\">Los boletos\u00a0para esta audici\u00f3n pueden adquirirse\u00a0en l\u00ednea en la p\u00e1gina orquestasinfonicadexalapa.com y en\u00a0la\u00a0taquilla de\u00a0Tlaqn\u00e1\u00a0el d\u00eda del evento a partir de las 11:00\u00a0horas; el precio\u00a0es de\u00a080\u00a0pesos.<\/span><span data-ccp-props=\"{&quot;335559731&quot;:708}\">\u00a0<\/span><\/p>\n","protected":false},"excerpt":{"rendered":"<p>Interpretar\u00e1 <em>El Quinteto para metales<\/em>, de Sir Malcolm Arnold, y el <em>Octeto para cuerdas<\/em>, de Felix Mendelssohn  <\/p>\n","protected":false},"author":1775,"featured_media":97513,"comment_status":"closed","ping_status":"closed","sticky":false,"template":"","format":"standard","meta":{"footnotes":""},"categories":[11],"tags":[681,2919,2918,677,95,2916,680,2917,96],"class_list":["post-97512","post","type-post","status-publish","format-standard","has-post-thumbnail","hentry","category-cultura","tag-centro-cultural","tag-felix-mendelssohn","tag-octeto-para-cuerdas","tag-orquesta-sinfonica-de-xalapa","tag-osx","tag-quinteto-para-metales","tag-sala-de-conciertos","tag-sir-malcolm-arnold","tag-tlaqna"],"_links":{"self":[{"href":"https:\/\/www.uv.mx\/prensa\/wp-json\/wp\/v2\/posts\/97512","targetHints":{"allow":["GET"]}}],"collection":[{"href":"https:\/\/www.uv.mx\/prensa\/wp-json\/wp\/v2\/posts"}],"about":[{"href":"https:\/\/www.uv.mx\/prensa\/wp-json\/wp\/v2\/types\/post"}],"author":[{"embeddable":true,"href":"https:\/\/www.uv.mx\/prensa\/wp-json\/wp\/v2\/users\/1775"}],"replies":[{"embeddable":true,"href":"https:\/\/www.uv.mx\/prensa\/wp-json\/wp\/v2\/comments?post=97512"}],"version-history":[{"count":1,"href":"https:\/\/www.uv.mx\/prensa\/wp-json\/wp\/v2\/posts\/97512\/revisions"}],"predecessor-version":[{"id":97534,"href":"https:\/\/www.uv.mx\/prensa\/wp-json\/wp\/v2\/posts\/97512\/revisions\/97534"}],"wp:featuredmedia":[{"embeddable":true,"href":"https:\/\/www.uv.mx\/prensa\/wp-json\/wp\/v2\/media\/97513"}],"wp:attachment":[{"href":"https:\/\/www.uv.mx\/prensa\/wp-json\/wp\/v2\/media?parent=97512"}],"wp:term":[{"taxonomy":"category","embeddable":true,"href":"https:\/\/www.uv.mx\/prensa\/wp-json\/wp\/v2\/categories?post=97512"},{"taxonomy":"post_tag","embeddable":true,"href":"https:\/\/www.uv.mx\/prensa\/wp-json\/wp\/v2\/tags?post=97512"}],"curies":[{"name":"wp","href":"https:\/\/api.w.org\/{rel}","templated":true}]}}