{"id":97507,"date":"2021-05-20T08:00:33","date_gmt":"2021-05-20T13:00:33","guid":{"rendered":"https:\/\/www.uv.mx\/prensa\/?p=97507"},"modified":"2021-05-20T10:55:07","modified_gmt":"2021-05-20T15:55:07","slug":"elsa-naveda-exhibe-el-jardin-del-mar-en-el-max","status":"publish","type":"post","link":"https:\/\/www.uv.mx\/prensa\/cultura\/elsa-naveda-exhibe-el-jardin-del-mar-en-el-max\/","title":{"rendered":"Elsa Naveda exhibe <em>El jard\u00edn del mar<\/em>, en el MAX"},"content":{"rendered":"<ul>\n<li data-leveltext=\"\uf0b7\" data-font=\"Symbol\" data-listid=\"5\" data-aria-posinset=\"1\" data-aria-level=\"1\"><i><span data-contrast=\"auto\">La muestra de cer\u00e1mica estar\u00e1 abierta al p\u00fablico hasta el 23 de junio<\/span><\/i><i><span data-contrast=\"auto\">,<\/span><\/i><i><span data-contrast=\"auto\">\u00a0<\/span><\/i><i><span data-contrast=\"auto\">en la Sala de Exposiciones Temporales<\/span><\/i><span data-ccp-props=\"{}\">\u00a0<\/span><\/li>\n<\/ul>\n<p><span data-ccp-props=\"{&quot;335559685&quot;:360}\">\u00a0<\/span><\/p>\n<div id=\"attachment_97508\" style=\"width: 732px\" class=\"wp-caption aligncenter\"><a href=\"https:\/\/www.uv.mx\/prensa\/files\/2021\/05\/180521-El-jardin-del-mar-1-100k.jpg\"><img aria-describedby=\"caption-attachment-97508\" decoding=\"async\" loading=\"lazy\" class=\"size-full wp-image-97508\" src=\"https:\/\/www.uv.mx\/prensa\/files\/2021\/05\/180521-El-jardin-del-mar-1-100k.jpg\" alt=\"Noel Bernard y Beatriz S\u00e1nchez acompa\u00f1aron a la autora en la inauguraci\u00f3n \" width=\"722\" height=\"633\" srcset=\"https:\/\/www.uv.mx\/prensa\/files\/2021\/05\/180521-El-jardin-del-mar-1-100k.jpg 722w, https:\/\/www.uv.mx\/prensa\/files\/2021\/05\/180521-El-jardin-del-mar-1-100k-300x263.jpg 300w\" sizes=\"(max-width: 722px) 100vw, 722px\" \/><\/a><p id=\"caption-attachment-97508\" class=\"wp-caption-text\">Noel Bernard y Beatriz S\u00e1nchez acompa\u00f1aron a la autora en la inauguraci\u00f3n<\/p><\/div>\n<p>&nbsp;<\/p>\n<p><span data-contrast=\"auto\">La exposici\u00f3n de cer\u00e1mica de alta temperatura est<\/span><span data-contrast=\"auto\">\u00e1<\/span><span data-contrast=\"auto\">\u00a0compuesta por 46 piezas, dentro de las que hay dos instalaciones que a su vez tienen 300 piezas cada una<\/span><\/p>\n<p>&nbsp;<\/p>\n<p><b><i><span data-contrast=\"auto\">Carlos Hugo Hermida Rosales<\/span><\/i><\/b><span data-ccp-props=\"{}\">\u00a0<\/span><\/p>\n<p><b><i><span data-contrast=\"auto\">20<\/span><\/i><\/b><b><i><span data-contrast=\"auto\">\/05\/<\/span><\/i><\/b><b><i><span data-contrast=\"auto\">202<\/span><\/i><\/b><b><i><span data-contrast=\"auto\">1<\/span><\/i><\/b><b><i><span data-contrast=\"auto\">,<\/span><\/i><\/b><b><i><span data-contrast=\"auto\">\u00a0<\/span><\/i><\/b><b><i><span data-contrast=\"auto\">Xalapa,\u00a0<\/span><\/i><\/b><b><i><span data-contrast=\"auto\">Ver.<\/span><\/i><\/b><b><i><span data-contrast=\"auto\">&#8211;<\/span><\/i><\/b><b><i><span data-contrast=\"auto\">\u00a0<\/span><\/i><\/b><span data-contrast=\"auto\">El\u00a0<\/span><span data-contrast=\"auto\"><a href=\"https:\/\/www.uv.mx\/max\/\" target=\"_blank\" rel=\"noopener\">Museo de Antropolog\u00eda de Xalapa<\/a> (MAX) de la Universidad Veracruzana (UV) inaugur\u00f3 el 18 de mayo la muestra de cer\u00e1mica\u00a0<\/span><i><span data-contrast=\"auto\">El j<\/span><\/i><i><span data-contrast=\"auto\">ard\u00edn del mar<\/span><\/i><span data-contrast=\"auto\">\u00a0de Elsa\u00a0<\/span><span data-contrast=\"auto\">N<\/span><span data-contrast=\"auto\">ave<\/span><span data-contrast=\"auto\">da<\/span><span data-contrast=\"auto\">, que estar\u00e1 abierta\u00a0<\/span><span data-contrast=\"auto\">a<\/span><span data-contrast=\"auto\">l\u00a0<\/span><span data-contrast=\"auto\">p\u00fablico<\/span><span data-contrast=\"auto\">\u00a0en la Sala de Exposiciones Temporales hasta el 23 de junio.<\/span><span data-ccp-props=\"{}\">\u00a0<\/span><\/p>\n<p><span data-contrast=\"auto\">Adem\u00e1s de la autora, el acto inaugural cont\u00f3 con la presencia\u00a0<\/span><span data-contrast=\"auto\">de Henri Noel Bernard Medina<\/span><span data-contrast=\"auto\">, director del MAX,<\/span><span data-contrast=\"auto\">\u00a0y\u00a0<\/span><span data-contrast=\"auto\">Beatriz S\u00e1nchez Zurita<\/span><span data-contrast=\"auto\">, coordinadora de\u00a0<\/span><span data-contrast=\"auto\">Comunicaci\u00f3n y Espacios de Exposici\u00f3n Temporal<\/span><span data-contrast=\"auto\">\u00a0de este recinto.\u00a0<\/span><span data-ccp-props=\"{&quot;335559731&quot;:708}\">\u00a0<\/span><\/p>\n<p><span data-contrast=\"auto\">Elsa\u00a0<\/span><span data-contrast=\"auto\">Naveda<\/span><span data-contrast=\"auto\">\u00a0mencion\u00f3 que\u00a0<\/span><span data-contrast=\"auto\">la\u00a0<\/span><span data-contrast=\"auto\">exposici\u00f3n de cer\u00e1mica de alta temperatura est<\/span><span data-contrast=\"auto\">\u00e1<\/span><span data-contrast=\"auto\">\u00a0compuesta por 46 piezas, dentro de las que hay dos instalaciones\u00a0<\/span><span data-contrast=\"auto\">que a su vez tienen<\/span><span data-contrast=\"auto\">\u00a0300 piezas cada una.<\/span><span data-contrast=\"auto\">\u00a0<\/span><span data-ccp-props=\"{&quot;335559731&quot;:708}\">\u00a0<\/span><\/p>\n<p><span data-contrast=\"auto\">Explic\u00f3<\/span><span data-contrast=\"auto\">\u00a0que a trav\u00e9s de esta muestra busca mostrar aquello que le apasiona<\/span><span data-contrast=\"auto\">,<\/span><span data-contrast=\"auto\">\u00a0que en este caso es el movimiento, el agua y el mar.<\/span><span data-contrast=\"auto\">\u00a0<\/span><span data-contrast=\"auto\">\u201cCon mis piezas busqu\u00e9 petrificar las olas y retratar objetos que son comunes en el mar\u00a0<\/span><span data-contrast=\"auto\">y\u00a0<\/span><span data-contrast=\"auto\">las costas\u201d<\/span><span data-contrast=\"auto\">, coment\u00f3.<\/span><\/p>\n<div id=\"attachment_97509\" style=\"width: 732px\" class=\"wp-caption aligncenter\"><a href=\"https:\/\/www.uv.mx\/prensa\/files\/2021\/05\/180521-El-jardin-del-mar-2-100k.jpg\"><img aria-describedby=\"caption-attachment-97509\" decoding=\"async\" loading=\"lazy\" class=\"size-full wp-image-97509\" src=\"https:\/\/www.uv.mx\/prensa\/files\/2021\/05\/180521-El-jardin-del-mar-2-100k.jpg\" alt=\"La artista muestra objetos que son comunes en el mar y las costas \" width=\"722\" height=\"482\" srcset=\"https:\/\/www.uv.mx\/prensa\/files\/2021\/05\/180521-El-jardin-del-mar-2-100k.jpg 722w, https:\/\/www.uv.mx\/prensa\/files\/2021\/05\/180521-El-jardin-del-mar-2-100k-300x200.jpg 300w\" sizes=\"(max-width: 722px) 100vw, 722px\" \/><\/a><p id=\"caption-attachment-97509\" class=\"wp-caption-text\">La artista muestra objetos que son comunes en el mar y las costas<\/p><\/div>\n<p><span data-contrast=\"auto\">La artista relat\u00f3\u00a0<\/span><span data-contrast=\"auto\">que\u00a0<\/span><span data-contrast=\"auto\">la<\/span><span data-contrast=\"auto\">\u00a0exposici\u00f3n estaba programada\u00a0<\/span><span data-contrast=\"auto\">para ser inaugurada en abril de<\/span><span data-contrast=\"auto\">\u00a02020, pero se retras\u00f3 debido a la contingencia ocasion<\/span><span data-contrast=\"auto\">ada por la pandemia de Covid-19<\/span><span data-contrast=\"auto\">\u00a0y enfatiz\u00f3 que le da mucha alegr\u00eda poder mostrar sus piezas a sus amigos y p\u00fablico en general.\u00a0<\/span><span data-ccp-props=\"{&quot;335559731&quot;:708}\">\u00a0<\/span><\/p>\n<p><span data-contrast=\"auto\">Beatriz S\u00e1nchez<\/span><span data-contrast=\"auto\">\u00a0declar\u00f3 que esta muestra invita a reflexionar sobre los procesos que ocurren en un espacio acu\u00e1tico tan inmenso como son los oc\u00e9anos.\u00a0<\/span><span data-ccp-props=\"{&quot;335559731&quot;:708}\">\u00a0<\/span><\/p>\n<p><span data-contrast=\"auto\">Comparti\u00f3 que\u00a0<\/span><i><span data-contrast=\"auto\">El j<\/span><\/i><i><span data-contrast=\"auto\">ard\u00edn del mar<\/span><\/i><span data-contrast=\"auto\">\u00a0estar\u00e1 abierta al p\u00fablico de martes a domingo<\/span><span data-contrast=\"auto\">,<\/span><span data-contrast=\"auto\">\u00a0de 9:00 a 17:00 horas<\/span><span data-contrast=\"auto\">; el uso de cubrebocas es obligatorio<\/span><span data-contrast=\"auto\">\u00a0para acceder.<\/span><span data-ccp-props=\"{&quot;335559731&quot;:708}\">\u00a0<\/span><\/p>\n<p><span data-contrast=\"auto\">Destac\u00f3 que el recinto cuenta con dispensador de gel\u00a0<\/span><span data-contrast=\"auto\">antibacterial<\/span><span data-contrast=\"auto\">\u00a0y tomador de temperatura<\/span><span data-contrast=\"auto\">,<\/span><span data-contrast=\"auto\">\u00a0as\u00ed como con protocolos para guardar la sana distancia, por lo que el p\u00fablico puede acudir a apreciar la exposici\u00f3n con seguridad.\u00a0<\/span><\/p>\n<div id=\"attachment_97510\" style=\"width: 732px\" class=\"wp-caption aligncenter\"><a href=\"https:\/\/www.uv.mx\/prensa\/files\/2021\/05\/180521-El-jardin-del-mar-3-100k.jpg\"><img aria-describedby=\"caption-attachment-97510\" decoding=\"async\" loading=\"lazy\" class=\"size-full wp-image-97510\" src=\"https:\/\/www.uv.mx\/prensa\/files\/2021\/05\/180521-El-jardin-del-mar-3-100k.jpg\" alt=\"Elsa Naveda \" width=\"722\" height=\"481\" srcset=\"https:\/\/www.uv.mx\/prensa\/files\/2021\/05\/180521-El-jardin-del-mar-3-100k.jpg 722w, https:\/\/www.uv.mx\/prensa\/files\/2021\/05\/180521-El-jardin-del-mar-3-100k-300x200.jpg 300w\" sizes=\"(max-width: 722px) 100vw, 722px\" \/><\/a><p id=\"caption-attachment-97510\" class=\"wp-caption-text\">Elsa Naveda<\/p><\/div>\n","protected":false},"excerpt":{"rendered":"<p>La muestra de cer\u00e1mica estar\u00e1 abierta al p\u00fablico hasta el 23 de junio, en la Sala de Exposiciones Temporales <\/p>\n","protected":false},"author":1775,"featured_media":97509,"comment_status":"closed","ping_status":"closed","sticky":false,"template":"","format":"standard","meta":[],"categories":[11],"tags":[2913,2914,102,2912,1012,2915],"_links":{"self":[{"href":"https:\/\/www.uv.mx\/prensa\/wp-json\/wp\/v2\/posts\/97507"}],"collection":[{"href":"https:\/\/www.uv.mx\/prensa\/wp-json\/wp\/v2\/posts"}],"about":[{"href":"https:\/\/www.uv.mx\/prensa\/wp-json\/wp\/v2\/types\/post"}],"author":[{"embeddable":true,"href":"https:\/\/www.uv.mx\/prensa\/wp-json\/wp\/v2\/users\/1775"}],"replies":[{"embeddable":true,"href":"https:\/\/www.uv.mx\/prensa\/wp-json\/wp\/v2\/comments?post=97507"}],"version-history":[{"count":1,"href":"https:\/\/www.uv.mx\/prensa\/wp-json\/wp\/v2\/posts\/97507\/revisions"}],"predecessor-version":[{"id":97535,"href":"https:\/\/www.uv.mx\/prensa\/wp-json\/wp\/v2\/posts\/97507\/revisions\/97535"}],"wp:featuredmedia":[{"embeddable":true,"href":"https:\/\/www.uv.mx\/prensa\/wp-json\/wp\/v2\/media\/97509"}],"wp:attachment":[{"href":"https:\/\/www.uv.mx\/prensa\/wp-json\/wp\/v2\/media?parent=97507"}],"wp:term":[{"taxonomy":"category","embeddable":true,"href":"https:\/\/www.uv.mx\/prensa\/wp-json\/wp\/v2\/categories?post=97507"},{"taxonomy":"post_tag","embeddable":true,"href":"https:\/\/www.uv.mx\/prensa\/wp-json\/wp\/v2\/tags?post=97507"}],"curies":[{"name":"wp","href":"https:\/\/api.w.org\/{rel}","templated":true}]}}