{"id":97471,"date":"2021-05-19T11:44:38","date_gmt":"2021-05-19T16:44:38","guid":{"rendered":"https:\/\/www.uv.mx\/prensa\/?p=97471"},"modified":"2021-05-20T11:24:21","modified_gmt":"2021-05-20T16:24:21","slug":"fimcn-entrego-392-notas-laudatorias","status":"publish","type":"post","link":"https:\/\/www.uv.mx\/prensa\/regiones\/fimcn-entrego-392-notas-laudatorias\/","title":{"rendered":"FIMCN-UV\u00a0entreg\u00f3\u00a0392\u00a0notas laudatorias\u00a0"},"content":{"rendered":"<ul>\n<li data-leveltext=\"\uf0b7\" data-font=\"Symbol\" data-listid=\"1\" data-aria-posinset=\"1\" data-aria-level=\"1\"><i><span data-contrast=\"auto\">Fueron reconocidos\u00a0<\/span><\/i><i><span data-contrast=\"auto\">estudiantes de\u00a0<\/span><\/i><i><span data-contrast=\"none\">las\u00a0<\/span><\/i><i><span data-contrast=\"none\">i<\/span><\/i><i><span data-contrast=\"none\">ngenier\u00edas Mec\u00e1nica, Mec\u00e1nica<\/span><\/i><i><span data-contrast=\"none\">\u00a0<\/span><\/i><i><span data-contrast=\"none\">El\u00e9ctrica, Industrial<\/span><\/i><i><span data-contrast=\"none\">\u00a0y Naval<\/span><\/i><span data-ccp-props=\"{&quot;134233279&quot;:true,&quot;201341983&quot;:0,&quot;335559739&quot;:0,&quot;335559740&quot;:240}\">\u00a0<\/span><\/li>\n<\/ul>\n<p><span data-ccp-props=\"{&quot;201341983&quot;:0,&quot;335559739&quot;:0,&quot;335559740&quot;:240}\">\u00a0<\/span><\/p>\n<div id=\"attachment_97473\" style=\"width: 732px\" class=\"wp-caption aligncenter\"><img loading=\"lazy\" decoding=\"async\" aria-describedby=\"caption-attachment-97473\" class=\"size-full wp-image-97473\" src=\"https:\/\/www.uv.mx\/prensa\/files\/2021\/05\/190521-FIMCN-1.jpg\" alt=\"\" width=\"722\" height=\"437\" srcset=\"https:\/\/www.uv.mx\/prensa\/files\/2021\/05\/190521-FIMCN-1.jpg 722w, https:\/\/www.uv.mx\/prensa\/files\/2021\/05\/190521-FIMCN-1-300x182.jpg 300w\" sizes=\"auto, (max-width: 722px) 100vw, 722px\" \/><p id=\"caption-attachment-97473\" class=\"wp-caption-text\">Cerca de 400 estudiantes de la\u00a0FIMCN\u00a0fueron reconocidos por su excelente desempe\u00f1o acad\u00e9mico<\/p><\/div>\n<p><span data-ccp-props=\"{&quot;201341983&quot;:0,&quot;335559739&quot;:0,&quot;335559740&quot;:240}\">\u00a0<\/span><\/p>\n<p><b><i><span data-contrast=\"auto\">Blanca M. Gonz\u00e1lez Morales<\/span><\/i><\/b><span data-ccp-props=\"{&quot;201341983&quot;:0,&quot;335559739&quot;:0,&quot;335559740&quot;:240}\">\u00a0<\/span><\/p>\n<p><b><i><span data-contrast=\"auto\">1<\/span><\/i><\/b><b><i><span data-contrast=\"auto\">9<\/span><\/i><\/b><b><i><span data-contrast=\"auto\">\/05\/2021, Boca del R\u00edo,\u00a0<\/span><\/i><\/b><b><i><span data-contrast=\"auto\">Ver.<\/span><\/i><\/b><b><i><span data-contrast=\"auto\">&#8211;<\/span><\/i><\/b><b><i><span data-contrast=\"auto\">\u00a0<\/span><\/i><\/b><span data-contrast=\"auto\">La <a href=\"https:\/\/www.uv.mx\/veracruz\/fimcn\/\" target=\"_blank\" rel=\"noopener\">Facultad de Ingenier\u00eda Mec\u00e1nica y Ciencias Navales\u00a0<\/a><\/span><span data-contrast=\"auto\">(FIMCN)\u00a0<\/span><span data-contrast=\"auto\">de la Universidad Veracruzana (UV)\u00a0<\/span><span data-contrast=\"auto\">entreg\u00f3\u00a0<\/span><span data-contrast=\"auto\">392\u00a0<\/span><span data-contrast=\"auto\">notas<\/span><span data-contrast=\"auto\">\u00a0laudatorias a alumnos de los programas educativos<\/span><span data-contrast=\"auto\">\u00a0<\/span><span data-contrast=\"auto\">(PE)\u00a0<\/span><span data-contrast=\"auto\">de\u00a0<\/span><span data-contrast=\"auto\">las i<\/span><span data-contrast=\"auto\">ngenier\u00eda<\/span><span data-contrast=\"auto\">s<\/span><span data-contrast=\"auto\">\u00a0Mec\u00e1nica, Industrial, Naval<\/span><span data-contrast=\"auto\">,<\/span><span data-contrast=\"auto\">\u00a0y M<\/span><span data-contrast=\"auto\">ec\u00e1nica<\/span><span data-contrast=\"auto\">\u00a0<\/span><span data-contrast=\"auto\">El\u00e9ctrica<\/span><span data-contrast=\"auto\">,\u00a0<\/span><span data-contrast=\"auto\">por su excelente desempe\u00f1o acad\u00e9mico\u00a0<\/span><span data-contrast=\"auto\">en\u00a0<\/span><span data-contrast=\"auto\">los periodos\u00a0<\/span><span data-contrast=\"auto\">febrero-julio 2020 y agosto 2020-<\/span><span data-contrast=\"auto\">enero 2021.<\/span><span data-ccp-props=\"{&quot;201341983&quot;:0,&quot;335559739&quot;:0,&quot;335559740&quot;:240}\">\u00a0<\/span><\/p>\n<p><span data-contrast=\"auto\">En l<\/span><span data-contrast=\"auto\">a ceremonia<\/span><span data-contrast=\"auto\">, realizada<\/span><span data-contrast=\"auto\">\u00a0<\/span><span data-contrast=\"auto\">a<\/span><span data-contrast=\"auto\">\u00a0trav\u00e9s de la<\/span><span data-contrast=\"auto\">\u00a0<\/span><span data-contrast=\"auto\">plataforma<\/span><span data-contrast=\"auto\">\u00a0<\/span><i><span data-contrast=\"auto\">Zoom<\/span><\/i><i><span data-contrast=\"auto\">,<\/span><\/i><span data-contrast=\"auto\">\u00a0<\/span><span data-contrast=\"auto\">71\u00a0<\/span><span data-contrast=\"auto\">estudiantes<\/span><span data-contrast=\"auto\">\u00a0<\/span><span data-contrast=\"auto\">recibieron doble nota por haber mantenido\u00a0<\/span><span data-contrast=\"auto\">un<\/span><span data-contrast=\"auto\">\u00a0excelente desempe\u00f1o acad\u00e9mico durante ambos\u00a0<\/span><span data-contrast=\"auto\">ciclos<\/span><span data-contrast=\"auto\">\u00a0escolares.<\/span><span data-ccp-props=\"{&quot;201341983&quot;:0,&quot;335559731&quot;:708,&quot;335559739&quot;:0,&quot;335559740&quot;:240}\">\u00a0<\/span><\/p>\n<p><span data-contrast=\"none\">\u00c1ngel Eduardo Gasca Herrera, director general del \u00c1rea Acad\u00e9mica T\u00e9cnica<\/span><span data-contrast=\"none\">,<\/span><span data-contrast=\"none\">\u00a0<\/span><span data-contrast=\"none\">presidi\u00f3 el evento\u00a0<\/span><span data-contrast=\"none\">acompa\u00f1ado<\/span><span data-contrast=\"none\">\u00a0por Alfonso Gerardo P\u00e9rez Morales, vicerrector de la regi\u00f3n, as\u00ed como de\u00a0<\/span><span data-contrast=\"none\">Ulises Gonzalo Aguirre Orozco, s<\/span><span data-contrast=\"none\">ecretario Acad\u00e9mico\u00a0<\/span><span data-contrast=\"none\">r<\/span><span data-contrast=\"none\">egional<\/span><span data-contrast=\"none\">,<\/span><span data-contrast=\"none\">\u00a0y Jorge del R\u00edo Montiel, director de la\u00a0<\/span><span data-contrast=\"auto\">FIMCN<\/span><span data-contrast=\"none\">.<\/span><span data-ccp-props=\"{&quot;201341983&quot;:0,&quot;335559731&quot;:708,&quot;335559739&quot;:0,&quot;335559740&quot;:240}\">\u00a0<\/span><\/p>\n<p>&nbsp;<\/p>\n<div id=\"attachment_97474\" style=\"width: 732px\" class=\"wp-caption aligncenter\"><img loading=\"lazy\" decoding=\"async\" aria-describedby=\"caption-attachment-97474\" class=\"size-full wp-image-97474\" src=\"https:\/\/www.uv.mx\/prensa\/files\/2021\/05\/190521-FIMCN-2.jpg\" alt=\"\" width=\"722\" height=\"461\" srcset=\"https:\/\/www.uv.mx\/prensa\/files\/2021\/05\/190521-FIMCN-2.jpg 722w, https:\/\/www.uv.mx\/prensa\/files\/2021\/05\/190521-FIMCN-2-300x192.jpg 300w\" sizes=\"auto, (max-width: 722px) 100vw, 722px\" \/><p id=\"caption-attachment-97474\" class=\"wp-caption-text\">\u00c1ngel Eduardo Gasca Herrera, director general del \u00c1rea Acad\u00e9mica T\u00e9cnica,\u00a0felicit\u00f3 a los galardonados y\u00a0los\u00a0conmin\u00f3 a continuar trabajando fuertemente<\/p><\/div>\n<p>&nbsp;<\/p>\n<p><span data-contrast=\"auto\">Estuvieron tambi\u00e9n presentes<\/span><span data-contrast=\"auto\">: Ricardo Fern\u00e1ndez Infanz\u00f3n, s<\/span><span data-contrast=\"auto\">ec<\/span><span data-contrast=\"auto\">retario de la Facultad;<\/span><span data-contrast=\"auto\">\u00a0Dolores Vera\u00a0<\/span><span data-contrast=\"auto\">D\u00e9ctor<\/span><span data-contrast=\"auto\">,<\/span><span data-contrast=\"auto\">\u00a0\u00c1ngel Su\u00e1rez \u00c1lvarez<\/span><span data-contrast=\"auto\">,<\/span><span data-contrast=\"auto\">\u00a0<\/span><span data-contrast=\"auto\">Aguivar<\/span><span data-contrast=\"auto\">\u00a0<\/span><span data-contrast=\"auto\">Olidel<\/span><span data-contrast=\"auto\">\u00a0A. Vite Flores<\/span><span data-contrast=\"auto\">\u00a0y<\/span><span data-contrast=\"auto\">\u00a0<\/span><span data-contrast=\"auto\">Jacqueline<\/span><span data-contrast=\"auto\">\u00a0<\/span><span data-contrast=\"auto\">Chabat<\/span><span data-contrast=\"auto\">\u00a0Uranga<\/span><span data-contrast=\"auto\">,<\/span><span data-contrast=\"auto\">\u00a0<\/span><span data-contrast=\"auto\">coordinadores\u00a0<\/span><span data-contrast=\"auto\">de\u00a0<\/span><span data-contrast=\"auto\">las ingenier\u00edas\u00a0<\/span><span data-contrast=\"auto\">Mec\u00e1nica<\/span><span data-contrast=\"auto\">,\u00a0<\/span><span data-contrast=\"auto\">Industrial<\/span><span data-contrast=\"auto\">,\u00a0<\/span><span data-contrast=\"auto\">Naval<\/span><span data-contrast=\"auto\">, y<\/span><span data-contrast=\"auto\">\u00a0<\/span><span data-contrast=\"auto\">Mec\u00e1nica El\u00e9ctrica<\/span><span data-contrast=\"auto\">, respectivamente;\u00a0<\/span><span data-contrast=\"auto\">Erika Jazm\u00edn De la Cruz \u00c1ngel,\u00a0<\/span><span data-contrast=\"auto\">e<\/span><span data-contrast=\"auto\">nlace\u00a0<\/span><span data-contrast=\"auto\">del\u00a0<\/span><span data-contrast=\"auto\">Programa de Inclusi\u00f3n<\/span><span data-contrast=\"auto\">.<\/span><span data-ccp-props=\"{&quot;201341983&quot;:0,&quot;335559731&quot;:708,&quot;335559739&quot;:0,&quot;335559740&quot;:240}\">\u00a0<\/span><\/p>\n<p><span data-contrast=\"none\">Gasca Herrera<\/span><span data-contrast=\"none\">\u00a0<\/span><span data-contrast=\"none\">mencion\u00f3 que la entrega de notas laudatorias es un reconocimiento que la Universidad otorga a los alumnos de m\u00e1s alto aprovechamiento acad\u00e9mico.<\/span><span data-ccp-props=\"{&quot;201341983&quot;:0,&quot;335559731&quot;:708,&quot;335559739&quot;:0,&quot;335559740&quot;:240}\">\u00a0<\/span><\/p>\n<p><span data-contrast=\"none\">\u201cEsto es rea<\/span><span data-contrast=\"none\">lmente importante, los felicito porque son un gran n\u00famero de notas laudatoria<\/span><span data-contrast=\"none\">s<\/span><span data-contrast=\"none\">\u00a0que se entregan, lo\u00a0<\/span><span data-contrast=\"none\">cual<\/span><span data-contrast=\"none\">\u00a0habla de<\/span><span data-contrast=\"none\">l<\/span><span data-contrast=\"none\">\u00a0compromiso y esfuerzo de cada uno de ustedes.<\/span><span data-contrast=\"none\">\u00a0<\/span><span data-contrast=\"none\">Recuerden que son ejemplo para sus compa\u00f1eros<\/span><span data-contrast=\"none\">\u00a0y\u00a0<\/span><span data-contrast=\"none\">tienen que apoyar<\/span><span data-contrast=\"none\">los y\u00a0<\/span><span data-contrast=\"none\">seguir trabajando excelentemente bien en cada uno de l<\/span><span data-contrast=\"none\">os programas que seleccionaron.\u201d<\/span><span data-ccp-props=\"{&quot;201341983&quot;:0,&quot;335559731&quot;:708,&quot;335559739&quot;:0,&quot;335559740&quot;:240}\">\u00a0<\/span><\/p>\n<p><span data-contrast=\"none\">Durante el evento acad\u00e9mico se present\u00f3\u00a0<\/span><span data-contrast=\"none\">la<\/span><span data-contrast=\"none\">\u00a0c<\/span><span data-contrast=\"none\">\u00e1<\/span><span data-contrast=\"none\">psula<\/span><span data-contrast=\"none\">\u00a0<\/span><span data-contrast=\"none\">\u201cPensemos en c<\/span><span data-contrast=\"none\">orto<\/span><span data-contrast=\"none\">\u201d<\/span><span data-contrast=\"none\">, que\u00a0<\/span><span data-contrast=\"none\">busc\u00f3 transmitir entre los asistentes<\/span><span data-contrast=\"none\">\u00a0un mensaje de discapacidad, convivencia y diversidad.<\/span><span data-ccp-props=\"{&quot;201341983&quot;:0,&quot;335559731&quot;:708,&quot;335559739&quot;:0,&quot;335559740&quot;:240}\">\u00a0<\/span><\/p>\n<p><span data-contrast=\"none\">Del R\u00edo Montiel se sum\u00f3 a las felicitaciones<\/span><span data-contrast=\"none\">:<\/span><span data-contrast=\"none\">\u00a0\u201c<\/span><span data-contrast=\"none\">M<\/span><span data-contrast=\"none\">e siento muy halagado por este grupo\u00a0<\/span><span data-contrast=\"none\">nutrido<\/span><span data-contrast=\"none\">\u00a0que hoy recib<\/span><span data-contrast=\"none\">e<\/span><span data-contrast=\"none\">\u00a0notas laudatorias<\/span><span data-contrast=\"none\">\u201d.<\/span><span data-contrast=\"none\">\u00a0<\/span><span data-contrast=\"none\">Agradeci\u00f3 tambi\u00e9n la presencia de los docentes pues \u201cson los que intervienen en la formaci\u00f3n de nuestros querido<\/span><span data-contrast=\"none\">s<\/span><span data-contrast=\"none\">\u00a0alumnos de estos cuatro programas educativos<\/span><span data-contrast=\"none\">\u201d<\/span><span data-contrast=\"none\">.<\/span><span data-ccp-props=\"{&quot;201341983&quot;:0,&quot;335559731&quot;:708,&quot;335559739&quot;:0,&quot;335559740&quot;:240}\">\u00a0<\/span><\/p>\n<p><span data-ccp-props=\"{&quot;201341983&quot;:0,&quot;335559739&quot;:0,&quot;335559740&quot;:240}\">\u00a0<\/span><\/p>\n<div id=\"attachment_97475\" style=\"width: 732px\" class=\"wp-caption aligncenter\"><img loading=\"lazy\" decoding=\"async\" aria-describedby=\"caption-attachment-97475\" class=\"size-full wp-image-97475\" src=\"https:\/\/www.uv.mx\/prensa\/files\/2021\/05\/190521-FIMCN-3.jpg\" alt=\"\" width=\"722\" height=\"462\" srcset=\"https:\/\/www.uv.mx\/prensa\/files\/2021\/05\/190521-FIMCN-3.jpg 722w, https:\/\/www.uv.mx\/prensa\/files\/2021\/05\/190521-FIMCN-3-300x192.jpg 300w\" sizes=\"auto, (max-width: 722px) 100vw, 722px\" \/><p id=\"caption-attachment-97475\" class=\"wp-caption-text\">Jorge del R\u00edo Montiel, director de la FIMCN, reconoci\u00f3 el esfuerzo de los j\u00f3venes y se sum\u00f3 a las felicitaciones<\/p><\/div>\n","protected":false},"excerpt":{"rendered":"<p>En la regi\u00f3n Veracruz, fueron reconocidos estudiantes de\u00a0las ingenier\u00edas Mec\u00e1nica, Mec\u00e1nica El\u00e9ctrica, Industrial y Naval\u00a0<\/p>\n","protected":false},"author":1869,"featured_media":97473,"comment_status":"closed","ping_status":"closed","sticky":false,"template":"","format":"standard","meta":{"footnotes":""},"categories":[32,55],"tags":[],"class_list":["post-97471","post","type-post","status-publish","format-standard","has-post-thumbnail","hentry","category-regiones","category-veracruz"],"_links":{"self":[{"href":"https:\/\/www.uv.mx\/prensa\/wp-json\/wp\/v2\/posts\/97471","targetHints":{"allow":["GET"]}}],"collection":[{"href":"https:\/\/www.uv.mx\/prensa\/wp-json\/wp\/v2\/posts"}],"about":[{"href":"https:\/\/www.uv.mx\/prensa\/wp-json\/wp\/v2\/types\/post"}],"author":[{"embeddable":true,"href":"https:\/\/www.uv.mx\/prensa\/wp-json\/wp\/v2\/users\/1869"}],"replies":[{"embeddable":true,"href":"https:\/\/www.uv.mx\/prensa\/wp-json\/wp\/v2\/comments?post=97471"}],"version-history":[{"count":1,"href":"https:\/\/www.uv.mx\/prensa\/wp-json\/wp\/v2\/posts\/97471\/revisions"}],"predecessor-version":[{"id":97543,"href":"https:\/\/www.uv.mx\/prensa\/wp-json\/wp\/v2\/posts\/97471\/revisions\/97543"}],"wp:featuredmedia":[{"embeddable":true,"href":"https:\/\/www.uv.mx\/prensa\/wp-json\/wp\/v2\/media\/97473"}],"wp:attachment":[{"href":"https:\/\/www.uv.mx\/prensa\/wp-json\/wp\/v2\/media?parent=97471"}],"wp:term":[{"taxonomy":"category","embeddable":true,"href":"https:\/\/www.uv.mx\/prensa\/wp-json\/wp\/v2\/categories?post=97471"},{"taxonomy":"post_tag","embeddable":true,"href":"https:\/\/www.uv.mx\/prensa\/wp-json\/wp\/v2\/tags?post=97471"}],"curies":[{"name":"wp","href":"https:\/\/api.w.org\/{rel}","templated":true}]}}