{"id":9745,"date":"2016-04-21T14:00:20","date_gmt":"2016-04-21T19:00:20","guid":{"rendered":"https:\/\/www.uv.mx\/prensa\/?p=9745"},"modified":"2016-05-18T10:47:29","modified_gmt":"2016-05-18T15:47:29","slug":"uv-y-asociacion-chelonia-cuidan-riqueza-biologica-de-veracruz","status":"publish","type":"post","link":"https:\/\/www.uv.mx\/prensa\/general\/uv-y-asociacion-chelonia-cuidan-riqueza-biologica-de-veracruz\/","title":{"rendered":"UV y Asociaci\u00f3n Chelonia cuidan riqueza biol\u00f3gica de Veracruz"},"content":{"rendered":"<p>&nbsp;<\/p>\n<ul>\n<li><em>Afirm\u00f3 el investigador Antonio Castro, en una visita reciente a la Facultad de Biolog\u00eda<\/em><\/li>\n<li><em>Ahora trabajan en el an\u00e1lisis de la distribuci\u00f3n y estado de conservaci\u00f3n del coral cuerno de alce, en Chachalacas<\/em><\/li>\n<\/ul>\n<p>&nbsp;<\/p>\n<p><strong><em>Carlos Hugo Hermida Rosales<\/em><\/strong><\/p>\n<p>&nbsp;<\/p>\n<p>El convenio que la Asociaci\u00f3n Chelonia firm\u00f3 con la Universidad Veracruzana (UV) ha sido de gran beneficio, ya que por medio de \u00e9ste hemos logrado conocer otros aspectos de la conservaci\u00f3n en M\u00e9xico, as\u00ed como su riqueza biol\u00f3gica, afirm\u00f3 Antonio Castro, coordinador de Proyectos de dicha organizaci\u00f3n.<\/p>\n<p>En su visita m\u00e1s reciente a la Facultad de Biolog\u00eda, el investigador explic\u00f3 que la Asociaci\u00f3n Chelonia \u2013privada y sin \u00e1nimo de lucro\u2013 formula y realiza proyectos enfocados a conservar especies amenazadas, as\u00ed como de cooperaci\u00f3n internacional para el desarrollo.<\/p>\n<p>La UV firm\u00f3 un convenio con esta instituci\u00f3n en junio de 2015, el cual fomenta la ejecuci\u00f3n de proyectos que tienen objetivos comunes, enfocados en las partes de investigaci\u00f3n, acad\u00e9mica y conservaci\u00f3n de recursos naturales.<\/p>\n<p>El proyecto m\u00e1s reciente consiste en la publicaci\u00f3n del libro digital <em>Din\u00e1mica poblacional y manejo de tortugas marinas (Chelonia mydas y Lepidochelys kempii) en Santander, Veracruz, M\u00e9xico<\/em>\u201d, el cual parte de la tesis de Edgar Bautista Apan, egresado de la Licenciatura en Biolog\u00eda.<\/p>\n<p>\u201cEste libro es un estudio realizado en el campamento tortuguero Santander, ubicado en el municipio de Alto Lucero; dentro de \u00e9l se analiz\u00f3 la din\u00e1mica de poblaci\u00f3n de dos especies de tortugas marinas que anidan all\u00ed\u201d, explic\u00f3 Antonio Castro.<\/p>\n<p>El investigador subray\u00f3 la importancia del trabajo de investigaci\u00f3n: \u201cActualmente todas las especies de tortugas marinas tienen alg\u00fan grado de amenaza, por lo cual es un trabajo importante para su conservaci\u00f3n, conocer cu\u00e1l es su din\u00e1mica de poblaci\u00f3n y c\u00f3mo se lleva a cabo el manejo en las playas de anidaci\u00f3n\u201d.<\/p>\n<div id=\"attachment_9748\" style=\"width: 310px\" class=\"wp-caption aligncenter\"><a href=\"https:\/\/www.uv.mx\/prensa\/files\/2016\/04\/Chelonia.jpg\"><img aria-describedby=\"caption-attachment-9748\" decoding=\"async\" loading=\"lazy\" class=\"size-medium wp-image-9748\" src=\"https:\/\/www.uv.mx\/prensa\/files\/2016\/04\/Chelonia-300x200.jpg\" alt=\"Antonio Castro, Edgar Bautista y Pascual Linares\" width=\"300\" height=\"200\" srcset=\"https:\/\/www.uv.mx\/prensa\/files\/2016\/04\/Chelonia-300x200.jpg 300w, https:\/\/www.uv.mx\/prensa\/files\/2016\/04\/Chelonia-1024x683.jpg 1024w\" sizes=\"(max-width: 300px) 100vw, 300px\" \/><\/a><p id=\"caption-attachment-9748\" class=\"wp-caption-text\">Antonio Castro, Edgar Bautista y Pascual Linares<\/p><\/div>\n<p>La Asociaci\u00f3n Chelonia apoy\u00f3 en la revisi\u00f3n del texto para su edici\u00f3n, as\u00ed como en el proceso de publicaci\u00f3n en formato digital; la obra se encuentra en la p\u00e1gina <em>web<\/em> <a href=\"http:\/\/www.asociacionchelonia.org\/\">http:\/\/www.asociacionchelonia.org\/<\/a> y forma parte de la colecci\u00f3n de monograf\u00edas que publica cada a\u00f1o sobre temas de conservaci\u00f3n.<\/p>\n<p>En la actualidad la UV y la Asociaci\u00f3n Chelonia trabajan en el proyecto \u201cDistribuci\u00f3n, abundancia y estado de conservaci\u00f3n del coral cuerno de alce en el arrecife de la Laja\u201d, ubicado en la localidad de Chachalacas, municipio de \u00darsulo Galv\u00e1n. Los recursos se obtuvieron por medio del Fondo de Conservaci\u00f3n de Especies Mohamed bin Zayed, instituci\u00f3n filantr\u00f3pica que apoya proyectos de conservaci\u00f3n, con sede en los Emiratos \u00c1rabes Unidos.<\/p>\n<p>\u201cEsta especie de arrecife no es muy conocida a nivel local, y se encuentra amenazada a nivel mundial por una serie de enfermedades que la afectan. Con este estudio se espera conocer su estado para programar estrategias de conservaci\u00f3n adecuadas\u201d, declar\u00f3 Antonio Castro.<\/p>\n<p>Coment\u00f3 que la organizaci\u00f3n que representa y la UV buscan nuevas convocatorias para presentar proyectos de investigaci\u00f3n a otras fundaciones, principalmente enfocados a espec\u00edmenes de coral y tortugas marinas.<\/p>\n<p>&nbsp;<\/p>\n<p><strong>Beneficios del trabajo conjunto <\/strong><\/p>\n<p>Pascual Linares M\u00e1rquez, acad\u00e9mico de la Facultad de Biolog\u00eda y coordinador del cuerpo acad\u00e9mico Bio\u00e9tica y Conservaci\u00f3n de Recursos Naturales, dio su punto de vista sobre este acuerdo: \u201cPor medio del convenio con la Asociaci\u00f3n Chelonia se ha logrado el fortalecimiento de la Licenciatura en Biolog\u00eda y de las l\u00edneas de investigaci\u00f3n que llevamos a cabo\u201d.<\/p>\n<p>El profesor explic\u00f3 que aunque ya hab\u00edan trabajado antes en campamentos tortugueros, este tipo de asociaciones les permite actualizarse; en octubre de 2015 el Coordinador de Asociaci\u00f3n Chelonia imparti\u00f3 a estudiantes de Biolog\u00eda cursos para gesti\u00f3n y dise\u00f1o de proyectos, lo cual les permite avanzar en proyectos de investigaci\u00f3n.<\/p>\n<p>\u201cAunado a esto, los trabajos de tesis de los alumnos pueden publicarse en esta instituci\u00f3n y llevarlos a congresos, lo cual les sirve en su desarrollo acad\u00e9mico\u201d; enfatiz\u00f3 Pascual Linares.<\/p>\n<p>Edgar Bautista Apan agradeci\u00f3 el apoyo recibido por la Asociaci\u00f3n Chelonia: \u201cMe ayud\u00f3 en el proceso de divulgaci\u00f3n de mi tesis. Afirm\u00f3 que gracias a este convenio la publicaci\u00f3n de este material fue muy sencilla, y que el proceso de trabajo empleado en ello fue muy grato.<\/p>\n<p>&nbsp;<\/p>\n","protected":false},"excerpt":{"rendered":"<p><strong><em>Carlos Hugo Hermida.-<\/em><\/strong>El convenio que la Asociaci\u00f3n Chelonia firm\u00f3 con la Universidad Veracruzana (UV) ha sido de gran beneficio, ya que por medio de \u00e9ste hemos logrado conocer otros aspectos de la conservaci\u00f3n en M\u00e9xico, as\u00ed como su riqueza biol\u00f3gica, afirm\u00f3 Antonio Castro, coordinador de Proyectos de dicha organizaci\u00f3n.<\/p>\n","protected":false},"author":1810,"featured_media":9747,"comment_status":"closed","ping_status":"closed","sticky":false,"template":"","format":"standard","meta":[],"categories":[1],"tags":[3],"_links":{"self":[{"href":"https:\/\/www.uv.mx\/prensa\/wp-json\/wp\/v2\/posts\/9745"}],"collection":[{"href":"https:\/\/www.uv.mx\/prensa\/wp-json\/wp\/v2\/posts"}],"about":[{"href":"https:\/\/www.uv.mx\/prensa\/wp-json\/wp\/v2\/types\/post"}],"author":[{"embeddable":true,"href":"https:\/\/www.uv.mx\/prensa\/wp-json\/wp\/v2\/users\/1810"}],"replies":[{"embeddable":true,"href":"https:\/\/www.uv.mx\/prensa\/wp-json\/wp\/v2\/comments?post=9745"}],"version-history":[{"count":0,"href":"https:\/\/www.uv.mx\/prensa\/wp-json\/wp\/v2\/posts\/9745\/revisions"}],"wp:featuredmedia":[{"embeddable":true,"href":"https:\/\/www.uv.mx\/prensa\/wp-json\/wp\/v2\/media\/9747"}],"wp:attachment":[{"href":"https:\/\/www.uv.mx\/prensa\/wp-json\/wp\/v2\/media?parent=9745"}],"wp:term":[{"taxonomy":"category","embeddable":true,"href":"https:\/\/www.uv.mx\/prensa\/wp-json\/wp\/v2\/categories?post=9745"},{"taxonomy":"post_tag","embeddable":true,"href":"https:\/\/www.uv.mx\/prensa\/wp-json\/wp\/v2\/tags?post=9745"}],"curies":[{"name":"wp","href":"https:\/\/api.w.org\/{rel}","templated":true}]}}