{"id":97403,"date":"2021-05-18T13:49:11","date_gmt":"2021-05-18T18:49:11","guid":{"rendered":"https:\/\/www.uv.mx\/prensa\/?p=97403"},"modified":"2021-05-18T14:48:23","modified_gmt":"2021-05-18T19:48:23","slug":"uv-unam-alfaguara-fil-y-oui-iniciaron-catedra-interamericana-carlos-fuentes","status":"publish","type":"post","link":"https:\/\/www.uv.mx\/prensa\/banner\/uv-unam-alfaguara-fil-y-oui-iniciaron-catedra-interamericana-carlos-fuentes\/","title":{"rendered":"UV, UNAM, Alfaguara, FIL y OUI iniciaron C\u00e1tedra Interamericana \u201cCarlos Fuentes\u201d\u00a0"},"content":{"rendered":"<style type=\"text\/css\"><span data-mce-type=\"bookmark\" style=\"width: 0px;overflow: hidden;line-height: 0\" class=\"mce_SELRES_start\">\ufeff<\/span><br \/>  blockquote p { color: #28519b; font-family: helvetica; font-size: 1.4em; }<br \/><\/style>\n<ul>\n<li data-leveltext=\"\u25cf\" data-font=\"\" data-listid=\"1\" data-aria-posinset=\"1\" data-aria-level=\"1\"><i><span data-contrast=\"auto\">\u201c<\/span><\/i><i><span data-contrast=\"auto\">Estoy segura de que sus excepcionales ponentes habr\u00e1n de ofrecernos nuevas lecturas de\u00a0<\/span><\/i><span data-contrast=\"auto\">Tiempo mexicano<\/span><i><span data-contrast=\"auto\">, obra capital de Fuentes y clave de nuestra literatura y nuestra historia<\/span><\/i><i><span data-contrast=\"auto\">\u201d<\/span><\/i><i><span data-contrast=\"auto\">, dijo la rectora Sara Ladr\u00f3n de Guevara<\/span><\/i><span data-ccp-props=\"{&quot;201341983&quot;:0,&quot;335559740&quot;:240}\">\u00a0<\/span><\/li>\n<li data-leveltext=\"\u25cf\" data-font=\"\" data-listid=\"1\" data-aria-posinset=\"2\" data-aria-level=\"1\"><i><span data-contrast=\"auto\">La transmisi\u00f3n en l\u00ednea se puede seguir en www.uv.mx\/television y el\u00a0<\/span><\/i><span data-contrast=\"auto\">Facebook Live<\/span><i><span data-contrast=\"auto\">\u00a0de Tele UV: www.facebook.com\/TeleUV<\/span><\/i><span data-ccp-props=\"{&quot;201341983&quot;:0,&quot;335559740&quot;:240}\">\u00a0<\/span><\/li>\n<\/ul>\n<p><span data-ccp-props=\"{&quot;201341983&quot;:0,&quot;335559740&quot;:240}\">\u00a0<\/span><\/p>\n<div id=\"attachment_97405\" style=\"width: 732px\" class=\"wp-caption aligncenter\"><img aria-describedby=\"caption-attachment-97405\" decoding=\"async\" loading=\"lazy\" class=\"size-full wp-image-97405\" src=\"https:\/\/www.uv.mx\/prensa\/files\/2021\/05\/180521-CICF-1.jpg\" alt=\"\" width=\"722\" height=\"482\" srcset=\"https:\/\/www.uv.mx\/prensa\/files\/2021\/05\/180521-CICF-1.jpg 722w, https:\/\/www.uv.mx\/prensa\/files\/2021\/05\/180521-CICF-1-300x200.jpg 300w\" sizes=\"(max-width: 722px) 100vw, 722px\" \/><p id=\"caption-attachment-97405\" class=\"wp-caption-text\">La rectora Sara Ladr\u00f3n de Guevara inaugur\u00f3 formalmente la octava edici\u00f3n de la C\u00e1tedra\u00a0Interamericana \u201cCarlos Fuentes\u201d<\/p><\/div>\n<p>&nbsp;<\/p>\n<blockquote><p><span data-contrast=\"auto\">\u201cHoy es el tiempo de\u00a0<\/span><i><span data-contrast=\"auto\">Tiempo mexicano<\/span><\/i><span data-contrast=\"auto\">, publicado hace 50 a\u00f1os, en 1971; lo abordamos en medio de una pol\u00e9mica conmemoraci\u00f3n de 500 a\u00f1os de la ca\u00edda de la gran Tenochtitlan y un falso fechamiento de 700 a\u00f1os de la fundaci\u00f3n de dicha urbe; es tiempo tambi\u00e9n de la conmemoraci\u00f3n de 200 a\u00f1os del M\u00e9xico independiente\u201d: Sara Ladr\u00f3n de Guevara, rectora de la UV<\/span><span data-ccp-props=\"{&quot;201341983&quot;:0,&quot;335559740&quot;:240}\">\u00a0<\/span><\/p><\/blockquote>\n<p><span data-ccp-props=\"{&quot;201341983&quot;:0,&quot;335559740&quot;:240}\">\u00a0<\/span><\/p>\n<p><b><i><span data-contrast=\"auto\">David Sandoval Rodr\u00edguez<\/span><\/i><\/b><span data-ccp-props=\"{&quot;201341983&quot;:0,&quot;335559740&quot;:240}\">\u00a0<\/span><\/p>\n<p><b><i><span data-contrast=\"auto\">18\/05\/<\/span><\/i><\/b><b><i><span data-contrast=\"auto\">20<\/span><\/i><\/b><b><i><span data-contrast=\"auto\">21<\/span><\/i><\/b><b><i><span data-contrast=\"auto\">,<\/span><\/i><\/b><b><i><span data-contrast=\"auto\">\u00a0Xalapa, Ver.-<\/span><\/i><\/b><span data-contrast=\"auto\">\u00a0La <a href=\"https:\/\/www.uv.mx\/\">Universidad Veracruzana<\/a> (UV) inici\u00f3 las actividades de la octava edici\u00f3n de la C\u00e1tedra Interamericana \u201cCarlos Fuentes\u201d (CICF), con la tem\u00e1tica \u201c<\/span><i><span data-contrast=\"auto\">Tiempo mexicano<\/span><\/i><span data-contrast=\"auto\">: 50 a\u00f1os despu\u00e9s\u201d, que se desarrolla de manera virtual los d\u00edas 18 y 19 de mayo y\u00a0<\/span><span data-contrast=\"auto\">se\u00a0<\/span><span data-contrast=\"auto\">transmit<\/span><span data-contrast=\"auto\">e<\/span><span data-contrast=\"auto\">\u00a0por\u00a0<\/span><i><span data-contrast=\"auto\">Facebook Live<\/span><\/i><span data-contrast=\"auto\">\u00a0de Tele UV: www.facebook.com\/TeleUV.<\/span><span data-ccp-props=\"{&quot;201341983&quot;:0,&quot;335559740&quot;:240}\">\u00a0<\/span><\/p>\n<p><span data-contrast=\"auto\">En esta ocasi\u00f3n se suman al evento la Feria Internacional del Libro\u00a0<\/span><span data-contrast=\"auto\">(FIL)\u00a0<\/span><span data-contrast=\"auto\">de Guadalajara, la Universidad de Guadalajara, la Universidad Nacional Aut\u00f3noma de M\u00e9xico (UNAM), la Editorial Alfaguara y la Organizaci\u00f3n Universitaria Interamericana (OUI).<\/span><span data-ccp-props=\"{&quot;201341983&quot;:0,&quot;335559740&quot;:240}\">\u00a0<\/span><\/p>\n<p><span data-contrast=\"auto\">Al dar la bienvenida a los ponentes y organizadores de la CICF, Sara Ladr\u00f3n de Guevara, rectora de la UV, manifest\u00f3<\/span><span data-contrast=\"auto\">:<\/span><span data-contrast=\"auto\">\u00a0\u201c<\/span><span data-contrast=\"auto\">H<\/span><span data-contrast=\"auto\">oy es el tiempo de\u00a0<\/span><i><span data-contrast=\"auto\">Tiempo m<\/span><\/i><i><span data-contrast=\"auto\">exicano<\/span><\/i><span data-contrast=\"auto\">, publicado hace 50 a\u00f1os, en 1971; lo abordamos en medio de una pol\u00e9mica conmemoraci\u00f3n de 500 a\u00f1os de la ca\u00edda de la gran Tenochtitlan y un falso\u00a0<\/span><span data-contrast=\"auto\">fechamiento<\/span><span data-contrast=\"auto\">\u00a0de 7<\/span><span data-contrast=\"auto\">00 a\u00f1os de la fundaci\u00f3n de dicha<\/span><span data-contrast=\"auto\">\u00a0urbe; es tiempo tambi\u00e9n de la conmemoraci\u00f3n de 200 a\u00f1os del M\u00e9xico independiente\u201d<\/span><span data-contrast=\"auto\">.<\/span><span data-ccp-props=\"{&quot;201341983&quot;:0,&quot;335559740&quot;:240}\">\u00a0<\/span><\/p>\n<p><span data-contrast=\"auto\">Detall\u00f3 que la p<\/span><span data-contrast=\"auto\">resente edici\u00f3n de la c<\/span><span data-contrast=\"auto\">\u00e1tedra se organiza bajo tres mesas tem\u00e1ticas:\u00a0<\/span><span data-contrast=\"auto\">\u201c<\/span><span data-contrast=\"auto\">Tiempo hist\u00f3rico<\/span><span data-contrast=\"auto\">\u201d<\/span><span data-contrast=\"auto\">,\u00a0<\/span><span data-contrast=\"auto\">\u201c<\/span><span data-contrast=\"auto\">Tiempo pol\u00edtico<\/span><span data-contrast=\"auto\">\u201d<\/span><span data-contrast=\"auto\">\u00a0y\u00a0<\/span><span data-contrast=\"auto\">\u201c<\/span><span data-contrast=\"auto\">Tiempo cultural<\/span><span data-contrast=\"auto\">\u201d<\/span><span data-contrast=\"auto\">, de<\/span><span data-contrast=\"auto\">stacando que \u201cla emisi\u00f3n de la c<\/span><span data-contrast=\"auto\">\u00e1tedra en este formato digital permitir\u00e1 su reproducci\u00f3n en tiempos y espacios diversos, lo que multiplicar\u00e1 sin duda sus alcances\u201d.<\/span><span data-ccp-props=\"{&quot;201341983&quot;:0,&quot;335559731&quot;:720,&quot;335559740&quot;:240}\">\u00a0<\/span><\/p>\n<p><span data-contrast=\"auto\">Sara\u00a0<\/span><span data-contrast=\"auto\">Ladr\u00f3n de Guevara reconoci\u00f3 la participaci\u00f3n de los ponentes Carmen Iglesias, directora de la Real Academia de la\u00a0<\/span><span data-contrast=\"auto\">Historia, Espa\u00f1a; H\u00e9ctor Aguilar Cam\u00edn, escritor y periodista, y Roger Bartra, antrop\u00f3logo y soci\u00f3logo, quienes\u00a0<\/span><span data-contrast=\"auto\">disertaron\u00a0<\/span><span data-contrast=\"auto\">en<\/span><span data-contrast=\"auto\">\u00a0la mesa \u201cTiempo hist\u00f3rico\u201d.<\/span><span data-ccp-props=\"{&quot;201341983&quot;:0,&quot;335559731&quot;:720,&quot;335559740&quot;:240}\">\u00a0<\/span><\/p>\n<p>&nbsp;<\/p>\n<div id=\"attachment_97406\" style=\"width: 732px\" class=\"wp-caption aligncenter\"><img aria-describedby=\"caption-attachment-97406\" decoding=\"async\" loading=\"lazy\" class=\"size-full wp-image-97406\" src=\"https:\/\/www.uv.mx\/prensa\/files\/2021\/05\/180521-CICF-2.jpg\" alt=\"\" width=\"722\" height=\"405\" srcset=\"https:\/\/www.uv.mx\/prensa\/files\/2021\/05\/180521-CICF-2.jpg 722w, https:\/\/www.uv.mx\/prensa\/files\/2021\/05\/180521-CICF-2-300x168.jpg 300w\" sizes=\"(max-width: 722px) 100vw, 722px\" \/><p id=\"caption-attachment-97406\" class=\"wp-caption-text\">Silvia Lemus, patrocinadora de la CICF, agradeci\u00f3 a las instituciones e intelectuales involucrados en la realizaci\u00f3n del evento en medio de la pandemia<\/p><\/div>\n<p>&nbsp;<\/p>\n<p><span data-contrast=\"auto\">\u201cEstoy segura de que a trav\u00e9s de las tres grandes mesas en que ha sido dividida esta edici\u00f3n, sus excepcionales y l\u00facidos ponentes habr\u00e1n de ofrecernos nuevas lecturas de esta obra capital de Fuentes y de esta obra clave de nuestra literatura y nuestra historia<\/span><span data-contrast=\"auto\">.<\/span><span data-contrast=\"auto\">\u00a0<\/span><span data-contrast=\"auto\">A<\/span><span data-contrast=\"auto\">\u00a0todos ellos les agradezco su presencia y participaci\u00f3n, y les doy la m\u00e1s c\u00e1lida y entusiasta bienvenida\u201d.<\/span><span data-ccp-props=\"{&quot;201341983&quot;:0,&quot;335559731&quot;:720,&quot;335559740&quot;:240}\">\u00a0<\/span><\/p>\n<p><span data-contrast=\"auto\">La Rectora destac\u00f3 el aporte de est<\/span><span data-contrast=\"auto\">e libro\u00a0<\/span><span data-contrast=\"auto\">del autor al se\u00f1alar: \u201c<\/span><span data-contrast=\"auto\">H<\/span><span data-contrast=\"auto\">oy me atrevo a decir que\u00a0<\/span><i><span data-contrast=\"auto\">Tiempo mexicano<\/span><\/i><span data-contrast=\"auto\">\u00a0ocupa un lugar de primer orden, aparecido justo despu\u00e9s de ese parteaguas que represent\u00f3 el movimiento estudiantil de 1968 y que se sum\u00f3 a la reflexi\u00f3n posterior a dicho movimiento y acerca de ese tiempo, un tiempo fat\u00eddico y a la vez esperanzador\u201d.<\/span><span data-ccp-props=\"{&quot;201341983&quot;:0,&quot;335559731&quot;:720,&quot;335559740&quot;:240}\">\u00a0<\/span><\/p>\n<p><span data-contrast=\"auto\">Record\u00f3 adem\u00e1s que la CICF fue instaurada en 2009,\u00a0<\/span><span data-contrast=\"auto\">\u201c<\/span><span data-contrast=\"auto\">\u00a0\u2018<\/span><span data-contrast=\"auto\">me<\/span><span data-contrast=\"auto\">\u00a0siento de regreso en mi casa<\/span><span data-contrast=\"auto\">\u2019<\/span><span data-contrast=\"auto\">, dijo el escritor aqu\u00ed, en esa ocasi\u00f3n, en un recinto de la instituci\u00f3n que en el<\/span><span data-contrast=\"auto\">\u00a0a\u00f1o 2000 le hab\u00eda otorgado el D<\/span><span data-contrast=\"auto\">octorado\u00a0<\/span><i><span data-contrast=\"auto\">H<\/span><\/i><i><span data-contrast=\"auto\">onoris\u00a0<\/span><\/i><i><span data-contrast=\"auto\">C<\/span><\/i><i><span data-contrast=\"auto\">ausa<\/span><\/i><span data-contrast=\"auto\">\u00a0y\u00a0<\/span><span data-contrast=\"auto\">donde<\/span><span data-contrast=\"auto\">\u00a0tambi\u00e9n hizo p\u00fablico su deseo de legar su acervo bibliogr\u00e1fico para ser resguardado en nuestra\u00a0<\/span><span data-contrast=\"auto\">U<\/span><span data-contrast=\"auto\">niversidad, en una sala con el nombre de su hijo: Carlos Fuentes Lemus. Este deseo ha sido mantenido y reiterado por do\u00f1a Silvia Lemus, de tal forma que se avecina la llegada de dicho conjunto de vol\u00famenes que ameritaron formar parte de su biblioteca; expreso aqu\u00ed nuestro agradecimiento a Silvia Lemus y por supuesto a Carlos Fuentes\u00a0<\/span><i><span data-contrast=\"auto\">in memoriam<\/span><\/i><span data-contrast=\"auto\">\u00a0por este legado a la Universidad Veracruzana\u201d.<\/span><span data-ccp-props=\"{&quot;201341983&quot;:0,&quot;335559731&quot;:720,&quot;335559740&quot;:240}\">\u00a0<\/span><\/p>\n<p><span data-contrast=\"auto\">Asimismo, realiz\u00f3 un recuento de las siete ediciones anteriores, destacando que \u201clas memorias de las c\u00e1tedras han sido publicadas en vol\u00famenes impresos, lo que mantiene la memoria de sus resultados\u201d.<\/span><span data-ccp-props=\"{&quot;201341983&quot;:0,&quot;335559731&quot;:720,&quot;335559740&quot;:240}\">\u00a0<\/span><\/p>\n<p><span data-contrast=\"auto\">A continuaci\u00f3n, Silvia Lemus, comunic\u00f3loga y patrocinadora de la c\u00e1tedra, agradeci\u00f3 a los 16 ponentes y a la UV por la realizaci\u00f3n del evento, dedicado a reflexionar sobre el cincuentenario de\u00a0<\/span><i><span data-contrast=\"auto\">Tiempo mexicano<\/span><\/i><span data-contrast=\"auto\">,<\/span><span data-contrast=\"auto\">\u00a0<\/span><span data-contrast=\"auto\">al igual que respecto a su vigencia para entender nuestro presente.<\/span><span data-ccp-props=\"{&quot;201341983&quot;:0,&quot;335559731&quot;:720,&quot;335559740&quot;:240}\">\u00a0<\/span><\/p>\n<p>&nbsp;<\/p>\n<div id=\"attachment_97407\" style=\"width: 732px\" class=\"wp-caption aligncenter\"><img aria-describedby=\"caption-attachment-97407\" decoding=\"async\" loading=\"lazy\" class=\"size-full wp-image-97407\" src=\"https:\/\/www.uv.mx\/prensa\/files\/2021\/05\/180521-CICF-3.jpg\" alt=\"\" width=\"722\" height=\"409\" srcset=\"https:\/\/www.uv.mx\/prensa\/files\/2021\/05\/180521-CICF-3.jpg 722w, https:\/\/www.uv.mx\/prensa\/files\/2021\/05\/180521-CICF-3-300x170.jpg 300w\" sizes=\"(max-width: 722px) 100vw, 722px\" \/><p id=\"caption-attachment-97407\" class=\"wp-caption-text\">V\u00edctor Arredondo, secretario de la CICF, reconoci\u00f3 la suma de instituciones para llevar a cabo la c\u00e1tedra<\/p><\/div>\n<p>&nbsp;<\/p>\n<p><span data-contrast=\"auto\">\u201cEn el caso de Fuentes y su obra, el tiempo estaba siempre \u2018en obras\u2019, haci\u00e9ndose y rehaci\u00e9ndose, y su pertinencia y valor incluyen nuestras tareas, siempre de esperanza, compromiso y trabajo. Carlos sigue trabajando mexicanamente, esto es, solidariamente. En este libro y en su obra toda, Fuentes nos ense\u00f1\u00f3 que el tiempo nuestro es el de entrega y pasi\u00f3n para seguir abriendo espacios a la cr\u00edtica, la esperanza y el futuro; gracias a\u00a0<\/span><span data-contrast=\"auto\">todos y cada uno de los que han hecho posible este di\u00e1logo en medio de la pandemia\u201d, expres\u00f3 la periodista y viuda del escritor.<\/span><span data-ccp-props=\"{&quot;201341983&quot;:0,&quot;335559731&quot;:720,&quot;335559740&quot;:240}\">\u00a0<\/span><\/p>\n<p><span data-contrast=\"auto\">En la presentaci\u00f3n, V\u00edctor Arredondo \u00c1lvarez, secretario de la CICF y ex rector de la UV, destac\u00f3 el gran inter\u00e9s por el tema de esta octava edici\u00f3n\u00a0<\/span><span data-contrast=\"auto\">seguida<\/span><span data-contrast=\"auto\">\u00a0desde 19 pa\u00edses<\/span><span data-contrast=\"auto\">,<\/span><span data-contrast=\"auto\">\u00a0adem\u00e1s de M\u00e9xico<\/span><span data-contrast=\"auto\">,<\/span><span data-contrast=\"auto\">\u00a0y que cuenta con m\u00e1s de 400 registros de asistencia provenientes de Am\u00e9rica y Europa.<\/span><span data-ccp-props=\"{&quot;201341983&quot;:0,&quot;335559731&quot;:720,&quot;335559740&quot;:240}\">\u00a0<\/span><\/p>\n<p><span data-contrast=\"auto\">Resalt\u00f3 la convocatoria que \u201cdebe ser el signo de los tiempos frente a las limitaciones a los presupuestos de educaci\u00f3n y cultura; vale la pena ir buscando nuevas formas de colaboraci\u00f3n institucional, sumando recursos y esfuerzos\u201d.<\/span><span data-ccp-props=\"{&quot;201341983&quot;:0,&quot;335559731&quot;:720,&quot;335559740&quot;:240}\">\u00a0<\/span><\/p>\n<p><span data-contrast=\"auto\">En tal sentido<\/span><span data-contrast=\"auto\">,<\/span><span data-contrast=\"auto\">\u00a0agradeci\u00f3 el apoyo en difusi\u00f3n que brind\u00f3 la C\u00e1tedra\u00a0<\/span><span data-contrast=\"auto\">\u201c<\/span><span data-contrast=\"auto\">Carlos Fuentes\u201d con sede en la UNAM<\/span><span data-contrast=\"auto\">,<\/span><span data-contrast=\"auto\">\u00a0al igual que la F<\/span><span data-contrast=\"auto\">IL\u00a0<\/span><span data-contrast=\"auto\">de Guadalajara, la Universidad de Guadalajara con la transmisi\u00f3n del evento en su canal 44 de televisi\u00f3n abierta<\/span><span data-contrast=\"auto\">,<\/span><span data-contrast=\"auto\">\u00a0y la Universidad Aut\u00f3noma de Nuevo Le\u00f3n (UANL) como fundadora de la CICF<\/span><span data-contrast=\"auto\">;<\/span><span data-contrast=\"auto\">\u00a0agradeci\u00f3 tambi\u00e9n a la editorial Alfaguara<\/span><span data-contrast=\"auto\">,<\/span><span data-contrast=\"auto\">\u00a0as\u00ed como a la OUI.<\/span><span data-ccp-props=\"{&quot;201341983&quot;:0,&quot;335559731&quot;:720,&quot;335559740&quot;:240}\">\u00a0<\/span><\/p>\n<p><span data-contrast=\"auto\">En la S<\/span><span data-contrast=\"auto\">ala de\u00a0<\/span><span data-contrast=\"auto\">J<\/span><span data-contrast=\"auto\">untas de la Rector\u00eda<\/span><span data-contrast=\"auto\">\u00a0atendieron a la inauguraci\u00f3n,\u00a0<\/span><span data-contrast=\"auto\">Magdalena Hern\u00e1ndez Alarc\u00f3n, secretaria Acad\u00e9mica; Salvador Tapia\u00a0Spinoso, secretario de Administraci\u00f3n y Finanzas; Mario Oliva Su\u00e1rez, director general de Relaciones Internacionales; Norma Ang\u00e9lica Cuevas Velasco, secretaria ejecutiva del Consejo Consultivo de C\u00e1tedras de Excelencia; Ric<\/span><span data-contrast=\"auto\">ardo Corzo Ram\u00edrez, secretario A<\/span><span data-contrast=\"auto\">cad\u00e9mico de la CICF<\/span><span data-contrast=\"auto\">,<\/span><span data-contrast=\"auto\">\u00a0y Raciel Mart\u00ednez G\u00f3mez, titular de la Direcci\u00f3n General de Comunicaci\u00f3n Universitaria.<\/span><span data-ccp-props=\"{&quot;201341983&quot;:0,&quot;335559731&quot;:720,&quot;335559740&quot;:240}\">\u00a0<\/span><\/p>\n<p><span data-ccp-props=\"{&quot;201341983&quot;:0,&quot;335559740&quot;:240}\">\u00a0<\/span><\/p>\n<div id=\"attachment_97408\" style=\"width: 732px\" class=\"wp-caption aligncenter\"><img aria-describedby=\"caption-attachment-97408\" decoding=\"async\" loading=\"lazy\" class=\"size-full wp-image-97408\" src=\"https:\/\/www.uv.mx\/prensa\/files\/2021\/05\/180521-CICF-4-Y-BANNER.jpg\" alt=\"\" width=\"722\" height=\"409\" srcset=\"https:\/\/www.uv.mx\/prensa\/files\/2021\/05\/180521-CICF-4-Y-BANNER.jpg 722w, https:\/\/www.uv.mx\/prensa\/files\/2021\/05\/180521-CICF-4-Y-BANNER-300x170.jpg 300w\" sizes=\"(max-width: 722px) 100vw, 722px\" \/><p id=\"caption-attachment-97408\" class=\"wp-caption-text\">Acad\u00e9micos, investigadores y funcionarios universitarios atendieron de manera presencial y virtual la inauguraci\u00f3n de la CICF<\/p><\/div>\n","protected":false},"excerpt":{"rendered":"<p>Silvia Lemus agradeci\u00f3 a los 16 ponentes y a la UV por la realizaci\u00f3n del evento, dedicado a reflexionar sobre el cincuentenario de\u00a0<em>Tiempo mexicano<\/em>\u00a0<\/p>\n","protected":false},"author":1869,"featured_media":97404,"comment_status":"closed","ping_status":"closed","sticky":false,"template":"","format":"standard","meta":[],"categories":[61],"tags":[],"_links":{"self":[{"href":"https:\/\/www.uv.mx\/prensa\/wp-json\/wp\/v2\/posts\/97403"}],"collection":[{"href":"https:\/\/www.uv.mx\/prensa\/wp-json\/wp\/v2\/posts"}],"about":[{"href":"https:\/\/www.uv.mx\/prensa\/wp-json\/wp\/v2\/types\/post"}],"author":[{"embeddable":true,"href":"https:\/\/www.uv.mx\/prensa\/wp-json\/wp\/v2\/users\/1869"}],"replies":[{"embeddable":true,"href":"https:\/\/www.uv.mx\/prensa\/wp-json\/wp\/v2\/comments?post=97403"}],"version-history":[{"count":2,"href":"https:\/\/www.uv.mx\/prensa\/wp-json\/wp\/v2\/posts\/97403\/revisions"}],"predecessor-version":[{"id":97425,"href":"https:\/\/www.uv.mx\/prensa\/wp-json\/wp\/v2\/posts\/97403\/revisions\/97425"}],"wp:featuredmedia":[{"embeddable":true,"href":"https:\/\/www.uv.mx\/prensa\/wp-json\/wp\/v2\/media\/97404"}],"wp:attachment":[{"href":"https:\/\/www.uv.mx\/prensa\/wp-json\/wp\/v2\/media?parent=97403"}],"wp:term":[{"taxonomy":"category","embeddable":true,"href":"https:\/\/www.uv.mx\/prensa\/wp-json\/wp\/v2\/categories?post=97403"},{"taxonomy":"post_tag","embeddable":true,"href":"https:\/\/www.uv.mx\/prensa\/wp-json\/wp\/v2\/tags?post=97403"}],"curies":[{"name":"wp","href":"https:\/\/api.w.org\/{rel}","templated":true}]}}