{"id":97142,"date":"2021-05-14T08:00:37","date_gmt":"2021-05-14T13:00:37","guid":{"rendered":"https:\/\/www.uv.mx\/prensa\/?p=97142"},"modified":"2021-05-18T12:00:54","modified_gmt":"2021-05-18T17:00:54","slug":"egresados-deben-actualizarse-y-desarrollar-mas-habilidades","status":"publish","type":"post","link":"https:\/\/www.uv.mx\/prensa\/general\/egresados-deben-actualizarse-y-desarrollar-mas-habilidades\/","title":{"rendered":"Egresados deben actualizarse\u00a0y\u00a0desarrollar\u00a0m\u00e1s\u00a0habilidades\u00a0"},"content":{"rendered":"<ul>\n<li data-leveltext=\"\uf0b7\" data-font=\"Symbol\" data-listid=\"5\" data-aria-posinset=\"1\" data-aria-level=\"1\"><i><span data-contrast=\"auto\">\u201cPara que alguien sobresalga,\u00a0su trabajo debe emocionarle y darle satisfacci\u00f3n\u201d:\u00a0Lucila Neri<\/span><\/i><span data-ccp-props=\"{}\">\u00a0<\/span><\/li>\n<li data-leveltext=\"\uf0b7\" data-font=\"Symbol\" data-listid=\"5\" data-aria-posinset=\"2\" data-aria-level=\"1\"><i><span data-contrast=\"auto\">\u201cLa uni\u00f3n entre colegas es muy \u00fatil para superar retos y dificultades\u201d:\u00a0Aura Cid<\/span><\/i><span data-ccp-props=\"{}\">\u00a0<\/span><\/li>\n<\/ul>\n<p><span data-ccp-props=\"{}\">\u00a0<\/span><\/p>\n<div id=\"attachment_97143\" style=\"width: 732px\" class=\"wp-caption aligncenter\"><a href=\"https:\/\/www.uv.mx\/prensa\/files\/2021\/05\/120521-CARLOS-oportunidades-desarrollo.jpg\"><img aria-describedby=\"caption-attachment-97143\" decoding=\"async\" loading=\"lazy\" class=\"size-full wp-image-97143\" src=\"https:\/\/www.uv.mx\/prensa\/files\/2021\/05\/120521-CARLOS-oportunidades-desarrollo.jpg\" alt=\"\" width=\"722\" height=\"406\" srcset=\"https:\/\/www.uv.mx\/prensa\/files\/2021\/05\/120521-CARLOS-oportunidades-desarrollo.jpg 722w, https:\/\/www.uv.mx\/prensa\/files\/2021\/05\/120521-CARLOS-oportunidades-desarrollo-300x169.jpg 300w\" sizes=\"(max-width: 722px) 100vw, 722px\" \/><\/a><p id=\"caption-attachment-97143\" class=\"wp-caption-text\">En el panel participaron egresados de seis carreras distintas<\/p><\/div>\n<p><span data-ccp-props=\"{}\">\u00a0<\/span><\/p>\n<p><b><i><span data-contrast=\"auto\">Carlos Hugo Hermida Rosales<\/span><\/i><\/b><span data-ccp-props=\"{}\">\u00a0<\/span><\/p>\n<p><b><i><span data-contrast=\"auto\">14\/05\/2021,\u00a0Xalapa,\u00a0Ver.-\u00a0<\/span><\/i><\/b><span data-contrast=\"auto\">Profesionistas que se formaron en el <a href=\"https:\/\/www.uv.mx\/humanidades\/\" target=\"_blank\" rel=\"noopener\">\u00c1rea Acad\u00e9mica de Humanidades<\/a> de\u00a0la Universidad Veracruzana (UV)\u00a0dialogaron el 12 de mayo sobre los retos a los que se han enfrentado en el rubro laboral,\u00a0dentro del panel\u00a0\u201cOportunidades de desarrollo profesional con las que cuentan los egresados de Humanidades-UV\u201d.<\/span><span data-ccp-props=\"{}\">\u00a0<\/span><\/p>\n<p><span data-contrast=\"auto\">El evento\u00a0que se desarroll\u00f3 dentro del\u00a01er. Foro Estatal de Egresados de los Programas Educativos de Humanidades\u00a0tuvo la participaci\u00f3n de\u00a0Elvia L\u00f3pez Vera, Aura Cid\u00a0Tepole\u00a0y Alejandro\u00a0Dom\u00ednguez\u00a0Almendra, egresados de las facultades de Letras Espa\u00f1olas, Sociolog\u00eda y Pedagog\u00eda.\u00a0<\/span><span data-ccp-props=\"{&quot;335559731&quot;:708}\">\u00a0<\/span><\/p>\n<p><span data-contrast=\"auto\">Adem\u00e1s de Lucila Neri P\u00e9rez, Carlos Adri\u00e1n Campillo\u00a0Lazcura\u00edn\u00a0y Mar\u00eda Fernanda Galindo Ruiz, egresados de las facultades de Antropolog\u00eda, Filosof\u00eda e Historia, moderados\u00a0por\u00a0Carmen B\u00e1ez Vel\u00e1zquez,\u00a0directora de la Facultad de Idiomas.<\/span><span data-ccp-props=\"{&quot;335559731&quot;:708}\">\u00a0<\/span><\/p>\n<p><span data-contrast=\"auto\">Lucila Neri mencion\u00f3 que\u00a0ser universitario implica m\u00e1s que aprender conocimiento disciplinar, y enfatiz\u00f3 que todo egresado debe desarrollar habilidades que le permitan estar bien con\u00a0<\/span><span data-contrast=\"auto\">\u00e9l<\/span><span data-contrast=\"auto\">\u00a0y con los empleos a\u00a0los\u00a0que aspira.\u00a0<\/span><span data-ccp-props=\"{&quot;335559731&quot;:708}\">\u00a0<\/span><\/p>\n<p><span data-contrast=\"auto\">Declar\u00f3 que la actualizaci\u00f3n constante es fundamental, ya que permite acceder a mejores oportunidades, y que adem\u00e1s de ello es\u00a0indispensable\u00a0contar con ganas de ejercer la profesi\u00f3n.\u00a0<\/span><span data-ccp-props=\"{&quot;335559731&quot;:708}\">\u00a0<\/span><\/p>\n<p><span data-contrast=\"auto\">\u201cPara que alguien sobresalga su trabajo debe emocionarle\u00a0y darle satisfacci\u00f3n\u201d, asegur\u00f3.\u00a0<\/span><span data-ccp-props=\"{&quot;335559731&quot;:708}\">\u00a0<\/span><\/p>\n<p><span data-contrast=\"auto\">Adri\u00e1n Campillo\u00a0puntualiz\u00f3 que los egresados del\u00a0<\/span><span data-contrast=\"auto\">\u00c1<\/span><span data-contrast=\"auto\">rea de Humanidades deben tener la pr\u00e1ctica de hablar y escuchar a los dem\u00e1s y reconocer sus capacidades y posibilidades, y adem\u00e1s la capacidad de fomentar la inter y\u00a0transdisciplinariedad\u00a0ya que\u00a0<\/span><span data-contrast=\"auto\">\u00e9<\/span><span data-contrast=\"auto\">stas permiten la resoluci\u00f3n de problemas y la toma de decisiones consensuadas.\u00a0<\/span><span data-ccp-props=\"{&quot;335559731&quot;:708}\">\u00a0<\/span><\/p>\n<p><span data-contrast=\"auto\">Comparti\u00f3 que sus oportunidades de desarrollo profesional siempre han estado ligadas a la creatividad, claridad, actualidad, congruencia, consistencia, constancia, cr\u00edtica y di\u00e1logo.\u00a0<\/span><span data-ccp-props=\"{&quot;335559731&quot;:708}\">\u00a0<\/span><\/p>\n<p><span data-contrast=\"auto\">Fernanda Galindo coincidi\u00f3 en que para los profesionales del\u00a0<\/span><span data-contrast=\"auto\">\u00c1<\/span><span data-contrast=\"auto\">rea de Humanidades la actualizaci\u00f3n\u00a0constante\u00a0es indispensable,\u00a0ya que\u00a0el\u00a0conocimiento evoluciona\u00a0y\u00a0las\u00a0herramientas deben dominarse para desenvolverse adecuadamente.<\/span><span data-ccp-props=\"{&quot;335559731&quot;:708}\">\u00a0<\/span><\/p>\n<p><span data-contrast=\"auto\">Asegur\u00f3 que la pr\u00e1ctica es necesaria para formarse en cualquier disciplina de esta \u00e1rea, ya que la teor\u00eda por s\u00ed sola queda obsoleta.\u00a0<\/span><span data-ccp-props=\"{&quot;335559731&quot;:708}\">\u00a0<\/span><\/p>\n<p><span data-contrast=\"auto\">Elvia L\u00f3pez\u00a0destac\u00f3 la importancia de la visi\u00f3n interdisciplinaria de las Humanidades, aunque afirm\u00f3 que el reconocimiento de \u00e9sta es un reto a\u00fan por superar.\u00a0<\/span><span data-ccp-props=\"{&quot;335559731&quot;:708}\">\u00a0<\/span><\/p>\n<p><span data-contrast=\"auto\">Brind\u00f3 como ejemplo\u00a0que no concibe el lenguaje y la comunicaci\u00f3n\u00a0sin el enfoque cultural de la antropolog\u00eda, y tampoco a \u00e9sta y a\u00a0la\u00a0ling\u00fc\u00edstica sin el gran aporte que dan los estudios literarios.\u00a0<\/span><span data-ccp-props=\"{&quot;335559731&quot;:708}\">\u00a0<\/span><\/p>\n<p><span data-contrast=\"auto\">Alejandro Dom\u00ednguez\u00a0coment\u00f3 que dentro de sus labores los profesionistas de las Humanidades\u00a0tienen\u00a0acercamiento con las personas, y que generalmente es algo que disfrutan en gran medida.\u00a0<\/span><span data-ccp-props=\"{&quot;335559731&quot;:708}\">\u00a0<\/span><\/p>\n<p><span data-contrast=\"auto\">\u201cEsta cercan\u00eda nos motiva y nos hace pensar que hacemos lo correcto para la sociedad y el pa\u00eds\u201d, enfatiz\u00f3.<\/span><span data-ccp-props=\"{&quot;335559731&quot;:708}\">\u00a0<\/span><\/p>\n<p><span data-contrast=\"auto\">Aura Cid\u00a0declar\u00f3 que quienes laboran en el rubro de las Humanidades deben buscar estrategias para relacionarse con compa\u00f1eros que compartan\u00a0sus\u00a0mismas miradas, ya que ello les permitir\u00e1 avanzar de manera personal.\u00a0<\/span><span data-ccp-props=\"{&quot;335559731&quot;:708}\">\u00a0<\/span><\/p>\n<p><span data-contrast=\"auto\">\u201cLa uni\u00f3n entre colegas es muy \u00fatil para superar retos y dificultades,\u00a0pruebas de la vida cotidiana, y asuntos extraordinarios como la pandemia de Covid-19\u201d, enunci\u00f3.\u00a0<\/span><\/p>\n","protected":false},"excerpt":{"rendered":"<p>Profesionistas participaron en el\u00a01er. Foro Estatal de Egresados de los Programas Educativos de Humanidades\u00a0<\/p>\n","protected":false},"author":1869,"featured_media":97143,"comment_status":"closed","ping_status":"closed","sticky":false,"template":"","format":"standard","meta":[],"categories":[1],"tags":[],"_links":{"self":[{"href":"https:\/\/www.uv.mx\/prensa\/wp-json\/wp\/v2\/posts\/97142"}],"collection":[{"href":"https:\/\/www.uv.mx\/prensa\/wp-json\/wp\/v2\/posts"}],"about":[{"href":"https:\/\/www.uv.mx\/prensa\/wp-json\/wp\/v2\/types\/post"}],"author":[{"embeddable":true,"href":"https:\/\/www.uv.mx\/prensa\/wp-json\/wp\/v2\/users\/1869"}],"replies":[{"embeddable":true,"href":"https:\/\/www.uv.mx\/prensa\/wp-json\/wp\/v2\/comments?post=97142"}],"version-history":[{"count":1,"href":"https:\/\/www.uv.mx\/prensa\/wp-json\/wp\/v2\/posts\/97142\/revisions"}],"predecessor-version":[{"id":97388,"href":"https:\/\/www.uv.mx\/prensa\/wp-json\/wp\/v2\/posts\/97142\/revisions\/97388"}],"wp:featuredmedia":[{"embeddable":true,"href":"https:\/\/www.uv.mx\/prensa\/wp-json\/wp\/v2\/media\/97143"}],"wp:attachment":[{"href":"https:\/\/www.uv.mx\/prensa\/wp-json\/wp\/v2\/media?parent=97142"}],"wp:term":[{"taxonomy":"category","embeddable":true,"href":"https:\/\/www.uv.mx\/prensa\/wp-json\/wp\/v2\/categories?post=97142"},{"taxonomy":"post_tag","embeddable":true,"href":"https:\/\/www.uv.mx\/prensa\/wp-json\/wp\/v2\/tags?post=97142"}],"curies":[{"name":"wp","href":"https:\/\/api.w.org\/{rel}","templated":true}]}}