{"id":97125,"date":"2021-05-13T09:51:47","date_gmt":"2021-05-13T14:51:47","guid":{"rendered":"https:\/\/www.uv.mx\/prensa\/?p=97125"},"modified":"2021-05-13T13:18:35","modified_gmt":"2021-05-13T18:18:35","slug":"corrupcion-impunidad-y-violencia-de-genero-no-son-temas-aislados-especialistas","status":"publish","type":"post","link":"https:\/\/www.uv.mx\/prensa\/regiones\/corrupcion-impunidad-y-violencia-de-genero-no-son-temas-aislados-especialistas\/","title":{"rendered":"Corrupci\u00f3n, impunidad y violencia de g\u00e9nero no son temas aislados: especialistas"},"content":{"rendered":"<ul>\n<li data-leveltext=\"\uf0b7\" data-font=\"Symbol\" data-listid=\"1\" data-aria-posinset=\"1\" data-aria-level=\"1\"><i><span data-contrast=\"auto\">El tema\u00a0fue analizado\u00a0en la Semana Cultural y Deportiva\u00a0de\u00a0la regi\u00f3n\u00a0Coatzacoalcos-Minatitl\u00e1n<\/span><\/i><span data-ccp-props=\"{&quot;134233279&quot;:true,&quot;201341983&quot;:0,&quot;335559739&quot;:160,&quot;335559740&quot;:240}\">\u00a0<\/span><\/li>\n<\/ul>\n<p><span data-ccp-props=\"{&quot;134233279&quot;:true,&quot;201341983&quot;:0,&quot;335559739&quot;:160,&quot;335559740&quot;:240}\">\u00a0<\/span><\/p>\n<div id=\"attachment_97126\" style=\"width: 732px\" class=\"wp-caption aligncenter\"><a href=\"https:\/\/www.uv.mx\/prensa\/files\/2021\/05\/120521-Impacto-de-la-corrupcion-100k.jpg\"><img loading=\"lazy\" decoding=\"async\" aria-describedby=\"caption-attachment-97126\" class=\"size-full wp-image-97126\" src=\"https:\/\/www.uv.mx\/prensa\/files\/2021\/05\/120521-Impacto-de-la-corrupcion-100k.jpg\" alt=\"En el conversatorio tambi\u00e9n estuvieron presentes autoridades regionales \" width=\"722\" height=\"482\" srcset=\"https:\/\/www.uv.mx\/prensa\/files\/2021\/05\/120521-Impacto-de-la-corrupcion-100k.jpg 722w, https:\/\/www.uv.mx\/prensa\/files\/2021\/05\/120521-Impacto-de-la-corrupcion-100k-300x200.jpg 300w\" sizes=\"auto, (max-width: 722px) 100vw, 722px\" \/><\/a><p id=\"caption-attachment-97126\" class=\"wp-caption-text\">En el conversatorio tambi\u00e9n estuvieron presentes autoridades regionales<\/p><\/div>\n<p>&nbsp;<\/p>\n<p><b><i><span data-contrast=\"auto\">Karina de la Paz Reyes D\u00edaz<\/span><\/i><\/b><span data-ccp-props=\"{&quot;134233279&quot;:true,&quot;201341983&quot;:0,&quot;335559739&quot;:160,&quot;335559740&quot;:240}\">\u00a0<\/span><\/p>\n<p><b><i><span data-contrast=\"auto\">13\/05\/2021,\u00a0Coatzacoalcos,\u00a0Ver.-<\/span><\/i><\/b><span data-contrast=\"auto\">\u00a0La\u00a0corrupci\u00f3n, impunidad y\u00a0la violencia de g\u00e9nero\u00a0no son\u00a0temas aislados,\u00a0aseguraron\u00a0Elvia Higuera P\u00e9rez, secretaria T\u00e9cnica del Consejo Ciudadano\u00a0de\u00a0Morelia, Michoac\u00e1n, y Juan Jos\u00e9 Tena Garc\u00eda, docente del Instituto Tecnol\u00f3gico y de Estudios Superiores de Monterrey.<\/span><span data-ccp-props=\"{&quot;134233279&quot;:true,&quot;201341983&quot;:0,&quot;335559739&quot;:160,&quot;335559740&quot;:240}\">\u00a0<\/span><\/p>\n<p><span data-contrast=\"auto\">Los participantes\u00a0en\u00a0el conversatorio \u201cImpacto de la corrupci\u00f3n en la atenci\u00f3n de casos de violencia de g\u00e9nero\u201d,\u00a0reflexionaron sobre dichas problem\u00e1ticas\u00a0el 11 de mayo como parte de la Semana Cultural y Deportiva Regional 2021, organizada por la <a href=\"https:\/\/www.uv.mx\/coatza\/\" target=\"_blank\" rel=\"noopener\">Vicerrector\u00eda Coatzacoalcos-Minatitl\u00e1n\u00a0<\/a>de\u00a0la Universidad Veracruzana (UV).<\/span><span data-ccp-props=\"{&quot;134233279&quot;:true,&quot;201341983&quot;:0,&quot;335559731&quot;:708,&quot;335559739&quot;:160,&quot;335559740&quot;:240}\">\u00a0<\/span><\/p>\n<p><span data-contrast=\"auto\">Elvia Higuera, tambi\u00e9n catedr\u00e1tica en\u00a0la Divisi\u00f3n de Estudios de Posgrado de la Facultad de Derecho y Ciencias Sociales de la Universidad Michoacana de San Nicol\u00e1s de Hidalgo,\u00a0expuso varios puntos,\u00a0como\u00a0la violencia contra las mujeres y\u00a0la corrupci\u00f3n\u00a0que se padece en fiscal\u00edas generales\u00a0ante la b\u00fasqueda de acceso a la justicia.<\/span><span data-ccp-props=\"{&quot;134233279&quot;:true,&quot;201341983&quot;:0,&quot;335559731&quot;:708,&quot;335559739&quot;:160,&quot;335559740&quot;:240}\">\u00a0<\/span><\/p>\n<p><span data-contrast=\"auto\">Cit\u00f3 varios avances,\u00a0como la Convenci\u00f3n Interamericana para Prevenir, Sancionar y Erradicar la Violencia contra la Mujer, conocida como Convenci\u00f3n de Bel\u00e9m do Par\u00e1, que en M\u00e9xico entr\u00f3 en vigor en 1994; no obstante, \u201ccreo que donde m\u00e1s est\u00e1 aceptado el tema de la corrupci\u00f3n justamente es en estos espacios\u00a0(fiscal\u00edas generales, antes denominadas procuradur\u00edas),\u00a0que son espacios de atenci\u00f3n inmediata y directa para una mujer que es v\u00edctima de violencia de g\u00e9nero\u201d.<\/span><span data-ccp-props=\"{&quot;134233279&quot;:true,&quot;201341983&quot;:0,&quot;335559731&quot;:708,&quot;335559739&quot;:160,&quot;335559740&quot;:240}\">\u00a0<\/span><\/p>\n<p><span data-contrast=\"auto\">A\u00f1adi\u00f3: \u201cA partir de que ella decida ir a presentar esa denuncia (que adem\u00e1s es una decisi\u00f3n nada sencilla) va a empezar a transitar una serie de impedimentos, resistencias, obst\u00e1culos para que pueda acceder a la justicia. Aclaro, cuando hablo de corrupci\u00f3n, no lo veo s\u00f3lo desde el \u00e1mbito econ\u00f3mico, sino que tambi\u00e9n est\u00e1n m\u00e1s expuestas a que les sean solicitados favores sexuales a cambio de algo que por ley les corresponde\u201d.<\/span><span data-ccp-props=\"{&quot;134233279&quot;:true,&quot;201341983&quot;:0,&quot;335559731&quot;:708,&quot;335559739&quot;:160,&quot;335559740&quot;:240}\">\u00a0<\/span><\/p>\n<p><span data-contrast=\"auto\">Enseguida, para ilustrar lo dicho, cit\u00f3 la experiencia que al respecto tuvo cuando trabaj\u00f3 en la entonces Procuradur\u00eda General de Justicia del Estado de Michoac\u00e1n, como Fiscal Especial para la Atenci\u00f3n del Delito de Violencia Familiar (marzo de 2008 a octubre 2012), cuando a las v\u00edctimas les ped\u00edan \u201cfavores\u201d, as\u00ed como las estrategias que implement\u00f3, en su calidad de autoridad del \u00e1rea,\u00a0para erradicarlos.<\/span><\/p>\n<p><span data-contrast=\"auto\">En su intervenci\u00f3n, Juan Jos\u00e9 Tena\u00a0hizo hincapi\u00e9 en que la impunidad es el hilo conductor entre la corrupci\u00f3n del poder p\u00fablico y el socavar los derechos fundamentales de un ser humano, en este caso la violencia de g\u00e9nero.<\/span><span data-ccp-props=\"{&quot;134233279&quot;:true,&quot;201341983&quot;:0,&quot;335559731&quot;:708,&quot;335559739&quot;:160,&quot;335559740&quot;:240}\">\u00a0<\/span><\/p>\n<p><span data-contrast=\"auto\">\u201cEn pa\u00edses como Alemania la tasa de impunidad del feminicidio es cero. No hay un solo asesinato de una mujer que haya quedado impune en los \u00faltimos dos a\u00f1os;\u00a0esto qu\u00e9 significa: que ha bajado la tasa de violencia contra las mujeres, porque los hombres que generan violencia saben que el Estado los va a detener y que ser\u00e1n castigados por el crimen que cometieron.\u201d<\/span><span data-ccp-props=\"{&quot;134233279&quot;:true,&quot;201341983&quot;:0,&quot;335559731&quot;:708,&quot;335559739&quot;:160,&quot;335559740&quot;:240}\">\u00a0<\/span><\/p>\n<p><span data-contrast=\"auto\">Para \u00e9l, cuando se tiene un Estado fuerte,\u00a0que no se corrompe ante hechos\u00a0como la violencia de g\u00e9nero, \u201c\u00a1desde luego que baja la violencia!\u201d.<\/span><span data-ccp-props=\"{&quot;134233279&quot;:true,&quot;201341983&quot;:0,&quot;335559731&quot;:708,&quot;335559739&quot;:160,&quot;335559740&quot;:240}\">\u00a0<\/span><\/p>\n<p><span data-contrast=\"auto\">Otros\u00a0temas\u00a0abordados\u00a0fueron que esa corrupci\u00f3n no pasa \u00fanicamente por el tamiz educativo, pues tambi\u00e9n tiene que ver con un dise\u00f1o institucional; asimismo, coincidieron en que el ejercicio de la administraci\u00f3n p\u00fablica deber\u00eda tener como eje transversal a la \u00e9tica.\u00a0<\/span><span data-ccp-props=\"{&quot;134233279&quot;:true,&quot;201341983&quot;:0,&quot;335559731&quot;:708,&quot;335559739&quot;:160,&quot;335559740&quot;:240}\">\u00a0<\/span><\/p>\n<p><span data-contrast=\"auto\">En el\u00a0conversatorio tambi\u00e9n estuvieron presentes autoridades universitarias\u00a0regionales:\u00a0Hugo Ismael Noble P\u00e9rez,\u00a0secretario Acad\u00e9mico;\u00a0Mar\u00eda In\u00e9s Quevedo L\u00f3pez, secretaria de Administraci\u00f3n y Finanzas;<\/span><span data-contrast=\"auto\">\u00a0<\/span><span data-contrast=\"auto\">Teodora Gonz\u00e1lez Rodr\u00edguez, coordinadora para la equidad de g\u00e9nero, y\u00a0Joel Guti\u00e9rrez Trinidad,\u00a0integrante del\u00a0Consejo Consultivo para la Igualdad de G\u00e9nero\u00a0de la UV,\u00a0por citar algunas.<\/span><span data-ccp-props=\"{&quot;134233279&quot;:true,&quot;201341983&quot;:0,&quot;335559739&quot;:160,&quot;335559740&quot;:240}\">\u00a0<\/span><\/p>\n<p><span data-contrast=\"auto\">Para ver a detalle las reflexiones vertidas en este ejercicio acad\u00e9mico, consulte el\u00a0<\/span><i><span data-contrast=\"auto\">Facebook<\/span><\/i><span data-contrast=\"auto\">\u00a0de la\u00a0Vicerrector\u00eda Coatzacoalcos-Minatitl\u00e1n.<\/span><span data-ccp-props=\"{&quot;134233279&quot;:true,&quot;201341983&quot;:0,&quot;335559739&quot;:160,&quot;335559740&quot;:240}\">\u00a0<\/span><\/p>\n","protected":false},"excerpt":{"rendered":"<p>El tema fue analizado en la Semana Cultural y Deportiva de la regi\u00f3n Coatzacoalcos-Minatitl\u00e1n <\/p>\n","protected":false},"author":1775,"featured_media":97126,"comment_status":"closed","ping_status":"closed","sticky":false,"template":"","format":"standard","meta":{"footnotes":""},"categories":[52,32],"tags":[2828,2824,1068,2826,2825,2831,2830,2829,2651,2827,742],"class_list":["post-97125","post","type-post","status-publish","format-standard","has-post-thumbnail","hentry","category-coatzacoalcos","category-regiones","tag-consejo-ciudadano-de-morelia","tag-corrupcion","tag-docente","tag-elvia-higuera-perez","tag-impunidad","tag-instituto-tecnologico-y-de-estudios-superiores","tag-juan-jose-tena-garcia","tag-michoacan","tag-monterrey","tag-secretaria-tecnica","tag-violencia-de-genero"],"_links":{"self":[{"href":"https:\/\/www.uv.mx\/prensa\/wp-json\/wp\/v2\/posts\/97125","targetHints":{"allow":["GET"]}}],"collection":[{"href":"https:\/\/www.uv.mx\/prensa\/wp-json\/wp\/v2\/posts"}],"about":[{"href":"https:\/\/www.uv.mx\/prensa\/wp-json\/wp\/v2\/types\/post"}],"author":[{"embeddable":true,"href":"https:\/\/www.uv.mx\/prensa\/wp-json\/wp\/v2\/users\/1775"}],"replies":[{"embeddable":true,"href":"https:\/\/www.uv.mx\/prensa\/wp-json\/wp\/v2\/comments?post=97125"}],"version-history":[{"count":1,"href":"https:\/\/www.uv.mx\/prensa\/wp-json\/wp\/v2\/posts\/97125\/revisions"}],"predecessor-version":[{"id":97131,"href":"https:\/\/www.uv.mx\/prensa\/wp-json\/wp\/v2\/posts\/97125\/revisions\/97131"}],"wp:featuredmedia":[{"embeddable":true,"href":"https:\/\/www.uv.mx\/prensa\/wp-json\/wp\/v2\/media\/97126"}],"wp:attachment":[{"href":"https:\/\/www.uv.mx\/prensa\/wp-json\/wp\/v2\/media?parent=97125"}],"wp:term":[{"taxonomy":"category","embeddable":true,"href":"https:\/\/www.uv.mx\/prensa\/wp-json\/wp\/v2\/categories?post=97125"},{"taxonomy":"post_tag","embeddable":true,"href":"https:\/\/www.uv.mx\/prensa\/wp-json\/wp\/v2\/tags?post=97125"}],"curies":[{"name":"wp","href":"https:\/\/api.w.org\/{rel}","templated":true}]}}