{"id":97017,"date":"2021-05-11T15:48:12","date_gmt":"2021-05-11T20:48:12","guid":{"rendered":"https:\/\/www.uv.mx\/prensa\/?p=97017"},"modified":"2021-05-12T10:03:01","modified_gmt":"2021-05-12T15:03:01","slug":"uv-realizara-1er-congreso-internacional-alimentacion-nutricion-e-innovacion","status":"publish","type":"post","link":"https:\/\/www.uv.mx\/prensa\/regiones\/uv-realizara-1er-congreso-internacional-alimentacion-nutricion-e-innovacion\/","title":{"rendered":"UV\u00a0realizar\u00e1\u00a01er Congreso Internacional \u201cAlimentaci\u00f3n,\u00a0nutrici\u00f3n e\u00a0innovaci\u00f3n\u201d\u00a0"},"content":{"rendered":"<div id=\"attachment_97019\" style=\"width: 491px\" class=\"wp-caption aligncenter\"><a href=\"https:\/\/www.uv.mx\/prensa\/files\/2021\/05\/110521-Congreso-Nutricion2.jpg\"><img aria-describedby=\"caption-attachment-97019\" decoding=\"async\" loading=\"lazy\" class=\"size-full wp-image-97019\" src=\"https:\/\/www.uv.mx\/prensa\/files\/2021\/05\/110521-Congreso-Nutricion2.jpg\" alt=\"\" width=\"481\" height=\"481\" srcset=\"https:\/\/www.uv.mx\/prensa\/files\/2021\/05\/110521-Congreso-Nutricion2.jpg 481w, https:\/\/www.uv.mx\/prensa\/files\/2021\/05\/110521-Congreso-Nutricion2-300x300.jpg 300w, https:\/\/www.uv.mx\/prensa\/files\/2021\/05\/110521-Congreso-Nutricion2-150x150.jpg 150w, https:\/\/www.uv.mx\/prensa\/files\/2021\/05\/110521-Congreso-Nutricion2-120x120.jpg 120w, https:\/\/www.uv.mx\/prensa\/files\/2021\/05\/110521-Congreso-Nutricion2-360x360.jpg 360w\" sizes=\"(max-width: 481px) 100vw, 481px\" \/><\/a><p id=\"caption-attachment-97019\" class=\"wp-caption-text\">El evento\u00a0reunir\u00e1\u00a0a\u00a0profesionales de la alimentaci\u00f3n y la nutrici\u00f3n\u00a0para\u00a0actualizar conocimientos\u00a0y\u00a0ponerlos\u00a0al servicio de la comunidad<\/p><\/div>\n<p><span data-ccp-props=\"{}\">\u00a0<\/span><\/p>\n<p><b><i><span data-contrast=\"auto\">Shuguey<\/span><\/i><\/b><b><i><span data-contrast=\"auto\">\u00a0Enr\u00edquez\u00a0<\/span><\/i><\/b><b><i><span data-contrast=\"auto\">Ambrell<\/span><\/i><\/b><span data-ccp-props=\"{}\">\u00a0<\/span><\/p>\n<p><b><i><span data-contrast=\"auto\">11<\/span><\/i><\/b><b><i><span data-contrast=\"auto\">\/05\/2021, Boca del R\u00edo,<\/span><\/i><\/b><b><i><span data-contrast=\"auto\">\u00a0<\/span><\/i><\/b><b><i><span data-contrast=\"auto\">Ver.<\/span><\/i><\/b><b><i><span data-contrast=\"auto\">&#8211;<\/span><\/i><\/b><b><i><span data-contrast=\"auto\">\u00a0<\/span><\/i><\/b><span data-contrast=\"auto\">La<\/span><b><i><span data-contrast=\"auto\">\u00a0<\/span><\/i><\/b><span data-contrast=\"auto\"><a href=\"https:\/\/www.uv.mx\/veracruz\/nutricion\/\" target=\"_blank\" rel=\"noopener\">Facultad de Nutrici\u00f3n<\/a> de la Universidad Veracruzana<\/span><span data-contrast=\"auto\">\u00a0<\/span><span data-contrast=\"auto\">(UV), a trav\u00e9s de la Maestr\u00eda\u00a0<\/span><span data-contrast=\"none\">en Nutrici\u00f3n y Calidad de V<\/span><span data-contrast=\"none\">ida y los\u00a0<\/span><span data-contrast=\"none\">c<\/span><span data-contrast=\"auto\">uerpos\u00a0<\/span><span data-contrast=\"auto\">a<\/span><span data-contrast=\"auto\">cad\u00e9micos\u00a0<\/span><span data-contrast=\"auto\">(CA)\u00a0<\/span><span data-contrast=\"none\">Alimentos y Nutrici\u00f3n<\/span><span data-contrast=\"none\">,<\/span><span data-contrast=\"none\">\u00a0y Salud Integral Comunitaria, realizar\u00e1\u00a0<\/span><span data-contrast=\"auto\">del 19 al 21 de mayo<\/span><span data-contrast=\"none\">\u00a0<\/span><span data-contrast=\"none\">el\u00a0<\/span><a href=\"https:\/\/www.uv.mx\/veracruz\/nutricion\/avisos-eventos\/1er-congreso-virtual-internacional-alimentacion-nutricion-e-innovacion\/\"><span data-contrast=\"none\">1er Congreso Virtual Internaci<\/span><span data-contrast=\"none\">onal \u201cAlimentaci\u00f3n, n<\/span><span data-contrast=\"none\">utrici\u00f3n e\u00a0<\/span><span data-contrast=\"none\">i<\/span><span data-contrast=\"none\">nnovaci\u00f3n\u201d<\/span><\/a><span data-contrast=\"auto\">.<\/span><span data-ccp-props=\"{}\">\u00a0<\/span><\/p>\n<p><span data-contrast=\"none\">E<\/span><span data-contrast=\"none\">l acad\u00e9mico\u00a0<\/span><span data-contrast=\"none\">Luis\u00a0<\/span><span data-contrast=\"none\">Alberto\u00a0<\/span><span data-contrast=\"none\">Gonz\u00e1lez Ortega, coordinador<\/span><span data-contrast=\"none\">\u00a0de\u00a0<\/span><span data-contrast=\"none\">Difusi\u00f3n,\u00a0<\/span><span data-contrast=\"none\">inform\u00f3\u00a0<\/span><span data-contrast=\"none\">que<\/span><span data-contrast=\"none\">\u00a0el<\/span><span data-contrast=\"none\">\u00a0evento concentra<\/span><span data-contrast=\"none\">r\u00e1<\/span><span data-contrast=\"none\">\u00a0<\/span><span data-contrast=\"none\">a<\/span><span data-contrast=\"none\">\u00a0profesionales de la alimentaci\u00f3n y la nutrici\u00f3n<\/span><span data-contrast=\"none\">,<\/span><span data-contrast=\"none\">\u00a0con el objetivo de actualizar conocimientos<\/span><span data-contrast=\"none\">\u00a0y<\/span><span data-contrast=\"none\">\u00a0pon<\/span><span data-contrast=\"none\">erlos\u00a0<\/span><span data-contrast=\"none\">al servicio de la comunidad<\/span><span data-contrast=\"none\">.<\/span><span data-ccp-props=\"{&quot;335559731&quot;:708}\">\u00a0<\/span><\/p>\n<p><span data-contrast=\"none\">El programa acad\u00e9mico contempla la participaci\u00f3n de\u00a0<\/span><span data-contrast=\"auto\">especialistas m\u00e9dicos del Instituto de Salud P\u00fablica del Estado de Guanajuato, Hospital Infantil de M\u00e9xico\u00a0<\/span><span data-contrast=\"auto\">\u201c<\/span><span data-contrast=\"auto\">Federico G\u00f3mez<\/span><span data-contrast=\"auto\">\u201d<\/span><span data-contrast=\"auto\">, Instituto Nacional de Ciencias M\u00e9dicas y Nutrici\u00f3n\u00a0<\/span><span data-contrast=\"auto\">\u201c<\/span><span data-contrast=\"auto\">Salvador\u00a0<\/span><span data-contrast=\"auto\">Zubir\u00e1n<\/span><span data-contrast=\"auto\">\u201d<\/span><span data-contrast=\"auto\">, Instituto Nacional de Neurolog\u00eda y\u00a0<\/span><span data-contrast=\"auto\">Neurocirug\u00eda\u00a0<\/span><span data-contrast=\"auto\">\u201c<\/span><span data-contrast=\"auto\">Manuel Velasco Su\u00e1rez<\/span><span data-contrast=\"auto\">\u201d<\/span><span data-contrast=\"auto\">\u00a0<\/span><span data-contrast=\"auto\">y el Hospital Regional N\u00famero\u00a0<\/span><span data-contrast=\"auto\">1\u00a0<\/span><span data-contrast=\"auto\">\u201c<\/span><span data-contrast=\"auto\">Carlos Mac\u00a0<\/span><span data-contrast=\"auto\">Gregor<\/span><span data-contrast=\"auto\">\u00a0S\u00e1nchez Navarro<\/span><span data-contrast=\"auto\">\u201d<\/span><span data-contrast=\"auto\">\u00a0<\/span><span data-contrast=\"auto\">del IMSS<\/span><span data-contrast=\"auto\">.<\/span><span data-ccp-props=\"{&quot;335559731&quot;:708}\">\u00a0<\/span><\/p>\n<p><span data-contrast=\"auto\">Adem\u00e1s de acad\u00e9micos de la<\/span><span data-contrast=\"auto\">s<\/span><span data-contrast=\"auto\">\u00a0<\/span><span data-contrast=\"auto\">u<\/span><span data-contrast=\"auto\">niversidad<\/span><span data-contrast=\"auto\">es<\/span><span data-contrast=\"auto\">\u00a0Complutense de Madrid, de Granada,\u00a0Cat\u00f3lica\u00a0de Uruguay,\u00a0<\/span><span data-contrast=\"auto\">de\u00a0<\/span><span data-contrast=\"auto\">Harvard<\/span><span data-contrast=\"auto\">,\u00a0<\/span><span data-contrast=\"none\">Nacional Aut\u00f3noma de M\u00e9xico,<\/span><span data-contrast=\"auto\">\u00a0Benem\u00e9rita Aut\u00f3noma de Puebla<\/span><span data-contrast=\"auto\">\u00a0<\/span><span data-contrast=\"auto\">y<\/span><span data-contrast=\"auto\">\u00a0<\/span><span data-contrast=\"auto\">Aut\u00f3noma\u00a0<\/span><span data-contrast=\"auto\">de San Luis\u00a0<\/span><span data-contrast=\"auto\">Potos\u00ed<\/span><span data-contrast=\"auto\">,\u00a0<\/span><span data-contrast=\"auto\">as\u00ed como del\u00a0<\/span><span data-contrast=\"auto\">Instituto Polit\u00e9cnico Nacional<\/span><span data-contrast=\"auto\">\u00a0<\/span><span data-contrast=\"auto\">y<\/span><span data-contrast=\"auto\">\u00a0<\/span><span data-contrast=\"auto\">de\u00a0<\/span><span data-contrast=\"auto\">la\u00a0<\/span><span data-contrast=\"none\">Academia Espa\u00f1ola de Nutrici\u00f3n y Diet\u00e9tica<\/span><span data-contrast=\"none\">.<\/span><span data-ccp-props=\"{&quot;335559731&quot;:708}\">\u00a0<\/span><\/p>\n<p><span data-contrast=\"none\">\u201cEstamos seguros\u00a0<\/span><span data-contrast=\"none\">de\u00a0<\/span><span data-contrast=\"none\">que la variedad de enfoques favorece el enriquecimiento, por lo que tenemos la colaboraci\u00f3n de m\u00faltiples ponentes de talla nacional e internacional<\/span><span data-contrast=\"none\">;<\/span><span data-contrast=\"none\">\u00a0del mismo modo, habr\u00e1 talleres para todos los participantes junto con otras actividades culturales para que esta experiencia sea lo m\u00e1s fruct\u00edfera<\/span><span data-contrast=\"none\">\u00a0posible para todos\u201d, coment\u00f3\u00a0<\/span><span data-contrast=\"none\">Luis Alberto Gonz\u00e1lez<\/span><span data-contrast=\"none\">.<\/span><span data-ccp-props=\"{&quot;335559731&quot;:708}\">\u00a0<\/span><\/p>\n<p><span data-contrast=\"none\">En el marco de este evento\u00a0<\/span><span data-contrast=\"none\">se llevar\u00e1 a cabo la premiaci\u00f3n de\u00a0<\/span><span data-contrast=\"none\">los\u00a0<\/span><span data-contrast=\"auto\">trabajos libres<\/span><span data-contrast=\"auto\">\u00a0presentados por profesores, profesionales y e<\/span><span data-contrast=\"auto\">studiantes de\u00a0<\/span><span data-contrast=\"auto\">l<\/span><span data-contrast=\"auto\">icenciatura y\u00a0<\/span><span data-contrast=\"auto\">p<\/span><span data-contrast=\"auto\">osgrado en nutrici\u00f3n y \u00e1reas\u00a0<\/span><span data-contrast=\"auto\">sobre\u00a0<\/span><span data-contrast=\"none\">l<\/span><span data-contrast=\"auto\">as tem\u00e1ticas\u00a0<\/span><span data-contrast=\"auto\">n<\/span><span data-contrast=\"auto\">utrici\u00f3n\u00a0<\/span><span data-contrast=\"auto\">c<\/span><span data-contrast=\"auto\">l\u00ednica y\u00a0<\/span><span data-contrast=\"auto\">n<\/span><span data-contrast=\"auto\">utrici\u00f3n\u00a0<\/span><span data-contrast=\"auto\">p<\/span><span data-contrast=\"auto\">oblacional,\u00a0<\/span><span data-contrast=\"auto\">y n<\/span><span data-contrast=\"auto\">utrici\u00f3n y actividad f\u00edsica<\/span><span data-contrast=\"auto\">.<\/span><span data-ccp-props=\"{&quot;335559731&quot;:708}\">\u00a0<\/span><\/p>\n<p><span data-contrast=\"none\">Gonz\u00e1lez Ortega destac\u00f3<\/span><span data-contrast=\"none\">: \u201c<\/span><span data-contrast=\"none\">Estamos poniendo todo nuestro empe\u00f1o en conseguir un congreso de alto nivel cient\u00edfico<\/span><span data-contrast=\"none\">,<\/span><span data-contrast=\"none\">\u00a0confiamos\u00a0<\/span><span data-contrast=\"none\">en que esto se ver\u00e1 reflejado en un amplio inter\u00e9s por parte de los estudiantes, prof<\/span><span data-contrast=\"none\">esionistas y p\u00fablico en general<\/span><span data-contrast=\"none\">\u201d.<\/span><span data-ccp-props=\"{&quot;335559731&quot;:708}\">\u00a0<\/span><\/p>\n<p><span data-contrast=\"none\">Para\u00a0<\/span><span data-contrast=\"none\">mayor informaci\u00f3n sobre el programa, se invita a los interesados escribir\u00a0<\/span><span data-contrast=\"auto\">al correo\u00a0<\/span><a href=\"mailto:congreinternutricion@uv.mx\"><span data-contrast=\"none\">congreinternutricion@uv.mx<\/span><\/a><span data-contrast=\"auto\">\u00a0o ingresar a la p\u00e1gina\u00a0<\/span><a href=\"https:\/\/www.uv.mx\/veracruz\/nutricion\/avisos-eventos\/1er-congreso-virtual-internacional-alimentacion-nutricion-e-innovacion\/\"><span data-contrast=\"none\">1er. Congreso Virtual Internacional: Alimentaci\u00f3n, Nutrici\u00f3n e Innovaci\u00f3n. \u2013 Facultad de\u00a0<\/span><span data-contrast=\"none\">N<\/span><span data-contrast=\"none\">utrici\u00f3n (uv.mx)<\/span><\/a><span data-contrast=\"none\">.<\/span><span data-ccp-props=\"{&quot;335559731&quot;:708}\">\u00a0<\/span><\/p>\n","protected":false},"excerpt":{"rendered":"<p>Habr\u00e1 talleres\u00a0y\u00a0actividades culturales para que esta experiencia sea lo m\u00e1s fruct\u00edfera posible para todos, coment\u00f3 Luis Alberto Gonz\u00e1lez, acad\u00e9mico de la Facultad de Nutrici\u00f3n, regi\u00f3n Veracruz\u00a0<\/p>\n","protected":false},"author":1869,"featured_media":97019,"comment_status":"closed","ping_status":"closed","sticky":false,"template":"","format":"standard","meta":[],"categories":[32,55],"tags":[],"_links":{"self":[{"href":"https:\/\/www.uv.mx\/prensa\/wp-json\/wp\/v2\/posts\/97017"}],"collection":[{"href":"https:\/\/www.uv.mx\/prensa\/wp-json\/wp\/v2\/posts"}],"about":[{"href":"https:\/\/www.uv.mx\/prensa\/wp-json\/wp\/v2\/types\/post"}],"author":[{"embeddable":true,"href":"https:\/\/www.uv.mx\/prensa\/wp-json\/wp\/v2\/users\/1869"}],"replies":[{"embeddable":true,"href":"https:\/\/www.uv.mx\/prensa\/wp-json\/wp\/v2\/comments?post=97017"}],"version-history":[{"count":1,"href":"https:\/\/www.uv.mx\/prensa\/wp-json\/wp\/v2\/posts\/97017\/revisions"}],"predecessor-version":[{"id":97049,"href":"https:\/\/www.uv.mx\/prensa\/wp-json\/wp\/v2\/posts\/97017\/revisions\/97049"}],"wp:featuredmedia":[{"embeddable":true,"href":"https:\/\/www.uv.mx\/prensa\/wp-json\/wp\/v2\/media\/97019"}],"wp:attachment":[{"href":"https:\/\/www.uv.mx\/prensa\/wp-json\/wp\/v2\/media?parent=97017"}],"wp:term":[{"taxonomy":"category","embeddable":true,"href":"https:\/\/www.uv.mx\/prensa\/wp-json\/wp\/v2\/categories?post=97017"},{"taxonomy":"post_tag","embeddable":true,"href":"https:\/\/www.uv.mx\/prensa\/wp-json\/wp\/v2\/tags?post=97017"}],"curies":[{"name":"wp","href":"https:\/\/api.w.org\/{rel}","templated":true}]}}