{"id":96862,"date":"2021-05-06T14:36:27","date_gmt":"2021-05-06T19:36:27","guid":{"rendered":"https:\/\/www.uv.mx\/prensa\/?p=96862"},"modified":"2021-05-06T20:33:33","modified_gmt":"2021-05-07T01:33:33","slug":"region-coatza-mina-realizara-semana-cultural-y-deportiva","status":"publish","type":"post","link":"https:\/\/www.uv.mx\/prensa\/regiones\/region-coatza-mina-realizara-semana-cultural-y-deportiva\/","title":{"rendered":"Regi\u00f3n\u00a0Coatza-Mina realizar\u00e1 Semana Cultural y Deportiva\u00a0"},"content":{"rendered":"<div id=\"attachment_96864\" style=\"width: 548px\" class=\"wp-caption aligncenter\"><a href=\"https:\/\/www.uv.mx\/prensa\/files\/2021\/05\/06052021-CECILIA-Semana1-copia.jpg\"><img loading=\"lazy\" decoding=\"async\" aria-describedby=\"caption-attachment-96864\" class=\"size-full wp-image-96864\" src=\"https:\/\/www.uv.mx\/prensa\/files\/2021\/05\/06052021-CECILIA-Semana1-copia.jpg\" alt=\"\" width=\"538\" height=\"481\" srcset=\"https:\/\/www.uv.mx\/prensa\/files\/2021\/05\/06052021-CECILIA-Semana1-copia.jpg 538w, https:\/\/www.uv.mx\/prensa\/files\/2021\/05\/06052021-CECILIA-Semana1-copia-300x268.jpg 300w\" sizes=\"auto, (max-width: 538px) 100vw, 538px\" \/><\/a><p id=\"caption-attachment-96864\" class=\"wp-caption-text\">Carlos\u00a0Lamothe\u00a0Zavaleta, vicerrector<\/p><\/div>\n<p><span data-ccp-props=\"{&quot;201341983&quot;:0,&quot;335559739&quot;:160,&quot;335559740&quot;:240}\">\u00a0<\/span><\/p>\n<p><b><i><span data-contrast=\"auto\">Cecilia Escribano Reyes<\/span><\/i><\/b><span data-ccp-props=\"{&quot;201341983&quot;:0,&quot;335559739&quot;:160,&quot;335559740&quot;:240}\">\u00a0<\/span><\/p>\n<p><b><i><span data-contrast=\"auto\">06\/05\/2021, Coatzacoalcos, Ver. &#8211;\u00a0<\/span><\/i><\/b><span data-contrast=\"auto\">La regi\u00f3n Coatzacoalcos-Minatitl\u00e1n de la Universidad Veracruzana (UV) realizar\u00e1 del 11 al 15 de mayo la Semana Cultural y Deportiva Regional, que incluye actividades deportivas, culturales, art\u00edsticas y de prevenci\u00f3n.<\/span><span data-ccp-props=\"{&quot;201341983&quot;:0,&quot;335559739&quot;:160,&quot;335559740&quot;:240}\">\u00a0<\/span><\/p>\n<p><span data-contrast=\"auto\">La segunda edici\u00f3n de este evento, que se desarrollar\u00e1 de manera virtual, fue anunciada por el vicerrector\u00a0<\/span><span data-contrast=\"auto\">Carlos\u00a0<\/span><span data-contrast=\"auto\">Lamothe<\/span><span data-contrast=\"auto\">\u00a0Zavaleta<\/span><span data-contrast=\"auto\">;<\/span><span data-contrast=\"auto\">\u00a0<\/span><span data-contrast=\"auto\">Manuel Alejandro L\u00f3pez Sibaja,\u00a0<\/span><span data-contrast=\"auto\">c<\/span><span data-contrast=\"auto\">oordina<\/span><span data-contrast=\"auto\">dor\u00a0<\/span><span data-contrast=\"auto\">r<\/span><span data-contrast=\"auto\">egional de Desarrollo\u00a0<\/span><span data-contrast=\"auto\">Institucional<\/span><span data-contrast=\"auto\">,<\/span><span data-contrast=\"auto\">\u00a0y\u00a0<\/span><span data-contrast=\"auto\">Edgar Alberto Jim\u00e9nez Vald\u00e9s,\u00a0<\/span><span data-contrast=\"auto\">c<\/span><span data-contrast=\"auto\">oordina<\/span><span data-contrast=\"auto\">dor<\/span><span data-contrast=\"auto\">\u00a0<\/span><span data-contrast=\"auto\">regional\u00a0<\/span><span data-contrast=\"auto\">de Programas Transversales<\/span><span data-contrast=\"auto\">,<\/span><span data-contrast=\"auto\">\u00a0<\/span><span data-contrast=\"auto\">en rueda de prensa\u00a0<\/span><span data-contrast=\"auto\">realizada el\u00a0<\/span><span data-contrast=\"auto\">6 de mayo<\/span><span data-contrast=\"auto\">.<\/span><span data-ccp-props=\"{&quot;201341983&quot;:0,&quot;335559739&quot;:160,&quot;335559740&quot;:240}\">\u00a0<\/span><\/p>\n<p><span data-contrast=\"auto\">El\u00a0<\/span><span data-contrast=\"auto\">V<\/span><span data-contrast=\"auto\">icerrector<\/span><span data-contrast=\"auto\">\u00a0dijo que e<\/span><span data-contrast=\"auto\">l objetivo es<\/span><span data-contrast=\"auto\">\u00a0i<\/span><span data-contrast=\"auto\">ntegrar a<\/span><span data-contrast=\"auto\">\u00a0<\/span><span data-contrast=\"auto\">la comunidad universitaria\u00a0<\/span><span data-contrast=\"auto\">partir de la<\/span><span data-contrast=\"auto\">\u00a0sana<\/span><span data-contrast=\"auto\">\u00a0<\/span><span data-contrast=\"auto\">convivencia y actividades<\/span><span data-contrast=\"auto\">\u00a0donde se fomenten temas de responsabilidad social como: equidad<\/span><span data-contrast=\"auto\">\u00a0<\/span><span data-contrast=\"auto\">de g\u00e9nero, protecci\u00f3n civil, interculturalidad, sustentabilidad, promoci\u00f3n de la salud y<\/span><span data-contrast=\"auto\">\u00a0<\/span><span data-contrast=\"auto\">creatividad<\/span><span data-contrast=\"auto\">,<\/span><span data-contrast=\"auto\">\u00a0al tiempo que permite la vinculaci\u00f3n de la UV con la sociedad<\/span><span data-contrast=\"auto\">.<\/span><span data-ccp-props=\"{&quot;201341983&quot;:0,&quot;335559731&quot;:720,&quot;335559739&quot;:160,&quot;335559740&quot;:240}\">\u00a0<\/span><\/p>\n<p><span data-contrast=\"auto\">\u201c<\/span><span data-contrast=\"auto\">La\u00a0<\/span><span data-contrast=\"auto\">primera versi\u00f3n ocurri\u00f3 en 2019 y debido a la pandemia se tuvo que\u00a0<\/span><span data-contrast=\"auto\">suspender<\/span><span data-contrast=\"auto\">\u00a0<\/span><span data-contrast=\"auto\">el a\u00f1o pasado<\/span><span data-contrast=\"auto\">, para 2021 hemos reinventado y transitado de una semana cultural y\u00a0<\/span><span data-contrast=\"auto\">deportiva<\/span><span data-contrast=\"auto\">\u00a0presencial a virtual<\/span><span data-contrast=\"auto\">\u201d<\/span><span data-contrast=\"auto\">,<\/span><span data-contrast=\"auto\">\u00a0<\/span><span data-contrast=\"auto\">expres\u00f3.<\/span><span data-ccp-props=\"{&quot;201341983&quot;:0,&quot;335559731&quot;:720,&quot;335559739&quot;:160,&quot;335559740&quot;:240}\">\u00a0<\/span><\/p>\n<p><span data-contrast=\"auto\">El funcionario r<\/span><span data-contrast=\"auto\">ecalc\u00f3 que e<\/span><span data-contrast=\"auto\">sta\u00a0<\/span><span data-contrast=\"auto\">actividad virtual no menoscaba\u00a0<\/span><span data-contrast=\"auto\">los contenidos ni\u00a0<\/span><span data-contrast=\"auto\">la calidad<\/span><span data-contrast=\"auto\">\u00a0<\/span><span data-contrast=\"auto\">\u201c<\/span><span data-contrast=\"auto\">toda v<\/span><span data-contrast=\"auto\">ez que despu\u00e9s de m\u00e1s de un a\u00f1o<\/span><span data-contrast=\"auto\">\u00a0de estar realizando todos los\u00a0<\/span><span data-contrast=\"auto\">procesos<\/span><span data-contrast=\"auto\">\u00a0de ense\u00f1anza a trav\u00e9s de la virtualidad hemos ido adquiriendo\u00a0<\/span><span data-contrast=\"auto\">una significativa experiencia<\/span><span data-contrast=\"auto\">\u201d<\/span><span data-contrast=\"auto\">.<\/span><span data-ccp-props=\"{&quot;201341983&quot;:0,&quot;335559731&quot;:720,&quot;335559739&quot;:160,&quot;335559740&quot;:240}\">\u00a0<\/span><\/p>\n<p><span data-contrast=\"auto\">Dijo que l<\/span><span data-contrast=\"auto\">a\u00a0<\/span><span data-contrast=\"auto\">Semana Cultural y Deportiva Regional<\/span><span data-contrast=\"auto\">\u00a0<\/span><span data-contrast=\"auto\">est\u00e1 dirigida a la comunidad universitaria de todas las regiones universitarias y tambi\u00e9n para el p\u00fablico en general.<\/span><span data-ccp-props=\"{&quot;201341983&quot;:0,&quot;335559731&quot;:720,&quot;335559739&quot;:160,&quot;335559740&quot;:240}\">\u00a0<\/span><\/p>\n<p><span data-contrast=\"auto\">Por su parte, Edgar Alberto Jim\u00e9nez\u00a0<\/span><span data-contrast=\"auto\">coment\u00f3 que\u00a0<\/span><span data-contrast=\"auto\">el programa\u00a0<\/span><span data-contrast=\"auto\">est\u00e1 disponible en<\/span><span data-contrast=\"auto\">\u00a0<\/span><a href=\"http:\/\/www.uv.mx\/coatza\"><span data-contrast=\"none\">www.uv.mx\/coatza<\/span><\/a><span data-contrast=\"auto\">,\u00a0<\/span><span data-contrast=\"auto\">donde se puede realizar\u00a0<\/span><span data-contrast=\"auto\">la<\/span><span data-contrast=\"auto\">\u00a0inscripci\u00f3n\u00a0<\/span><span data-contrast=\"auto\">a<\/span><span data-contrast=\"auto\">\u00a0cada una de las actividades como:<\/span><span data-contrast=\"auto\">\u00a0clases de salsa<\/span><span data-contrast=\"auto\">\u00a0en nivel b\u00e1sico<\/span><span data-contrast=\"auto\">,<\/span><span data-contrast=\"auto\">\u00a0<\/span><span data-contrast=\"auto\">el 1er. F<\/span><span data-contrast=\"auto\">oro\u00a0<\/span><span data-contrast=\"auto\">de<\/span><span data-contrast=\"auto\">\u00a0<\/span><span data-contrast=\"auto\">A<\/span><span data-contrast=\"auto\">dicciones<\/span><span data-contrast=\"auto\">\u00a0\u201c<\/span><span data-contrast=\"auto\">S\u00ed a una vida saludable<\/span><span data-contrast=\"auto\">\u201d<\/span><span data-contrast=\"auto\">,<\/span><span data-contrast=\"auto\">\u00a0el\u00a0<\/span><span data-contrast=\"auto\">C<\/span><span data-contrast=\"auto\">onversatorio \u201c<\/span><span data-contrast=\"auto\">I<\/span><span data-contrast=\"auto\">mpacto de la corrupci\u00f3n en la atenci\u00f3n d<\/span><span data-contrast=\"auto\">e casos de violencia de g\u00e9nero\u201d,<\/span><span data-contrast=\"auto\">\u00a0<\/span><span data-contrast=\"auto\">torneo de ajedrez<\/span><span data-contrast=\"auto\">,<\/span><span data-contrast=\"auto\">\u00a0<\/span><span data-contrast=\"auto\">activaci\u00f3n\u00a0<\/span><span data-contrast=\"auto\">f\u00edsica<\/span><span data-contrast=\"auto\">,<\/span><span data-contrast=\"auto\">\u00a0<\/span><span data-contrast=\"auto\">la charla\u00a0<\/span><span data-contrast=\"auto\">\u201c<\/span><span data-contrast=\"auto\">S<\/span><span data-contrast=\"auto\">eguridad y paz social en entornos educativos\u201d<\/span><span data-contrast=\"auto\">.<\/span><span data-ccp-props=\"{&quot;201341983&quot;:0,&quot;335559731&quot;:720,&quot;335559739&quot;:160,&quot;335559740&quot;:240}\">\u00a0<\/span><\/p>\n<p><span data-contrast=\"auto\">Asimismo,\u00a0<\/span><span data-contrast=\"auto\">las conferencias:<\/span><span data-contrast=\"auto\">\u00a0\u201c<\/span><span data-contrast=\"auto\">Conato de ince<\/span><span data-contrast=\"auto\">ndio, uso y manejo de extintor\u201d,<\/span><span data-contrast=\"auto\">\u00a0<\/span><span data-contrast=\"auto\">\u201cN<\/span><span data-contrast=\"auto\">uestra huella ecol\u00f3gica: c\u00f3mo medirla y mitigarla\u201d,<\/span><span data-contrast=\"auto\">\u00a0\u201cDelitos cibern\u00e9ticos\u201d<\/span><span data-contrast=\"auto\">,<\/span><span data-contrast=\"auto\">\u00a0\u201c<\/span><span data-contrast=\"auto\">D<\/span><span data-contrast=\"auto\">\u00eda\u00a0<\/span><span data-contrast=\"auto\">M<\/span><span data-contrast=\"auto\">undial de las\u00a0<\/span><span data-contrast=\"auto\">A<\/span><span data-contrast=\"auto\">bejas:\u00a0<\/span><span data-contrast=\"auto\">h<\/span><span data-contrast=\"auto\">\u00e9roes\u00a0<\/span><span data-contrast=\"auto\">invisibles\u201d,<\/span><span data-contrast=\"auto\">\u00a0\u201c<\/span><span data-contrast=\"auto\">Escritores\u00a0<\/span><span data-contrast=\"auto\">minatit<\/span><span data-contrast=\"auto\">l<\/span><span data-contrast=\"auto\">e<\/span><span data-contrast=\"auto\">cos<\/span><span data-contrast=\"auto\">\u201d<\/span><span data-contrast=\"auto\">,<\/span><span data-contrast=\"auto\">\u00a0<\/span><span data-contrast=\"auto\">\u201c<\/span><span data-contrast=\"auto\">Peritajes culturales\u201d.<\/span><span data-ccp-props=\"{&quot;201341983&quot;:0,&quot;335559731&quot;:720,&quot;335559739&quot;:160,&quot;335559740&quot;:240}\">\u00a0<\/span><\/p>\n<p><span data-contrast=\"auto\">Adem\u00e1s, los<\/span><span data-contrast=\"auto\">\u00a0talleres: \u201cAcerc<\/span><span data-contrast=\"auto\">amiento a la teor\u00eda del color\u201d,<\/span><span data-contrast=\"auto\">\u00a0<\/span><span data-contrast=\"auto\">\u201cT\u00e9cnica para combatir el estr\u00e9s ante la situaci\u00f3n de la virtualidad\u201d<\/span><span data-contrast=\"auto\">\u00a0y<\/span><span data-contrast=\"auto\">\u00a0<\/span><span data-contrast=\"auto\">uno\u00a0<\/span><span data-contrast=\"auto\">de yoga<\/span><span data-contrast=\"auto\">, as\u00ed como\u00a0<\/span><span data-contrast=\"auto\">la obra de teatro\u00a0<\/span><i><span data-contrast=\"auto\">R<\/span><\/i><i><span data-contrast=\"auto\">ebeli\u00f3n o la farsa en pedazos<\/span><\/i><span data-contrast=\"auto\">.<\/span><span data-ccp-props=\"{&quot;201341983&quot;:0,&quot;335559731&quot;:720,&quot;335559739&quot;:160,&quot;335559740&quot;:240}\">\u00a0<\/span><\/p>\n<p><span data-ccp-props=\"{&quot;201341983&quot;:0,&quot;335559739&quot;:160,&quot;335559740&quot;:240}\">\u00a0<\/span><\/p>\n<div id=\"attachment_96863\" style=\"width: 732px\" class=\"wp-caption aligncenter\"><a href=\"https:\/\/www.uv.mx\/prensa\/files\/2021\/05\/06052021-CECILIA-Semana2.jpg\"><img loading=\"lazy\" decoding=\"async\" aria-describedby=\"caption-attachment-96863\" class=\"size-full wp-image-96863\" src=\"https:\/\/www.uv.mx\/prensa\/files\/2021\/05\/06052021-CECILIA-Semana2.jpg\" alt=\"\" width=\"722\" height=\"342\" srcset=\"https:\/\/www.uv.mx\/prensa\/files\/2021\/05\/06052021-CECILIA-Semana2.jpg 722w, https:\/\/www.uv.mx\/prensa\/files\/2021\/05\/06052021-CECILIA-Semana2-300x142.jpg 300w\" sizes=\"auto, (max-width: 722px) 100vw, 722px\" \/><\/a><p id=\"caption-attachment-96863\" class=\"wp-caption-text\">Participantes en la rueda de prensa<\/p><\/div>\n","protected":false},"excerpt":{"rendered":"<p>El vicerrector Carlos Lamothe Zavaleta dijo que el objetivo es integrar a la comunidad universitaria con actividades que fomenten la sana convivencia y la responsabilidad social\u00a0<\/p>\n","protected":false},"author":1869,"featured_media":96866,"comment_status":"closed","ping_status":"closed","sticky":false,"template":"","format":"standard","meta":{"footnotes":""},"categories":[52,61,32],"tags":[],"class_list":["post-96862","post","type-post","status-publish","format-standard","has-post-thumbnail","hentry","category-coatzacoalcos","category-banner","category-regiones"],"_links":{"self":[{"href":"https:\/\/www.uv.mx\/prensa\/wp-json\/wp\/v2\/posts\/96862","targetHints":{"allow":["GET"]}}],"collection":[{"href":"https:\/\/www.uv.mx\/prensa\/wp-json\/wp\/v2\/posts"}],"about":[{"href":"https:\/\/www.uv.mx\/prensa\/wp-json\/wp\/v2\/types\/post"}],"author":[{"embeddable":true,"href":"https:\/\/www.uv.mx\/prensa\/wp-json\/wp\/v2\/users\/1869"}],"replies":[{"embeddable":true,"href":"https:\/\/www.uv.mx\/prensa\/wp-json\/wp\/v2\/comments?post=96862"}],"version-history":[{"count":1,"href":"https:\/\/www.uv.mx\/prensa\/wp-json\/wp\/v2\/posts\/96862\/revisions"}],"predecessor-version":[{"id":96865,"href":"https:\/\/www.uv.mx\/prensa\/wp-json\/wp\/v2\/posts\/96862\/revisions\/96865"}],"wp:featuredmedia":[{"embeddable":true,"href":"https:\/\/www.uv.mx\/prensa\/wp-json\/wp\/v2\/media\/96866"}],"wp:attachment":[{"href":"https:\/\/www.uv.mx\/prensa\/wp-json\/wp\/v2\/media?parent=96862"}],"wp:term":[{"taxonomy":"category","embeddable":true,"href":"https:\/\/www.uv.mx\/prensa\/wp-json\/wp\/v2\/categories?post=96862"},{"taxonomy":"post_tag","embeddable":true,"href":"https:\/\/www.uv.mx\/prensa\/wp-json\/wp\/v2\/tags?post=96862"}],"curies":[{"name":"wp","href":"https:\/\/api.w.org\/{rel}","templated":true}]}}