{"id":9641,"date":"2016-04-21T10:29:35","date_gmt":"2016-04-21T15:29:35","guid":{"rendered":"https:\/\/www.uv.mx\/prensa\/?p=9641"},"modified":"2016-04-21T10:32:38","modified_gmt":"2016-04-21T15:32:38","slug":"voto-informado-veracruz-logra-participacion-de-candidatos","status":"publish","type":"post","link":"https:\/\/www.uv.mx\/prensa\/general\/voto-informado-veracruz-logra-participacion-de-candidatos\/","title":{"rendered":"Voto Informado Veracruz logra participaci\u00f3n de candidatos"},"content":{"rendered":"<ul>\n<li><em>Se transmite por Internet y Radio UV<\/em><\/li>\n<li><em>La plataforma, donde se puede ver el programa <\/em>Di\u00e1logos P\u00fablicos Veracruz<em>, est\u00e1 en el sitio <\/em>web<em>: <\/em><a href=\"http:\/\/votoinformadoveracruz.uv.mx\/\"><em>http:\/\/votoinformadoveracruz.uv.mx<\/em><\/a><\/li>\n<li><em>Seis de los siete aspirantes a gobernador han contestado y colocado en la plataforma el cuestionario elaborado <\/em>ex profeso<\/li>\n<\/ul>\n<p>&nbsp;<\/p>\n<p><strong><em>David Sandoval Rodr\u00edguez<\/em><\/strong><\/p>\n<p>&nbsp;<\/p>\n<p>La plataforma Voto Informado Veracruz permite a la sociedad veracruzana conocer de viva voz, al igual que de manera escrita, las propuestas de los candidatos a la gubernatura, ello es posible mediante el programa <em>Di\u00e1logos P\u00fablicos Veracruz<\/em> y el cuestionario que se encuentra en su sitio de Internet: <a href=\"http:\/\/votoinformadoveracruz.uv.mx\/\"><em>http:\/\/votoinformadoveracruz.uv.mx<\/em><\/a><\/p>\n<p>En entrevista para el programa <em>Voz Universitaria<\/em>, Claudio Castro L\u00f3pez, coordinador del Centro de Estudios de Opini\u00f3n y An\u00e1lisis (CEOA) de la Universidad Veracruzana (UV), destac\u00f3 la participaci\u00f3n de seis de los siete candidatos a la gubernatura para contestar el cuestionario que ha sido elaborado por especialistas, tanto de la UV como de la Facultad de Ciencias Pol\u00edticas y Sociales y del Centro de Estudios en Opini\u00f3n P\u00fablica de la Universidad Nacional Aut\u00f3noma de M\u00e9xico (UNAM).<\/p>\n<p>Castro L\u00f3pez anunci\u00f3 que el programa <em>Di\u00e1logos P\u00fablicos Veracruz<\/em> ha transmitido la participaci\u00f3n de Jos\u00e9 Alejandro Bonilla Bonilla, consejero presidente del Organismo P\u00fablico Local Electoral (OPLE), en su primera emisi\u00f3n, el lunes 11 de abril a las 20:00 horas.<\/p>\n<div id=\"attachment_9642\" style=\"width: 310px\" class=\"wp-caption aligncenter\"><a href=\"https:\/\/www.uv.mx\/prensa\/files\/2016\/04\/Voto-Informado-19.jpg\"><img aria-describedby=\"caption-attachment-9642\" decoding=\"async\" loading=\"lazy\" class=\"size-medium wp-image-9642\" src=\"https:\/\/www.uv.mx\/prensa\/files\/2016\/04\/Voto-Informado-19-300x169.jpg\" alt=\"Sitio web de la plataforma Voto Informado 2016\" width=\"300\" height=\"169\" srcset=\"https:\/\/www.uv.mx\/prensa\/files\/2016\/04\/Voto-Informado-19-300x169.jpg 300w, https:\/\/www.uv.mx\/prensa\/files\/2016\/04\/Voto-Informado-19.jpg 640w\" sizes=\"(max-width: 300px) 100vw, 300px\" \/><\/a><p id=\"caption-attachment-9642\" class=\"wp-caption-text\">Sitio web de la plataforma Voto Informado 2016<\/p><\/div>\n<p>A partir de su segunda y tercera emisi\u00f3n, realizadas el jueves 14 y el martes 19 de abril a las 20:00 horas, el programa se transmite por la se\u00f1al de Radio UV, en el 1550 de Amplitud Modulada y el 90.5 de Frecuencia Modulada.<\/p>\n<p>Explic\u00f3 que la plataforma Voto Informado Veracruz se sustenta en tres pilares: un cuestionario que han hecho llegar a los siete candidatos a la gubernatura con diversos temas para conocer sus percepciones. \u201cLo importante es que lo puede contestar tambi\u00e9n un ciudadano o un estudiante, y obtendr\u00e1 una comparaci\u00f3n sobre lo cercano o lejano que est\u00e1 en las percepciones a los candidatos\u201d.<\/p>\n<p>En el instrumento \u201cse hacen preguntas muy concretas como el tema de la corrupci\u00f3n y el ciudadano puede hacer lo propio y lo contrasta con las propuestas de los candidatos\u201d, agreg\u00f3.<\/p>\n<p>El segundo pilar es el programa <em>Di\u00e1logos P\u00fablicos Veracruz<\/em>, donde se permite tener una opini\u00f3n ampliada sobre dichos temas, por ello se ha programado la difusi\u00f3n por Internet de cada participaci\u00f3n.<\/p>\n<p>Participan estudiantes de varias facultades enviando preguntas que se sortean; adem\u00e1s, el cuestionario base que se aplica a los candidatos est\u00e1 elaborado de manera breve y precisa por acad\u00e9micos y especialistas.<\/p>\n<p>\u201cHay un Comit\u00e9 Acad\u00e9mico, un Comit\u00e9 Ciudadano y un Comit\u00e9 Institucional que participaron con ideas para la realizaci\u00f3n de los cuestionarios y que adem\u00e1s formulan preguntas en el programa\u201d, detall\u00f3 el Coordinador del CEOA. \u201cEs un debate virtual, en cierto sentido, de todas estas ideas y se busca que sea horizontal para que todo mundo pueda escuchar y tenga sus propias valoraciones para enriquecer la ciudadan\u00eda, como dice el eslogan de la plataforma, y tener mecanismos de exigencia con nuestros representantes\u201d.<\/p>\n<p>El tercer eje se denomina \u201cIdeas por Veracruz\u201d, donde el participante puede escribir una propuesta de mejora en la educaci\u00f3n, el turismo o exponer su respuesta a los diversos problemas de gesti\u00f3n en la entidad. En esta plataforma tambi\u00e9n es posible valorar y votar las mejores propuestas, apunt\u00f3.<\/p>\n<p>La intenci\u00f3n es hacer llegar al Congreso del Estado y al nuevo gobernador dichas propuestas.<\/p>\n<p>Reconoci\u00f3 que este trabajo es posible gracias a la capacidad de sistematizaci\u00f3n de la Direcci\u00f3n General de Tecnolog\u00eda de Informaci\u00f3n (DGTI) de la UV, as\u00ed como la experiencia de la UNAM. \u201cTodo este trabajo conjunto se ve resuelto en este portal, es una fortaleza a la que hemos incorporado nuestra experiencia, un portal muy digno para los ciudadanos y la comunidad universitaria\u201d, concluy\u00f3.<\/p>\n<p>&nbsp;<\/p>\n<p>&nbsp;<\/p>\n","protected":false},"excerpt":{"rendered":"<p><strong><em> David Sandoval Rodr\u00edguez.-<\/em><\/strong> La plataforma Voto Informado Veracruz permite a la sociedad veracruzana conocer de viva voz, al igual que de manera escrita, las propuestas de los candidatos a la gubernatura, ello es posible mediante el programa Di\u00e1logos P\u00fablicos Veracruz y el cuestionario que se encuentra en su sitio de Internet: http:\/\/votoinformadoveracruz.uv.mx<\/p>\n","protected":false},"author":1809,"featured_media":9643,"comment_status":"closed","ping_status":"closed","sticky":false,"template":"","format":"standard","meta":[],"categories":[1],"tags":[3],"_links":{"self":[{"href":"https:\/\/www.uv.mx\/prensa\/wp-json\/wp\/v2\/posts\/9641"}],"collection":[{"href":"https:\/\/www.uv.mx\/prensa\/wp-json\/wp\/v2\/posts"}],"about":[{"href":"https:\/\/www.uv.mx\/prensa\/wp-json\/wp\/v2\/types\/post"}],"author":[{"embeddable":true,"href":"https:\/\/www.uv.mx\/prensa\/wp-json\/wp\/v2\/users\/1809"}],"replies":[{"embeddable":true,"href":"https:\/\/www.uv.mx\/prensa\/wp-json\/wp\/v2\/comments?post=9641"}],"version-history":[{"count":0,"href":"https:\/\/www.uv.mx\/prensa\/wp-json\/wp\/v2\/posts\/9641\/revisions"}],"wp:featuredmedia":[{"embeddable":true,"href":"https:\/\/www.uv.mx\/prensa\/wp-json\/wp\/v2\/media\/9643"}],"wp:attachment":[{"href":"https:\/\/www.uv.mx\/prensa\/wp-json\/wp\/v2\/media?parent=9641"}],"wp:term":[{"taxonomy":"category","embeddable":true,"href":"https:\/\/www.uv.mx\/prensa\/wp-json\/wp\/v2\/categories?post=9641"},{"taxonomy":"post_tag","embeddable":true,"href":"https:\/\/www.uv.mx\/prensa\/wp-json\/wp\/v2\/tags?post=9641"}],"curies":[{"name":"wp","href":"https:\/\/api.w.org\/{rel}","templated":true}]}}