{"id":96374,"date":"2021-04-29T08:00:42","date_gmt":"2021-04-29T13:00:42","guid":{"rendered":"https:\/\/www.uv.mx\/prensa\/?p=96374"},"modified":"2021-04-29T13:58:46","modified_gmt":"2021-04-29T18:58:46","slug":"eficientar-la-catalisis-imprescindible-para-sanear-cuerpos-acuiferos","status":"publish","type":"post","link":"https:\/\/www.uv.mx\/prensa\/ciencia\/eficientar-la-catalisis-imprescindible-para-sanear-cuerpos-acuiferos\/","title":{"rendered":"Eficientar la cat\u00e1lisis, imprescindible para sanear cuerpos acu\u00edferos"},"content":{"rendered":"<ul>\n<li data-leveltext=\"\uf0b7\" data-font=\"Symbol\" data-listid=\"1\" data-aria-posinset=\"1\" data-aria-level=\"1\"><i><span data-contrast=\"auto\">En torno a ello disert\u00f3\u00a0<\/span><\/i><i><span data-contrast=\"auto\">Mar\u00eda Teresa Leal Ascencio<\/span><\/i><i><span data-contrast=\"auto\">,<\/span><\/i><i><span data-contrast=\"auto\">\u00a0<\/span><\/i><i><span data-contrast=\"auto\">en las Olimpia<\/span><\/i><i><span data-contrast=\"auto\">das Universitarias de la FCQ<\/span><\/i><span data-ccp-props=\"{&quot;134233279&quot;:true}\">\u00a0<\/span><\/li>\n<li data-leveltext=\"\uf0b7\" data-font=\"Symbol\" data-listid=\"1\" data-aria-posinset=\"2\" data-aria-level=\"1\"><i><span data-contrast=\"auto\">La emergencia sanitari<\/span><\/i><i><span data-contrast=\"auto\">a ha obstaculizado, aunque no detenido, los estudios e investigaciones\u00a0<\/span><\/i><i><span data-contrast=\"auto\">pertinentes<\/span><\/i><i><span data-contrast=\"auto\">,\u00a0<\/span><\/i><i><span data-contrast=\"auto\">se\u00f1a\u00f3<\/span><\/i><i><span data-contrast=\"auto\">\u00a0la\u00a0<\/span><\/i><i><span data-contrast=\"auto\">acad\u00e9mica\u00a0<\/span><\/i><span data-ccp-props=\"{&quot;134233279&quot;:true}\">\u00a0<\/span><\/li>\n<\/ul>\n<p><span data-ccp-props=\"{&quot;134233279&quot;:true,&quot;335559685&quot;:720}\">\u00a0<\/span><\/p>\n<div id=\"attachment_96375\" style=\"width: 732px\" class=\"wp-caption aligncenter\"><a href=\"https:\/\/www.uv.mx\/prensa\/files\/2021\/04\/260421-Remediacion-cuerpos-de-agua-1-100k.jpg\"><img loading=\"lazy\" decoding=\"async\" aria-describedby=\"caption-attachment-96375\" class=\"size-full wp-image-96375\" src=\"https:\/\/www.uv.mx\/prensa\/files\/2021\/04\/260421-Remediacion-cuerpos-de-agua-1-100k.jpg\" alt=\"Mar\u00eda Teresa Leal Ascencio durante su exposici\u00f3n en torno de la problem\u00e1tica de degradaci\u00f3n y posibles soluciones en cuerpos acu\u00edferos \" width=\"722\" height=\"414\" srcset=\"https:\/\/www.uv.mx\/prensa\/files\/2021\/04\/260421-Remediacion-cuerpos-de-agua-1-100k.jpg 722w, https:\/\/www.uv.mx\/prensa\/files\/2021\/04\/260421-Remediacion-cuerpos-de-agua-1-100k-300x172.jpg 300w\" sizes=\"auto, (max-width: 722px) 100vw, 722px\" \/><\/a><p id=\"caption-attachment-96375\" class=\"wp-caption-text\">Mar\u00eda Teresa Leal Ascencio durante su exposici\u00f3n en torno de la problem\u00e1tica de degradaci\u00f3n y posibles soluciones en cuerpos acu\u00edferos<\/p><\/div>\n<p>&nbsp;<\/p>\n<p><b><i><span data-contrast=\"auto\">Jorge V\u00e1zquez Pacheco<\/span><\/i><\/b><span data-ccp-props=\"{&quot;134233279&quot;:true,&quot;335559685&quot;:720}\">\u00a0<\/span><\/p>\n<p><b><i><span data-contrast=\"auto\">2<\/span><\/i><\/b><b><i><span data-contrast=\"auto\">9<\/span><\/i><\/b><b><i><span data-contrast=\"auto\">\/<\/span><\/i><\/b><b><i><span data-contrast=\"auto\">0<\/span><\/i><\/b><b><i><span data-contrast=\"auto\">4<\/span><\/i><\/b><b><i><span data-contrast=\"auto\">\/202<\/span><\/i><\/b><b><i><span data-contrast=\"auto\">1<\/span><\/i><\/b><b><i><span data-contrast=\"auto\">,<\/span><\/i><\/b><b><i><span data-contrast=\"auto\">\u00a0<\/span><\/i><\/b><b><i><span data-contrast=\"auto\">Xalapa,\u00a0<\/span><\/i><\/b><b><i><span data-contrast=\"auto\">Ver<\/span><\/i><\/b><b><i><span data-contrast=\"auto\">.<\/span><\/i><\/b><b><span data-contrast=\"auto\">&#8211;<\/span><\/b><span data-contrast=\"auto\">\u00a0<\/span><span data-contrast=\"auto\">En<\/span><span data-contrast=\"auto\">\u00a0las\u00a0<\/span><span data-contrast=\"auto\">Olimpiadas Universitarias de las <a href=\"https:\/\/www.uv.mx\/cq\/\" target=\"_blank\" rel=\"noopener\">Facultades de Ciencias Qu\u00edmicas<\/a><\/span><span data-contrast=\"auto\">\u00a0<\/span><span data-contrast=\"auto\">de la Universidad Veracruzana (UV),\u00a0<\/span><span data-contrast=\"auto\">Mar\u00eda Teresa Leal Ascencio<\/span><span data-contrast=\"auto\">, acad\u00e9mica de la\u00a0<\/span><span data-contrast=\"auto\">Facultad de Ciencias Qu\u00edmicas<\/span><span data-contrast=\"auto\">\u00a0de esta casa de estudios en la regi\u00f3n Xalapa, ofreci\u00f3<\/span><span data-contrast=\"auto\">\u00a0la conferencia \u201cRemediaci\u00f3n de cuerpos de agua\u201d el mediod\u00eda de<\/span><span data-contrast=\"auto\">\u00a0este<\/span><span data-contrast=\"auto\">, v\u00eda plataforma\u00a0<\/span><i><span data-contrast=\"auto\">Facebook<\/span><\/i><span data-contrast=\"auto\">.<\/span><span data-ccp-props=\"{&quot;134233279&quot;:true,&quot;335559685&quot;:720}\">\u00a0<\/span><\/p>\n<p><span data-contrast=\"auto\">El\u00a0<\/span><span data-contrast=\"auto\">trabajo\u00a0<\/span><span data-contrast=\"auto\">de la\u00a0<\/span><span data-contrast=\"auto\">docente apunta hacia\u00a0<\/span><span data-contrast=\"auto\">c<\/span><span data-contrast=\"auto\">ontrol de emisiones a la atm\u00f3sfera<\/span><span data-contrast=\"auto\">,\u00a0<\/span><span data-contrast=\"auto\">b<\/span><span data-contrast=\"auto\">iorremediaci\u00f3n<\/span><span data-contrast=\"auto\">,\u00a0<\/span><span data-contrast=\"auto\">c<\/span><span data-contrast=\"auto\">ontaminaci\u00f3n atmosf\u00e9rica<\/span><span data-contrast=\"auto\">,\u00a0<\/span><span data-contrast=\"auto\">q<\/span><span data-contrast=\"auto\">u\u00edmica ambiental y\u00a0<\/span><span data-contrast=\"auto\">d<\/span><span data-contrast=\"auto\">iagn\u00f3stico del agua<\/span><span data-contrast=\"auto\">. Su\u00a0<\/span><span data-contrast=\"auto\">exposici\u00f3n\u00a0<\/span><span data-contrast=\"auto\">gir\u00f3\u00a0<\/span><span data-contrast=\"auto\">en torno de una problem\u00e1tica que debe ser preocupante para todos: la contaminaci\u00f3n del\u00a0<\/span><span data-contrast=\"auto\">agua<\/span><span data-contrast=\"auto\">\u00a0y la b\u00fas<\/span><span data-contrast=\"auto\">queda de un saneamiento eficaz.<\/span><span data-ccp-props=\"{&quot;134233279&quot;:true,&quot;335559685&quot;:720,&quot;335559731&quot;:708}\">\u00a0<\/span><\/p>\n<p><span data-contrast=\"auto\">No\u00a0<\/span><span data-contrast=\"auto\">hay<\/span><span data-contrast=\"auto\">\u00a0duda de que el medio ambiente es el tema de mayor consideraci\u00f3n a nivel mundial, de\u00a0<\/span><span data-contrast=\"auto\">ah\u00ed\u00a0<\/span><span data-contrast=\"auto\">deriva la preocupaci\u00f3n por el desarrollo de nuevas estrategias de control, prevenci\u00f3n y mitigaci\u00f3n de elementos contaminantes.\u00a0<\/span><span data-contrast=\"auto\">En el mismo contexto y\u00a0<\/span><span data-contrast=\"auto\">al tratarse del agua, lo relacionado con la cat\u00e1lisis se encamina invariablemente hacia la generaci\u00f3n de procesos m\u00e1s eficientes y sostenibles, coment\u00f3\u00a0<\/span><span data-contrast=\"auto\">Leal Ascencio<\/span><span data-contrast=\"auto\">.<\/span><span data-ccp-props=\"{&quot;134233279&quot;:true,&quot;335559685&quot;:720,&quot;335559731&quot;:708}\">\u00a0<\/span><\/p>\n<p><span data-contrast=\"auto\">Todo ello se correlaciona con la producci\u00f3n de energ\u00eda y la petroqu\u00edmica, abonos y agroqu\u00edmicos, tratamiento de residuos y contaminantes, pol\u00edmeros, detergentes\u00a0<\/span><span data-contrast=\"auto\">y f\u00e1rmacos, entre muchos otros.<\/span><span data-ccp-props=\"{&quot;134233279&quot;:true,&quot;335559685&quot;:720,&quot;335559731&quot;:708}\">\u00a0<\/span><\/p>\n<p><span data-contrast=\"auto\">La acad\u00e9mica e<\/span><span data-contrast=\"auto\">xplic\u00f3 que la\u00a0<\/span><span data-contrast=\"auto\">cat\u00e1lisis<\/span><span data-contrast=\"auto\">\u00a0es el fen\u00f3meno en el cual la velocidad de una reacci\u00f3n qu\u00edmica puede ser modificada por la presencia de un material denominado \u201ccatalizador\u201d. En este sentido, incrementa la velocidad con la que la sustancia alcanza su equilibrio sin consumirse en esta reacci\u00f3n y \u00fanicamente modifica la cin\u00e9tica de reacciones termodin\u00e1micamente posibles.<\/span><\/p>\n<div id=\"attachment_96376\" style=\"width: 732px\" class=\"wp-caption aligncenter\"><a href=\"https:\/\/www.uv.mx\/prensa\/files\/2021\/04\/260421-Remediacion-cuerpos-de-agua-2-100k.jpg\"><img loading=\"lazy\" decoding=\"async\" aria-describedby=\"caption-attachment-96376\" class=\"size-full wp-image-96376\" src=\"https:\/\/www.uv.mx\/prensa\/files\/2021\/04\/260421-Remediacion-cuerpos-de-agua-2-100k.jpg\" alt=\"Descripci\u00f3n gr\u00e1fica de uno de los procedimientos para preparaci\u00f3n de soporte \" width=\"722\" height=\"546\" srcset=\"https:\/\/www.uv.mx\/prensa\/files\/2021\/04\/260421-Remediacion-cuerpos-de-agua-2-100k.jpg 722w, https:\/\/www.uv.mx\/prensa\/files\/2021\/04\/260421-Remediacion-cuerpos-de-agua-2-100k-300x227.jpg 300w\" sizes=\"auto, (max-width: 722px) 100vw, 722px\" \/><\/a><p id=\"caption-attachment-96376\" class=\"wp-caption-text\">Descripci\u00f3n gr\u00e1fica de uno de los procedimientos para preparaci\u00f3n de soporte<\/p><\/div>\n<p><span data-contrast=\"auto\">Existe una enorme variedad de sustancias\u00a0<\/span><span data-contrast=\"auto\">dif\u00edcilmente biodegradables y\u00a0<\/span><span data-contrast=\"auto\">poco\u00a0<\/span><span data-contrast=\"auto\">solubles\u00a0<\/span><span data-contrast=\"auto\">en el\u00a0<\/span><span data-contrast=\"auto\">agua, como los\u00a0clorofenoles\u00a0empleados\u00a0<\/span><span data-contrast=\"auto\">para generar\u00a0<\/span><span data-contrast=\"auto\">pesticidas e insecticidas,\u00a0<\/span><span data-contrast=\"auto\">los\u00a0<\/span><span data-contrast=\"auto\">procesos\u00a0<\/span><span data-contrast=\"auto\">propios\u00a0<\/span><span data-contrast=\"auto\">de industria papelera y\u00a0<\/span><span data-contrast=\"auto\">la producci\u00f3n de\u00a0<\/span><span data-contrast=\"auto\">pl\u00e1sticos. As\u00ed, los sistemas alterados por agentes externos y desviados de la situaci\u00f3n de equilibrio, se ven obligados a modificar su comportamiento para minimizar la<\/span><span data-contrast=\"auto\">\u00a0tensi\u00f3n a que son sometidos.<\/span><span data-ccp-props=\"{&quot;134233279&quot;:true,&quot;335559685&quot;:720,&quot;335559731&quot;:708}\">\u00a0<\/span><\/p>\n<p><span data-contrast=\"auto\">Por cierto, los\u00a0<\/span><span data-contrast=\"auto\">clorofenoles\u00a0son neurot\u00f3xicos, a<\/span><span data-contrast=\"auto\">fectan los sistemas neurol\u00f3gico<\/span><span data-contrast=\"auto\">, nervioso y reproductivo y son precursores de c\u00e1ncer en el ser humano.<\/span><span data-ccp-props=\"{&quot;134233279&quot;:true,&quot;335559685&quot;:720,&quot;335559731&quot;:708}\">\u00a0<\/span><\/p>\n<p><span data-contrast=\"auto\">Conside<\/span><span data-contrast=\"auto\">r\u00f3 tambi\u00e9n la nocividad de los c<\/span><span data-contrast=\"auto\">ompuestos\u00a0<\/span><span data-contrast=\"auto\">o<\/span><span data-contrast=\"auto\">rg\u00e1nicos\u00a0<\/span><span data-contrast=\"auto\">v<\/span><span data-contrast=\"auto\">ol\u00e1tiles (COV) liberados por la quema de combustibles como madera, gasolina, carb\u00f3n o gas natural, antes de pasar a la valorizaci\u00f3n del\u00a0<\/span><span data-contrast=\"auto\">di\u00f3xido de carbono<\/span><span data-contrast=\"auto\">\u00a0como uno de los elementos m\u00e1s importantes en la generaci\u00f3n del efecto invernadero.<\/span><span data-ccp-props=\"{&quot;134233279&quot;:true,&quot;335559685&quot;:720,&quot;335559731&quot;:708}\">\u00a0<\/span><\/p>\n<p><span data-contrast=\"auto\">Al\u00a0<\/span><span data-contrast=\"auto\">referirse a\u00a0<\/span><span data-contrast=\"auto\">los objetivos de la investigaci\u00f3n que se lleva a\u00a0<\/span><span data-contrast=\"auto\">cabo<\/span><span data-contrast=\"auto\">\u00a0<\/span><span data-contrast=\"auto\">a<\/span><span data-contrast=\"auto\">l interior de la\u00a0<\/span><span data-contrast=\"auto\">UV<\/span><span data-contrast=\"auto\">, uno de ellos es\u00a0<\/span><span data-contrast=\"auto\">la generaci\u00f3n de catalizadores activos y selectivos en la reacci\u00f3n de la degradaci\u00f3n\u00a0fotocatal\u00edtica\u00a0del fenol y 4-clorofenol<\/span><span data-contrast=\"auto\">, combusti\u00f3n de\u00a0<\/span><i><span data-contrast=\"auto\">n<\/span><\/i><span data-contrast=\"auto\">&#8211;<\/span><span data-contrast=\"auto\">hexano y\u00a0metanaci\u00f3n\u00a0de<\/span><span data-contrast=\"auto\">l<\/span><span data-contrast=\"auto\">\u00a0CO2.\u00a0<\/span><span data-contrast=\"auto\">Subray\u00f3 que \u201ce<\/span><span data-contrast=\"auto\">s necesario<\/span><span data-contrast=\"auto\">\u00a0<\/span><span data-contrast=\"auto\">generar conocimiento, apoyar la formaci\u00f3n de recursos humanos y propiciar la consolidaci\u00f3n de grupos de investigaci\u00f3n y cuerpos acad\u00e9micos<\/span><span data-contrast=\"auto\">\u201d<\/span><span data-contrast=\"auto\">.<\/span><span data-ccp-props=\"{&quot;134233279&quot;:true,&quot;335559685&quot;:720,&quot;335559731&quot;:708}\">\u00a0<\/span><\/p>\n<p><span data-contrast=\"auto\">D<\/span><span data-contrast=\"auto\">etall\u00f3 algunos procedimientos bastante complejos para\u00a0<\/span><span data-contrast=\"auto\">quienes poco nos relacionamos\u00a0<\/span><span data-contrast=\"auto\">con\u00a0<\/span><span data-contrast=\"auto\">los\u00a0<\/span><span data-contrast=\"auto\">procesos qu\u00edmicos inherentes. Por cierto, remarc\u00f3 que, pese a que los efectos de la pandemia han obstaculizado muchos de los estudios que ella y sus colaboradores llevan a efecto, no cejan en su empe\u00f1o en la b\u00fasqueda de soluciones a la mano, como la degradaci\u00f3n catal\u00edtica de fenol asistida por luz solar, la funcionalizaci\u00f3n de soportes y la combusti\u00f3n de\u00a0<\/span><i><span data-contrast=\"auto\">n<\/span><\/i><span data-contrast=\"auto\">-hexano.<\/span><span data-contrast=\"auto\">\u00a0<\/span><span data-contrast=\"auto\">Y que n<\/span><span data-contrast=\"auto\">o son pocos los directamente involucrados en esta tarea.\u00a0<\/span><span data-ccp-props=\"{&quot;134233279&quot;:true,&quot;335559685&quot;:720,&quot;335559731&quot;:708}\">\u00a0<\/span><\/p>\n","protected":false},"excerpt":{"rendered":"<p>El trabajo de Mar\u00eda Teresa Leal Ascencio apunta hacia control de emisiones a la atm\u00f3sfera, biorremediaci\u00f3n, contaminaci\u00f3n atmosf\u00e9rica, qu\u00edmica ambiental y diagn\u00f3stico del agua. <\/p>\n","protected":false},"author":1775,"featured_media":96375,"comment_status":"closed","ping_status":"closed","sticky":false,"template":"","format":"standard","meta":{"footnotes":""},"categories":[45],"tags":[523,591,198,2615,2616,2614,1899,2617],"class_list":["post-96374","post","type-post","status-publish","format-standard","has-post-thumbnail","hentry","category-ciencia","tag-academica","tag-conferencia","tag-facultad-de-ciencias-quimicas","tag-facultades-de-ciencias-quimicas","tag-maria-teresa-leal-ascencio","tag-olimpiadas-universitarias","tag-region-xalapa","tag-remediacion-de-cuerpos-de-agua"],"_links":{"self":[{"href":"https:\/\/www.uv.mx\/prensa\/wp-json\/wp\/v2\/posts\/96374","targetHints":{"allow":["GET"]}}],"collection":[{"href":"https:\/\/www.uv.mx\/prensa\/wp-json\/wp\/v2\/posts"}],"about":[{"href":"https:\/\/www.uv.mx\/prensa\/wp-json\/wp\/v2\/types\/post"}],"author":[{"embeddable":true,"href":"https:\/\/www.uv.mx\/prensa\/wp-json\/wp\/v2\/users\/1775"}],"replies":[{"embeddable":true,"href":"https:\/\/www.uv.mx\/prensa\/wp-json\/wp\/v2\/comments?post=96374"}],"version-history":[{"count":1,"href":"https:\/\/www.uv.mx\/prensa\/wp-json\/wp\/v2\/posts\/96374\/revisions"}],"predecessor-version":[{"id":96396,"href":"https:\/\/www.uv.mx\/prensa\/wp-json\/wp\/v2\/posts\/96374\/revisions\/96396"}],"wp:featuredmedia":[{"embeddable":true,"href":"https:\/\/www.uv.mx\/prensa\/wp-json\/wp\/v2\/media\/96375"}],"wp:attachment":[{"href":"https:\/\/www.uv.mx\/prensa\/wp-json\/wp\/v2\/media?parent=96374"}],"wp:term":[{"taxonomy":"category","embeddable":true,"href":"https:\/\/www.uv.mx\/prensa\/wp-json\/wp\/v2\/categories?post=96374"},{"taxonomy":"post_tag","embeddable":true,"href":"https:\/\/www.uv.mx\/prensa\/wp-json\/wp\/v2\/tags?post=96374"}],"curies":[{"name":"wp","href":"https:\/\/api.w.org\/{rel}","templated":true}]}}